{"id":65446,"date":"2017-07-06T12:30:29","date_gmt":"2017-07-06T09:30:29","guid":{"rendered":"https:\/\/www.enerjigazetesi.ist\/?p=65446"},"modified":"2017-07-06T12:30:29","modified_gmt":"2017-07-06T09:30:29","slug":"yesillenen-oteller-turistlerden-tam-not-aliyor","status":"publish","type":"post","link":"https:\/\/www.enerjigazetesi.ist\/en\/yesillenen-oteller-turistlerden-tam-not-aliyor\/","title":{"rendered":"(Turkish) \u2018Ye\u015fillenen Oteller\u2019 Turistlerden Tam Not Al\u0131yor"},"content":{"rendered":"<p class=\"qtranxs-available-languages-message qtranxs-available-languages-message-en\">Sorry, this entry is only available in <a href=\"https:\/\/www.enerjigazetesi.ist\/tr\/wp-json\/wp\/v2\/posts\/65446\" class=\"qtranxs-available-language-link qtranxs-available-language-link-tr\" title=\"Turkish\">Turkish<\/a>. For the sake of viewer convenience, the content is shown below in the alternative language. You may click the link to switch the active language.<\/p><p><\/p>\n<h3>\u00c7a\u011flar boyu medeniyetlere ev sahipli\u011fi yapan, d\u00fcnyan\u0131n en \u00f6nemli k\u00fclt\u00fcr ve turizm merkezleri aras\u0131nda yer alan \u00fclkemize ilgi her ge\u00e7en g\u00fcn art\u0131yor. Birle\u015fmi\u015f Milletlerin \u2018\u2019Kalk\u0131nma \u0130\u00e7in Uluslararas\u0131 S\u00fcrd\u00fcr\u00fclebilir Turizm Y\u0131l\u0131\u201d olarak ilan etti\u011fi bu y\u0131l; ye\u015fillenen oteller ile turistlerden tam not alan T\u00fcrkiye, turizmde s\u00fcrd\u00fcr\u00fclebilirli\u011fi hedefliyor.<\/h3>\n<p>D\u00fcnyadaki uluslararas\u0131 ihracat\u0131n y\u00fczde 7\u2019sini ger\u00e7ekle\u015ftiren, d\u00fcnyadaki toplam istihdam\u0131n onbirde birini sa\u011flayan ve d\u00fcnya \u00fclkelerinin GSY\u0130H rakamlar\u0131n\u0131n i\u00e7<a href=\"https:\/\/www.enerjigazetesi.ist\/wp-content\/uploads\/2017\/07\/yesillenen-oteller-turistlerden-tam-not-aliyor.jpg\"><img loading=\"lazy\" class=\"alignleft size-medium wp-image-65447\" src=\"https:\/\/www.enerjigazetesi.ist\/wp-content\/uploads\/2017\/07\/yesillenen-oteller-turistlerden-tam-not-aliyor-300x223.jpg\" alt=\"yesillenen-oteller-turistlerden-tam-not-aliyor\" width=\"300\" height=\"223\" srcset=\"https:\/\/www.enerjigazetesi.ist\/wp-content\/uploads\/2017\/07\/yesillenen-oteller-turistlerden-tam-not-aliyor-300x223.jpg 300w, https:\/\/www.enerjigazetesi.ist\/wp-content\/uploads\/2017\/07\/yesillenen-oteller-turistlerden-tam-not-aliyor-500x372.jpg 500w, https:\/\/www.enerjigazetesi.ist\/wp-content\/uploads\/2017\/07\/yesillenen-oteller-turistlerden-tam-not-aliyor-67x50.jpg 67w, https:\/\/www.enerjigazetesi.ist\/wp-content\/uploads\/2017\/07\/yesillenen-oteller-turistlerden-tam-not-aliyor.jpg 684w\" sizes=\"(max-width: 300px) 100vw, 300px\" \/><\/a>inde y\u00fczde 10\u2019luk pay sahibi olan turizm sekt\u00f6r\u00fcn\u00fcn, s\u00fcrd\u00fcr\u00fclebilir kalk\u0131nma hedeflerine katk\u0131s\u0131na dikkat \u00e7eken Birle\u015fmi\u015f Milletler; 2017\u2019yi, \u2018\u2019Kalk\u0131nma \u0130\u00e7in Uluslararas\u0131 S\u00fcrd\u00fcr\u00fclebilir Turizm Y\u0131l\u0131\u201d olarak ilan etti.<\/p>\n<p>Turizm sekt\u00f6r\u00fcn\u00fcn iyi y\u00f6netilmesinin T\u00fcrkiye\u2019de, ekonomik b\u00fcy\u00fcme sa\u011flayaca\u011f\u0131na, sosyal geli\u015fime katk\u0131 sa\u011flayaca\u011f\u0131na, k\u00fclt\u00fcrel ve do\u011fal varl\u0131klar\u0131n korunaca\u011f\u0131na dikkat \u00e7eken <strong>TUROB<\/strong> ve <strong>S\u00fcrd\u00fcr\u00fclebilirlik Akademisi,<\/strong> \u201cYe\u015fillenen Oteller\u201d projesi ile \u00f6nemli bir \u00e7al\u0131\u015fma ba\u015flatt\u0131. Konaklama tesislerinin ye\u015fil olmas\u0131 ile ilgili belgelendirme projesi olan <strong>\u201cYe\u015fillenen Oteller (Greening Hotels) Projesi\u201d TUROB ve S\u00fcrd\u00fcr\u00fclebilirlik Akademisi <\/strong>i\u015fbirli\u011fi ile hayata ge\u00e7irildi.<\/p>\n<p><strong>\u201cYe\u015fillenen Oteller T\u00fcrkiye \u0130\u00e7in Bir Kalk\u0131nma Projesidir\u201d<\/strong><\/p>\n<p>TUROB Y\u00f6netim Kurulu \u00dcyesi ve Greeninghotels Proje Sorumlusu Levent Erdo\u011fan, <strong>Ye\u015fillenen Oteller <\/strong>projesi i\u00e7in \u015f\u00f6yle konu\u015ftu: \u201c<i>S\u00fcrd\u00fcr\u00fclebilir turizmin devaml\u0131l\u0131\u011f\u0131 ad\u0131na do\u011faya sayg\u0131l\u0131, \u00e7evreci ve bilin\u00e7li t\u00fcketim sa\u011flamam\u0131z\u0131 \u00f6ng\u00f6ren b\u00f6yle bir proje kapsam\u0131nda yer almak oteller a\u00e7\u0131s\u0131ndan b\u00fcy\u00fck \u00f6nem ta\u015f\u0131maktad\u0131r. Ye\u015fillenen Oteller (Greening Hotels) Projesi, turizm sekt\u00f6r\u00fcn\u00fcn s\u00fcrd\u00fcr\u00fclebilir \u00e7evre konusunda fark\u0131ndal\u0131\u011f\u0131n\u0131 ve konaklama tesislerinin \u00e7evre duyarl\u0131l\u0131\u011f\u0131n\u0131 art\u0131rmay\u0131 hedefliyor. Ye\u015fillenen Oteller (Greening Hotels) Belgesi sahibi olmaya aday tesisler; Enerji Y\u00f6netimi, Su Y\u00f6netimi, \u0130\u00e7 Hava Kalitesinin Art\u0131r\u0131lmas\u0131, At\u0131k Azalt\u0131m\u0131 ve Geri D\u00f6n\u00fc\u015f\u00fcm alanlar\u0131nda de\u011ferlendiriliyor. De\u011ferlendirmeden ba\u015far\u0131yla ge\u00e7en turizm tesisleri Bronz, G\u00fcm\u00fc\u015f ve Alt\u0131n \u2018Ye\u015fillenen Oteller\u2019 Belgesi almaya hak kazan\u0131yor. S\u00fcrd\u00fcr\u00fclebilirlik Akademisi, yapt\u0131\u011f\u0131 t\u00fcm \u00e7al\u0131\u015fmalarda oldu\u011fu gibi bu projede de, \u00c7evreye Duyarl\u0131 Konaklama Tesisleri\u2019nin say\u0131s\u0131n\u0131n art\u0131r\u0131lmas\u0131n\u0131; konaklama tesislerinin daha ye\u015fil olmas\u0131 konusunda bilin\u00e7lendirilmesi ile ilgili kamu kurulu\u015flar\u0131, sekt\u00f6r dernekleri ve \u00f6zel sekt\u00f6r kurulu\u015flar\u0131yla i\u015fbirlikleri yapmay\u0131 hedefliyor.\u201d<\/i><\/p>\n<p>Bug\u00fcn sekt\u00f6rde rekabet g\u00fcc\u00fcn\u00fcn y\u00fckselmesinin en \u00f6nemli yolunun turizm sekt\u00f6r\u00fcn\u00fcn s\u00fcrd\u00fcr\u00fclebilir turizm ilkeleriyle hareket etmesinden ge\u00e7ti\u011fi bilinciyle; s\u00fcrd\u00fcr\u00fclebilir turizmin geli\u015fmesine \u00f6nemli katk\u0131lar sa\u011flayan Ye\u015fillenen Oteller (Greening Hotels) Projesi, \u00e7evreye duyarl\u0131 t\u00fcketici say\u0131s\u0131n\u0131 da art\u0131rarak, tesisleri daha ye\u015fil olmaya te\u015fvik ediyor.<\/p>","protected":false},"excerpt":{"rendered":"<p>Sorry, this entry is only available in Turkish. For the sake of viewer convenience, the content is shown below in the alternative language. You may click the link to switch the active language. \u00c7a\u011flar boyu medeniyetlere ev sahipli\u011fi yapan, d\u00fcnyan\u0131n en \u00f6nemli k\u00fclt\u00fcr ve turizm merkezleri aras\u0131nda yer alan \u00fclkemize ilgi her ge\u00e7en g\u00fcn art\u0131yor. [&hellip;]<\/p>\n","protected":false},"author":1,"featured_media":65447,"comment_status":"open","ping_status":"open","sticky":false,"template":"","format":"standard","meta":[],"categories":[53,52],"tags":[63,67,1009,2698,165,34525,34524,34522,34523],"views":1293,"_links":{"self":[{"href":"https:\/\/www.enerjigazetesi.ist\/en\/wp-json\/wp\/v2\/posts\/65446"}],"collection":[{"href":"https:\/\/www.enerjigazetesi.ist\/en\/wp-json\/wp\/v2\/posts"}],"about":[{"href":"https:\/\/www.enerjigazetesi.ist\/en\/wp-json\/wp\/v2\/types\/post"}],"author":[{"embeddable":true,"href":"https:\/\/www.enerjigazetesi.ist\/en\/wp-json\/wp\/v2\/users\/1"}],"replies":[{"embeddable":true,"href":"https:\/\/www.enerjigazetesi.ist\/en\/wp-json\/wp\/v2\/comments?post=65446"}],"version-history":[{"count":1,"href":"https:\/\/www.enerjigazetesi.ist\/en\/wp-json\/wp\/v2\/posts\/65446\/revisions"}],"predecessor-version":[{"id":65448,"href":"https:\/\/www.enerjigazetesi.ist\/en\/wp-json\/wp\/v2\/posts\/65446\/revisions\/65448"}],"wp:featuredmedia":[{"embeddable":true,"href":"https:\/\/www.enerjigazetesi.ist\/en\/wp-json\/wp\/v2\/media\/65447"}],"wp:attachment":[{"href":"https:\/\/www.enerjigazetesi.ist\/en\/wp-json\/wp\/v2\/media?parent=65446"}],"wp:term":[{"taxonomy":"category","embeddable":true,"href":"https:\/\/www.enerjigazetesi.ist\/en\/wp-json\/wp\/v2\/categories?post=65446"},{"taxonomy":"post_tag","embeddable":true,"href":"https:\/\/www.enerjigazetesi.ist\/en\/wp-json\/wp\/v2\/tags?post=65446"}],"curies":[{"name":"wp","href":"https:\/\/api.w.org\/{rel}","templated":true}]}}