{"id":65439,"date":"2017-07-06T12:11:57","date_gmt":"2017-07-06T09:11:57","guid":{"rendered":"https:\/\/www.enerjigazetesi.ist\/?p=65439"},"modified":"2017-07-06T12:12:22","modified_gmt":"2017-07-06T09:12:22","slug":"powergieye-aktif-banktan-gunes-enerjisi-alaninda-en-buyuk-kredi-verildi","status":"publish","type":"post","link":"https:\/\/www.enerjigazetesi.ist\/en\/powergieye-aktif-banktan-gunes-enerjisi-alaninda-en-buyuk-kredi-verildi\/","title":{"rendered":"(Turkish) Powergie&#8217;ye, Aktif Bank\u2019tan G\u00fcne\u015f Enerjisi Alan\u0131nda En B\u00fcy\u00fck Kredisi Verildi"},"content":{"rendered":"<p class=\"qtranxs-available-languages-message qtranxs-available-languages-message-en\">Sorry, this entry is only available in <a href=\"https:\/\/www.enerjigazetesi.ist\/tr\/wp-json\/wp\/v2\/posts\/65439\" class=\"qtranxs-available-language-link qtranxs-available-language-link-tr\" title=\"Turkish\">Turkish<\/a>. For the sake of viewer convenience, the content is shown below in the alternative language. You may click the link to switch the active language.<\/p><p><strong>T\u00fcrkiye\u2019nin enerji \u00e7\u00f6z\u00fcmleri markas\u0131 Tun\u00e7matik\u2019in alternatif enerjiler alan\u0131ndaki \u015firketi Powergie, Aktif Bank\u2019tan, g\u00fcne\u015f enerjisi alan\u0131nda T\u00fcrkiye\u2019nin en b\u00fcy\u00fck kredisini ald\u0131. 73 milyon dolarl\u0131k yat\u0131r\u0131m projesi, 6 ay gibi k\u0131sa s\u00fcrede elektrik \u00fcretmeye ba\u015flayacak. U\u015fak, K\u00fctahya, Mu\u011fla, Afyon, Karaman, Elaz\u0131\u011f, Ankara ve Mersin\u2019de kurulacak g\u00fcne\u015f santralleri ile y\u0131lda yakla\u015f\u0131k 123 milyon kWh elektrik enerjisi \u00fcretilecek. Bu rakam, yakla\u015f\u0131k 41 bin hanenin bir y\u0131ll\u0131k enerji kullan\u0131m\u0131na denk geliyor. S\u00f6z konusu g\u00fcne\u015f yat\u0131r\u0131m\u0131 y\u0131lda 58 milyon TL\u2019lik ekonomik de\u011fer \u00fcretecek. Tun\u00e7matik bu projesiyle y\u0131lda 63 bin ton karbon sal\u0131n\u0131m\u0131n\u0131 engellerken, 3 bin ki\u015fiye de ge\u00e7ici istihdam sa\u011flayacak.<\/strong><\/p>\n<p>T\u00fcrkiye\u2019de g\u00fcne\u015f enerjisinde tek bir \u015firket \u00e7at\u0131s\u0131 alt\u0131nda bug\u00fcne kadarki en b\u00fcy\u00fck yat\u0131r\u0131m kredisini alan <strong>Tun\u00e7matik<\/strong>, Powergie markas\u0131yla <strong>73<\/strong> milyon dolarl\u0131k yat\u0131r\u0131m projesini <strong>6 ay i\u00e7erisinde<\/strong> elektri\u011fe d\u00f6n\u00fc\u015ft\u00fcrecek.<\/p>\n<p><strong>U\u015fak<\/strong>, <strong>Elaz\u0131\u011f<\/strong>, <strong>Ankara,<a href=\"https:\/\/www.enerjigazetesi.ist\/wp-content\/uploads\/2017\/07\/powergieye-aktif-banktan-gunes-enerjisi-alaninda-en-buyuk-kredi-verildi.jpg\"><img loading=\"lazy\" class=\"alignleft size-medium wp-image-65440\" src=\"https:\/\/www.enerjigazetesi.ist\/wp-content\/uploads\/2017\/07\/powergieye-aktif-banktan-gunes-enerjisi-alaninda-en-buyuk-kredi-verildi-300x194.jpg\" alt=\"powergieye-aktif-banktan-gunes-enerjisi-alaninda-en-buyuk-kredi-verildi\" width=\"300\" height=\"194\" srcset=\"https:\/\/www.enerjigazetesi.ist\/wp-content\/uploads\/2017\/07\/powergieye-aktif-banktan-gunes-enerjisi-alaninda-en-buyuk-kredi-verildi-300x194.jpg 300w, https:\/\/www.enerjigazetesi.ist\/wp-content\/uploads\/2017\/07\/powergieye-aktif-banktan-gunes-enerjisi-alaninda-en-buyuk-kredi-verildi-500x323.jpg 500w, https:\/\/www.enerjigazetesi.ist\/wp-content\/uploads\/2017\/07\/powergieye-aktif-banktan-gunes-enerjisi-alaninda-en-buyuk-kredi-verildi-77x50.jpg 77w, https:\/\/www.enerjigazetesi.ist\/wp-content\/uploads\/2017\/07\/powergieye-aktif-banktan-gunes-enerjisi-alaninda-en-buyuk-kredi-verildi.jpg 652w\" sizes=\"(max-width: 300px) 100vw, 300px\" \/><\/a> K\u00fctahya, Mu\u011fla,<\/strong> <strong>Karaman<\/strong>, <strong>Afyon<\/strong> ve <strong>Mersin<\/strong>\u2019de kurulacak santraller, <strong>2017 sonunda<\/strong> g\u00fcne\u015f enerjisinden elektrik \u00fcretmeye ba\u015flayacak. G\u00fcne\u015f enerjisinin, gelece\u011fin enerji kayna\u011f\u0131 oldu\u011funu belirten Tun\u00e7matik Y\u00f6netim Kurulu Ba\u015fkan\u0131 <strong>Mehmet \u00d6zer<\/strong>, \u201c\u00c7evreci ve cari a\u00e7\u0131k dostu olan g\u00fcne\u015f enerjisi, d\u0131\u015fa ba\u011f\u0131ml\u0131 enerji kaynaklar\u0131yla yap\u0131lan elektrik \u00fcretimi ile k\u0131yasland\u0131\u011f\u0131nda milli bir enerji. G\u00fcne\u015f enerjisine yap\u0131lacak her yat\u0131r\u0131m enerji yak\u0131t ithalat\u0131n\u0131 d\u00fc\u015f\u00fcr\u00fcr, i\u015fte bu y\u00fczden g\u00fcne\u015f, cari a\u00e7\u0131k dostudur. T\u00fcrkiye, g\u00fcne\u015f enerjisi konusunda \u00f6nemli bir potansiyele sahip. Amac\u0131m\u0131z bu potansiyeli en iyi \u015fekilde de\u011ferlendirmek. T\u00fcrkiye ekonomisine duydu\u011fumuz g\u00fcvenle, g\u00fcne\u015f enerjisi alan\u0131ndaki yat\u0131r\u0131mlar\u0131m\u0131za devam edece\u011fiz. Bu yat\u0131r\u0131mdan 6 ay i\u00e7inde elektrik elde edece\u011fiz ve g\u00fcne\u015f enerjisi d\u0131\u015f\u0131nda hi\u00e7 bir elektrik \u00fcretim tesisini bu kadar s\u00fcrede aya\u011fa kald\u0131rmak m\u00fcmk\u00fcn de\u011fil.\u201d dedi.<\/p>\n<p>Tun\u00e7matik-Powergie yat\u0131r\u0131mlar\u0131 i\u00e7in kredi deste\u011fi sa\u011flayan Aktif Bank Genel M\u00fcd\u00fcr\u00fc <strong>Dr. Serdar S\u00fcmer <\/strong>ise; T\u00fcrkiye\u2019nin en b\u00fcy\u00fck \u00f6zel sermayeli yat\u0131r\u0131m bankas\u0131 Aktif Bank olarak, farkl\u0131 sekt\u00f6rlere yeni ve hi\u00e7 denenmeyen finansman modelleri sunuyor, \u00e7\u00f6z\u00fcmler \u00fcretiyoruz. Bu do\u011frultuda g\u00fcne\u015f enerjisi santralleri, EPCF hizmetleri ve proje yat\u0131r\u0131mlar\u0131n\u0131 2017 y\u0131l\u0131n\u0131n stratejik yat\u0131r\u0131m alanlar\u0131ndan biri olarak belirledik. Yenilenebilir enerji alan\u0131nda \u00f6zellikle g\u00fcne\u015f enerjisi santralleri, in\u015faat, tedarik ve proje finansman\u0131 konusunda model \u00e7al\u0131\u015fmalar \u00fcretiyoruz. Bu alanda hem \u00fcstlenici hem de yat\u0131r\u0131mc\u0131 konumunda olaca\u011f\u0131z. Bug\u00fcn, T\u00fcrkiye\u2019nin en h\u0131zl\u0131 b\u00fcy\u00fcyen 50 teknoloji \u015firketi aras\u0131nda yer alan Tun\u00e7matik ve yan kurulu\u015fu Powergie ile imzalanan 73 milyon dolarl\u0131k proje finansman\u0131 anla\u015fmas\u0131yla; 70 MW\u2019\u0131n \u00fczerinde g\u00fcne\u015f enerjisi santrali hayata ge\u00e7mi\u015f olacak. Bu \u00e7er\u00e7evede, Aktif Bank olarak toplamda 250 milyon dolar yat\u0131r\u0131mla 250 MW kapasiteli GES projesini hayata ge\u00e7irece\u011fiz. Bu i\u015fbirli\u011fimiz ile Tun\u00e7matik\u2019e sa\u011flad\u0131\u011f\u0131m\u0131z 73 milyon dolarl\u0131k finansman, 6 ay i\u00e7erisinde yat\u0131r\u0131ma d\u00f6n\u00fc\u015fm\u00fc\u015f olacak. H\u0131zl\u0131 bir \u015fekilde hayata ge\u00e7irilen tesislerin \u00fcretime ba\u015flamas\u0131yla birlikte ise biz de bunlar\u0131 fon ya da sukuk yap\u0131s\u0131 alt\u0131nda yat\u0131r\u0131mc\u0131ya sunmaya ba\u015flayaca\u011f\u0131z. 2018 y\u0131l\u0131 itibariyle yat\u0131r\u0131mc\u0131, piyasada e\u015fi olmayan bu yat\u0131r\u0131m arac\u0131 ile dolar baz\u0131nda y\u00fcksek getiri elde edecek. Tun\u00e7matik ile ger\u00e7ekle\u015ftirdi\u011fimiz bu anla\u015fman\u0131n her iki tarafa hay\u0131rl\u0131 olmas\u0131n\u0131 dilerim. \u2019\u2019 \u015feklinde konu\u015ftu.<\/p>\n<p><strong>Y\u0131ll\u0131k 58 milyon TL ekonomik de\u011fer \u00fcretecek<\/strong><\/p>\n<p><strong>Son 4 y\u0131lda<\/strong> g\u00fcne\u015f enerjisi alan\u0131nda toplam <strong>100 <\/strong>milyon dolarl\u0131k yat\u0131r\u0131m\u0131 hayata ge\u00e7iren Powergie, bu yat\u0131r\u0131mla birlikte, y\u0131lda <strong>123<\/strong> milyon kWh enerji \u00fcretecek. Santrallerin \u00fcretti\u011fi bu enerjiyle, y\u0131lda ortalama <strong>41<\/strong> bin hanenin enerji ihtiyac\u0131 kar\u015f\u0131lanacak ve ekonomiye <strong>58 milyon<\/strong> <strong>TL<\/strong>\u2019lik de\u011fer kazand\u0131r\u0131lacak. Powergie, bu yat\u0131r\u0131mla y\u0131lda <strong>63 bin<\/strong> ton karbon sal\u0131n\u0131m\u0131n\u0131 engellerken, <strong>3 bin<\/strong> ki\u015fiye ge\u00e7ici, 600 ki\u015fiye kal\u0131c\u0131 istihdam sa\u011flayacak. Bu istihdam\u0131n <strong>y\u00fczde 50<\/strong>\u2019si ise yerel i\u015fg\u00fcc\u00fc olacak.<\/p>\n<p>6 ay i\u00e7erisinde kurulacak toplam 70 MW\u2019l\u0131k g\u00fcne\u015f enerjisi sa\u011flayacak santraller i\u00e7in 3 y\u0131ll\u0131k bir proje haz\u0131rl\u0131k s\u00fcreci ge\u00e7irdiklerini vurgulayan <strong>\u00d6zer<\/strong>, \u201cBu s\u00fcre zarf\u0131nda, g\u00fcne\u015f enerjisi santralleri kurmak i\u00e7in en uygun yerleri tespit ederken <strong>2 milyon kilometrelik<\/strong> yol kat ettik. Ald\u0131\u011f\u0131m\u0131z resmi izin say\u0131s\u0131 <strong>1.000<\/strong>\u2019in \u00fczerinde. Proje i\u00e7in toplamda <strong>252 bin<\/strong> adet g\u00fcne\u015f paneli, <strong>1.750 <\/strong>adet <strong>40 kW<\/strong> g\u00fcc\u00fcnde invert\u00f6r, <strong>70<\/strong> adet <strong>1.250 kVA<\/strong> g\u00fcc\u00fcnde trafo kullan\u0131ld\u0131. 73 milyon dolarl\u0131k kredinin <strong>y\u00fczde 40<\/strong>\u2019\u0131 U\u015fak\u2019taki g\u00fcne\u015f santralinin kurulumu i\u00e7in harcanacak.\u201d dedi.<strong>Proje i\u00e7in 2 Milyon km Yol Kat Edildi<\/strong><\/p>\n<p><strong>73<\/strong> milyon dolarl\u0131k yat\u0131r\u0131m kredisi <strong>10 y\u0131lda<\/strong> geri \u00f6denecek. G\u00fcne\u015f santralleri <strong>30 y\u0131l<\/strong> boyunca maksimum verimlilikle \u00e7al\u0131\u015f\u0131yor.<\/p>\n<p><strong>T\u00fcrkiye\u2019nin Hedefi 2023\u2019te Y\u00fczde 4, 2021\u2019de Avrupa\u2019da ilk 3 pazardan biri olacak<\/strong><\/p>\n<p>Avrupa\u2019da 1990\u2019l\u0131 y\u0131llarda ba\u015flayan g\u00fcne\u015f enerjisinden elektrik \u00fcretiminin T\u00fcrkiye\u2019de hayata ge\u00e7mesi ise 2013 y\u0131l\u0131n\u0131n sonlar\u0131na denk geliyor Solar Power Europe raporuna g\u00f6re 2021\u2019de T\u00fcrkiye \u00f6ng\u00f6r\u00fcs\u00fc \u015fu anda <strong>2 GW<\/strong> seviyesinin alt\u0131nda olan kapasitesinin <strong>9,6 GW<\/strong>\u2019a \u00e7\u0131kaca\u011f\u0131 y\u00f6n\u00fcnde.<\/p>\n<p>T\u00fcrkiye\u2019nin 2023 hedefi ise, \u015fu anda y\u00fczde 1\u2019in alt\u0131nda olan g\u00fcne\u015f enerjisinden elektrik \u00fcretim pay\u0131n\u0131 <strong>y\u00fczde 4<\/strong> seviyesine y\u00fckseltmek. Rapora g\u00f6re 2021\u2019e kadar Avrupa\u2019da <strong>ilk 3<\/strong> g\u00fcne\u015f pazar\u0131 \u00fclkeleri s\u0131ras\u0131yla: <strong>Almanya, Fransa ve T\u00fcrkiye<\/strong>. T\u00fcrkiye\u2019yi Hollanda ve \u0130talya takip ediyor.<\/p>\n<p><strong>2030 Y\u0131l\u0131nda Globalde Toplam Elektrik \u0130htiyac\u0131n\u0131n en az Y\u00fczde 15\u2019i G\u00fcne\u015ften Sa\u011flanacak<\/strong><\/p>\n<p>Solar Power Europe raporuna g\u00f6re, global g\u00fcne\u015f pazar\u0131nda y\u0131ll\u0131k kapasite art\u0131\u015f\u0131 2016 y\u0131l\u0131nda beklenenin \u00e7ok \u00fcst\u00fcnde; y\u00fczde 50 b\u00fcy\u00fcd\u00fc. G\u00fcn\u00fcm\u00fczde 307 GW civar\u0131nda olan global g\u00fcne\u015f enerjisinden elektrik \u00fcretiminin 2021 y\u0131l\u0131nda 1 TW seviyelerine \u00e7\u0131kaca\u011f\u0131 \u00f6ng\u00f6r\u00fcl\u00fcyor. 2030 y\u0131l\u0131nda ise, d\u00fcnyadaki toplam elektrik ihtiyac\u0131n\u0131n en az y\u00fczde 15\u2019inin g\u00fcne\u015ften sa\u011flanaca\u011f\u0131 d\u00fc\u015f\u00fcn\u00fcl\u00fcyor. D\u00fcnyada y\u0131ll\u0131k eklenen kapasite 2015\u2019te 51 GW\u2018tan 2016\u2019da 76 GW\u2019a y\u00fckseldi. Avrupa\u2019da 2016 y\u0131l\u0131nda toplam elektrik ihtiyac\u0131n\u0131n %4\u2019\u00fc g\u00fcne\u015ften elde edildi. 2016\u2019da Avrupa\u2019da yap\u0131lan enerji yat\u0131r\u0131mlar\u0131n\u0131n y\u00fczde 75\u2019i g\u00fcne\u015f ve r\u00fczgar oldu.<\/p>\n<p>T\u00fcrkiye, g\u00fcne\u015f verimlili\u011fi konusunda Avrupa\u2019da \u0130spanya\u2019dan sonra en b\u00fcy\u00fck ikinci potansiyelle ikinci s\u0131rada yer al\u0131yor. G\u00fcne\u015f enerjisini en aktif kullanan Avrupa \u00fclkesi Almanya\u2019n\u0131n en verimli g\u00fcne\u015f enerjisi elde etti\u011fi b\u00f6lge, T\u00fcrkiye\u2019nin verimi en d\u00fc\u015f\u00fck Do\u011fu Karadeniz b\u00f6lgesinden bile daha d\u00fc\u015f\u00fck seviyede bulunuyor.<\/p>","protected":false},"excerpt":{"rendered":"<p>Sorry, this entry is only available in Turkish. For the sake of viewer convenience, the content is shown below in the alternative language. You may click the link to switch the active language.T\u00fcrkiye\u2019nin enerji \u00e7\u00f6z\u00fcmleri markas\u0131 Tun\u00e7matik\u2019in alternatif enerjiler alan\u0131ndaki \u015firketi Powergie, Aktif Bank\u2019tan, g\u00fcne\u015f enerjisi alan\u0131nda T\u00fcrkiye\u2019nin en b\u00fcy\u00fck kredisini ald\u0131. 73 milyon dolarl\u0131k [&hellip;]<\/p>\n","protected":false},"author":1,"featured_media":65440,"comment_status":"open","ping_status":"open","sticky":false,"template":"","format":"standard","meta":[],"categories":[53,49],"tags":[33684,61,63,67,1009,2698,165,117,227,13,1325,23133,22975,4269,8803,12476],"views":1831,"_links":{"self":[{"href":"https:\/\/www.enerjigazetesi.ist\/en\/wp-json\/wp\/v2\/posts\/65439"}],"collection":[{"href":"https:\/\/www.enerjigazetesi.ist\/en\/wp-json\/wp\/v2\/posts"}],"about":[{"href":"https:\/\/www.enerjigazetesi.ist\/en\/wp-json\/wp\/v2\/types\/post"}],"author":[{"embeddable":true,"href":"https:\/\/www.enerjigazetesi.ist\/en\/wp-json\/wp\/v2\/users\/1"}],"replies":[{"embeddable":true,"href":"https:\/\/www.enerjigazetesi.ist\/en\/wp-json\/wp\/v2\/comments?post=65439"}],"version-history":[{"count":2,"href":"https:\/\/www.enerjigazetesi.ist\/en\/wp-json\/wp\/v2\/posts\/65439\/revisions"}],"predecessor-version":[{"id":65442,"href":"https:\/\/www.enerjigazetesi.ist\/en\/wp-json\/wp\/v2\/posts\/65439\/revisions\/65442"}],"wp:featuredmedia":[{"embeddable":true,"href":"https:\/\/www.enerjigazetesi.ist\/en\/wp-json\/wp\/v2\/media\/65440"}],"wp:attachment":[{"href":"https:\/\/www.enerjigazetesi.ist\/en\/wp-json\/wp\/v2\/media?parent=65439"}],"wp:term":[{"taxonomy":"category","embeddable":true,"href":"https:\/\/www.enerjigazetesi.ist\/en\/wp-json\/wp\/v2\/categories?post=65439"},{"taxonomy":"post_tag","embeddable":true,"href":"https:\/\/www.enerjigazetesi.ist\/en\/wp-json\/wp\/v2\/tags?post=65439"}],"curies":[{"name":"wp","href":"https:\/\/api.w.org\/{rel}","templated":true}]}}