{"id":65412,"date":"2017-07-05T13:37:46","date_gmt":"2017-07-05T10:37:46","guid":{"rendered":"https:\/\/www.enerjigazetesi.ist\/?p=65412"},"modified":"2017-07-05T13:38:23","modified_gmt":"2017-07-05T10:38:23","slug":"termik-santrallerde-cevre-mevzuatina-uyum-takip-edilecek","status":"publish","type":"post","link":"https:\/\/www.enerjigazetesi.ist\/en\/termik-santrallerde-cevre-mevzuatina-uyum-takip-edilecek\/","title":{"rendered":"(Turkish) Termik Santrallerde \u00c7evre Mevzuat\u0131na Uyum Takip Edilecek"},"content":{"rendered":"<p class=\"qtranxs-available-languages-message qtranxs-available-languages-message-en\">Sorry, this entry is only available in <a href=\"https:\/\/www.enerjigazetesi.ist\/tr\/wp-json\/wp\/v2\/posts\/65412\" class=\"qtranxs-available-language-link qtranxs-available-language-link-tr\" title=\"Turkish\">Turkish<\/a>. For the sake of viewer convenience, the content is shown below in the alternative language. You may click the link to switch the active language.<\/p><p><strong><span style=\"color: #0a0a0a;\">Enerji ve Tabii Kaynaklar Bakanl\u0131\u011f\u0131 taraf\u0131ndan kamu b\u00fcnyesindeki \u00f6zelle\u015ftirilmi\u015f veya \u00f6zelle\u015ftirilecek termik santrallerin \u00e7evre me<a href=\"https:\/\/www.enerjigazetesi.ist\/wp-content\/uploads\/2013\/12\/termik-santrallere-cevre-kirliligi-icin-5-yil-para-cezasi-uygulanamayacak.jpg\"><img loading=\"lazy\" class=\"alignleft size-medium wp-image-20143\" src=\"https:\/\/www.enerjigazetesi.ist\/wp-content\/uploads\/2013\/12\/termik-santrallere-cevre-kirliligi-icin-5-yil-para-cezasi-uygulanamayacak-300x205.jpg\" alt=\"termik-santrallere-cevre-kirliligi-icin-5-yil-para-cezasi-uygulanamayacak\" width=\"300\" height=\"205\" srcset=\"https:\/\/www.enerjigazetesi.ist\/wp-content\/uploads\/2013\/12\/termik-santrallere-cevre-kirliligi-icin-5-yil-para-cezasi-uygulanamayacak-300x205.jpg 300w, https:\/\/www.enerjigazetesi.ist\/wp-content\/uploads\/2013\/12\/termik-santrallere-cevre-kirliligi-icin-5-yil-para-cezasi-uygulanamayacak-73x50.jpg 73w, https:\/\/www.enerjigazetesi.ist\/wp-content\/uploads\/2013\/12\/termik-santrallere-cevre-kirliligi-icin-5-yil-para-cezasi-uygulanamayacak.jpg 482w\" sizes=\"(max-width: 300px) 100vw, 300px\" \/><\/a>vzuat\u0131na uyumuna y\u00f6nelik yat\u0131r\u0131mlar\u0131n\u0131n ger\u00e7ekle\u015ftirilmesi ve \u00e7evre mevzuat\u0131 a\u00e7\u0131s\u0131ndan gerekli izinlerinin tamamlanmas\u0131na ili\u015fkin usul ve esaslar belirlendi.<\/span><\/strong><\/p>\n<p>Buna g\u00f6re, Enerji ve Tabii Kaynaklar Bakanl\u0131\u011f\u0131ndan 4 ve \u00c7evre ve \u015eehircilik Bakanl\u0131\u011f\u0131ndan 4 \u00fcye olmak \u00fczere toplam 8 \u00fcyeden olu\u015fan \u2018\u00c7evre Mevzuat\u0131na Uyuma Y\u00f6nelik Takip ve \u0130zleme Komisyonu\u2019 kurulacak.<\/p>\n<p>Kurulacak komisyon, \u00fcretim \u015firketleri taraf\u0131ndan haz\u0131rlanan i\u015f termin planlar\u0131n\u0131 inceleyerek, planlara ili\u015fkin g\u00f6r\u00fc\u015f bildirerek, d\u00fczeltme, de\u011fi\u015fiklik ve\/veya ek bilgi ve belge talep edebilecek ve \u00fcretim \u015firketleri taraf\u0131ndan haz\u0131rlanan i\u015f termin planlar\u0131n\u0131 de\u011ferlendirecek olan komisyon, plan\u0131n teknik olarak uygunlu\u011funa da karar verip onaylayacak.<\/p>","protected":false},"excerpt":{"rendered":"<p>Sorry, this entry is only available in Turkish. For the sake of viewer convenience, the content is shown below in the alternative language. You may click the link to switch the active language.Enerji ve Tabii Kaynaklar Bakanl\u0131\u011f\u0131 taraf\u0131ndan kamu b\u00fcnyesindeki \u00f6zelle\u015ftirilmi\u015f veya \u00f6zelle\u015ftirilecek termik santrallerin \u00e7evre mevzuat\u0131na uyumuna y\u00f6nelik yat\u0131r\u0131mlar\u0131n\u0131n ger\u00e7ekle\u015ftirilmesi ve \u00e7evre mevzuat\u0131 a\u00e7\u0131s\u0131ndan [&hellip;]<\/p>\n","protected":false},"author":1,"featured_media":20143,"comment_status":"open","ping_status":"open","sticky":false,"template":"","format":"standard","meta":[],"categories":[53,24649],"tags":[34512,63,67,1009,2698,165,1972,438],"views":880,"_links":{"self":[{"href":"https:\/\/www.enerjigazetesi.ist\/en\/wp-json\/wp\/v2\/posts\/65412"}],"collection":[{"href":"https:\/\/www.enerjigazetesi.ist\/en\/wp-json\/wp\/v2\/posts"}],"about":[{"href":"https:\/\/www.enerjigazetesi.ist\/en\/wp-json\/wp\/v2\/types\/post"}],"author":[{"embeddable":true,"href":"https:\/\/www.enerjigazetesi.ist\/en\/wp-json\/wp\/v2\/users\/1"}],"replies":[{"embeddable":true,"href":"https:\/\/www.enerjigazetesi.ist\/en\/wp-json\/wp\/v2\/comments?post=65412"}],"version-history":[{"count":1,"href":"https:\/\/www.enerjigazetesi.ist\/en\/wp-json\/wp\/v2\/posts\/65412\/revisions"}],"predecessor-version":[{"id":65420,"href":"https:\/\/www.enerjigazetesi.ist\/en\/wp-json\/wp\/v2\/posts\/65412\/revisions\/65420"}],"wp:featuredmedia":[{"embeddable":true,"href":"https:\/\/www.enerjigazetesi.ist\/en\/wp-json\/wp\/v2\/media\/20143"}],"wp:attachment":[{"href":"https:\/\/www.enerjigazetesi.ist\/en\/wp-json\/wp\/v2\/media?parent=65412"}],"wp:term":[{"taxonomy":"category","embeddable":true,"href":"https:\/\/www.enerjigazetesi.ist\/en\/wp-json\/wp\/v2\/categories?post=65412"},{"taxonomy":"post_tag","embeddable":true,"href":"https:\/\/www.enerjigazetesi.ist\/en\/wp-json\/wp\/v2\/tags?post=65412"}],"curies":[{"name":"wp","href":"https:\/\/api.w.org\/{rel}","templated":true}]}}