{"id":65392,"date":"2017-07-04T10:15:03","date_gmt":"2017-07-04T07:15:03","guid":{"rendered":"https:\/\/www.enerjigazetesi.ist\/?p=65392"},"modified":"2017-07-04T10:15:03","modified_gmt":"2017-07-04T07:15:03","slug":"ilgaz-elektrikten-mersine-35-mwlik-gunes-santrali","status":"publish","type":"post","link":"https:\/\/www.enerjigazetesi.ist\/en\/ilgaz-elektrikten-mersine-35-mwlik-gunes-santrali\/","title":{"rendered":"(Turkish) Ilgaz Elektrik&#8217;ten Mersin&#8217;e 35 MW&#8217;l\u0131k G\u00fcne\u015f Santrali"},"content":{"rendered":"<p class=\"qtranxs-available-languages-message qtranxs-available-languages-message-en\">Sorry, this entry is only available in <a href=\"https:\/\/www.enerjigazetesi.ist\/tr\/wp-json\/wp\/v2\/posts\/65392\" class=\"qtranxs-available-language-link qtranxs-available-language-link-tr\" title=\"Turkish\">Turkish<\/a>. For the sake of viewer convenience, the content is shown below in the alternative language. You may click the link to switch the active language.<\/p><p><strong>Ilgaz Elektrik taraf\u0131ndan Mer<a href=\"https:\/\/www.enerjigazetesi.ist\/wp-content\/uploads\/2015\/02\/teias-ges-yarisma-gunes-enerjisi-on-lisans-ihaleleri.jpg\"><img loading=\"lazy\" class=\"alignleft  wp-image-36445\" src=\"https:\/\/www.enerjigazetesi.ist\/wp-content\/uploads\/2015\/02\/teias-ges-yarisma-gunes-enerjisi-on-lisans-ihaleleri-300x148.jpg\" alt=\"g\u00fcne\u015f-enerjisi-santrali-ges\" width=\"300\" height=\"159\" \/><\/a>sin&#8217;in Erdemli il\u00e7esinde 35 MW kapasiteli K\u0131van\u00e7 G\u00fcne\u015f Enerjisi Santrali kurularak i\u015fletilecek.<\/strong><\/p>\n<p>Ilgaz Elektrik \u00dcretim A.\u015e. taraf\u0131ndan Mersin \u0130li, Erdemli \u0130l\u00e7esi, G\u00fczeloluk Mahallesi 101 ada, 21 ve 1353 parsellerde 35 MWe kurulu g\u00fcc\u00fcnde K\u0131van\u00e7 2 G\u00fcne\u015f Enerjisi Santralinin kurulmas\u0131 planlanmaktad\u0131r.<\/p>\n<p>158.875.324 TL yat\u0131r\u0131m bedeline sahip\u00a0projenin in\u015faat a\u015famas\u0131nda 75 ki\u015fi, i\u015fletme a\u015famas\u0131nda 13 ki\u015fi \u00e7al\u0131\u015fmas\u0131 planlanmaktad\u0131r.<\/p>","protected":false},"excerpt":{"rendered":"<p>Sorry, this entry is only available in Turkish. For the sake of viewer convenience, the content is shown below in the alternative language. You may click the link to switch the active language.Ilgaz Elektrik taraf\u0131ndan Mersin&#8217;in Erdemli il\u00e7esinde 35 MW kapasiteli K\u0131van\u00e7 G\u00fcne\u015f Enerjisi Santrali kurularak i\u015fletilecek. Ilgaz Elektrik \u00dcretim A.\u015e. taraf\u0131ndan Mersin \u0130li, Erdemli [&hellip;]<\/p>\n","protected":false},"author":1,"featured_media":36445,"comment_status":"open","ping_status":"open","sticky":false,"template":"","format":"standard","meta":[],"categories":[53,49],"tags":[68,63,67,1009,2698,165,34500,227,13,23133,22975,4269,34499,34501,1301],"views":1944,"_links":{"self":[{"href":"https:\/\/www.enerjigazetesi.ist\/en\/wp-json\/wp\/v2\/posts\/65392"}],"collection":[{"href":"https:\/\/www.enerjigazetesi.ist\/en\/wp-json\/wp\/v2\/posts"}],"about":[{"href":"https:\/\/www.enerjigazetesi.ist\/en\/wp-json\/wp\/v2\/types\/post"}],"author":[{"embeddable":true,"href":"https:\/\/www.enerjigazetesi.ist\/en\/wp-json\/wp\/v2\/users\/1"}],"replies":[{"embeddable":true,"href":"https:\/\/www.enerjigazetesi.ist\/en\/wp-json\/wp\/v2\/comments?post=65392"}],"version-history":[{"count":1,"href":"https:\/\/www.enerjigazetesi.ist\/en\/wp-json\/wp\/v2\/posts\/65392\/revisions"}],"predecessor-version":[{"id":65393,"href":"https:\/\/www.enerjigazetesi.ist\/en\/wp-json\/wp\/v2\/posts\/65392\/revisions\/65393"}],"wp:featuredmedia":[{"embeddable":true,"href":"https:\/\/www.enerjigazetesi.ist\/en\/wp-json\/wp\/v2\/media\/36445"}],"wp:attachment":[{"href":"https:\/\/www.enerjigazetesi.ist\/en\/wp-json\/wp\/v2\/media?parent=65392"}],"wp:term":[{"taxonomy":"category","embeddable":true,"href":"https:\/\/www.enerjigazetesi.ist\/en\/wp-json\/wp\/v2\/categories?post=65392"},{"taxonomy":"post_tag","embeddable":true,"href":"https:\/\/www.enerjigazetesi.ist\/en\/wp-json\/wp\/v2\/tags?post=65392"}],"curies":[{"name":"wp","href":"https:\/\/api.w.org\/{rel}","templated":true}]}}