{"id":65380,"date":"2017-07-03T14:59:48","date_gmt":"2017-07-03T11:59:48","guid":{"rendered":"https:\/\/www.enerjigazetesi.ist\/?p=65380"},"modified":"2017-07-03T14:59:48","modified_gmt":"2017-07-03T11:59:48","slug":"desiba-enerji-jurawattin-yeni-satis-direktoru-seyfi-yildiz-oldu","status":"publish","type":"post","link":"https:\/\/www.enerjigazetesi.ist\/en\/desiba-enerji-jurawattin-yeni-satis-direktoru-seyfi-yildiz-oldu\/","title":{"rendered":"(Turkish) Desiba Enerji-Jurawatt&#8217;\u0131n Yeni Sat\u0131\u015f Direkt\u00f6r\u00fc Seyfi Y\u0131ld\u0131z Oldu!"},"content":{"rendered":"<p class=\"qtranxs-available-languages-message qtranxs-available-languages-message-en\">Sorry, this entry is only available in <a href=\"https:\/\/www.enerjigazetesi.ist\/tr\/wp-json\/wp\/v2\/posts\/65380\" class=\"qtranxs-available-language-link qtranxs-available-language-link-tr\" title=\"Turkish\">Turkish<\/a>. For the sake of viewer convenience, the content is shown below in the alternative language. You may click the link to switch the active language.<\/p><p><strong>400 MW kapasitesi ve \u00fcst\u00fcn Alman tek<img loading=\"lazy\" class=\"alignright wp-image-65381 \" src=\"https:\/\/www.enerjigazetesi.ist\/wp-content\/uploads\/2017\/07\/desiba-enerji-jurawattin-yeni-satis-direktoru-seyfi-yildiz-oldu-300x294.jpg\" alt=\"desiba-enerji-jurawattin-yeni-satis-direktoru-seyfi-yildiz-oldu\" width=\"300\" height=\"229\" \/>nolojisi ile T\u00fcrkiye&#8217;nin en b\u00fcy\u00fck yerli g\u00fcne\u015f paneli \u00fcreticilerinden olan Desiba Enerji-Jurawatt&#8217;\u0131n yeni Sat\u0131\u015f Direkt\u00f6r\u00fc g\u00fcne\u015f enerjisi sekt\u00f6r\u00fcn\u00fcn deneyimli isimlerinden olan Seyfi Y\u0131ld\u0131z oldu.<\/strong><\/p>\n<p>2008 y\u0131l\u0131nda g\u00fcne\u015f enerjisi sekt\u00f6r\u00fcne ad\u0131m atan Seyfi Y\u0131ld\u0131z; Merk- Akfel Solar Enerji \u0130\u015f Geli\u015ftirme M\u00fcd\u00fcr\u00fc, Else Enerji B\u00f6lge M\u00fcd\u00fcr\u00fc, General Solar Sat\u0131\u015f M\u00fcd\u00fcr\u00fc, Renesola Turkey \u0130\u015f Geli\u015ftirme M\u00fcd\u00fcr\u00fc, CIC Energy Turkey Sat\u0131\u015f M\u00fcd\u00fcr\u00fc g\u00f6revlerinde bulundu ve 100 MW\u2019\u0131 a\u015fk\u0131n projede hem EPC hem tedarik k\u0131sm\u0131nda aktif olarak yer ald\u0131.<\/p>\n<p>Seyfi Y\u0131ld\u0131z, sekt\u00f6r\u00fcndeki 9. y\u0131l\u0131nda 1 Temmuz 2017 itibari ile Desiba Enerji-Jurawatt Sat\u0131\u015f Direkt\u00f6r\u00fc g\u00f6revini \u00fcstlenmi\u015ftir.<\/p>","protected":false},"excerpt":{"rendered":"<p>Sorry, this entry is only available in Turkish. For the sake of viewer convenience, the content is shown below in the alternative language. You may click the link to switch the active language.400 MW kapasitesi ve \u00fcst\u00fcn Alman teknolojisi ile T\u00fcrkiye&#8217;nin en b\u00fcy\u00fck yerli g\u00fcne\u015f paneli \u00fcreticilerinden olan Desiba Enerji-Jurawatt&#8217;\u0131n yeni Sat\u0131\u015f Direkt\u00f6r\u00fc g\u00fcne\u015f enerjisi [&hellip;]<\/p>\n","protected":false},"author":1,"featured_media":65381,"comment_status":"open","ping_status":"open","sticky":false,"template":"","format":"standard","meta":[],"categories":[53,49],"tags":[34494,63,67,1009,2698,165,227,13,23133,22975,4269,34495],"views":2595,"_links":{"self":[{"href":"https:\/\/www.enerjigazetesi.ist\/en\/wp-json\/wp\/v2\/posts\/65380"}],"collection":[{"href":"https:\/\/www.enerjigazetesi.ist\/en\/wp-json\/wp\/v2\/posts"}],"about":[{"href":"https:\/\/www.enerjigazetesi.ist\/en\/wp-json\/wp\/v2\/types\/post"}],"author":[{"embeddable":true,"href":"https:\/\/www.enerjigazetesi.ist\/en\/wp-json\/wp\/v2\/users\/1"}],"replies":[{"embeddable":true,"href":"https:\/\/www.enerjigazetesi.ist\/en\/wp-json\/wp\/v2\/comments?post=65380"}],"version-history":[{"count":1,"href":"https:\/\/www.enerjigazetesi.ist\/en\/wp-json\/wp\/v2\/posts\/65380\/revisions"}],"predecessor-version":[{"id":65382,"href":"https:\/\/www.enerjigazetesi.ist\/en\/wp-json\/wp\/v2\/posts\/65380\/revisions\/65382"}],"wp:featuredmedia":[{"embeddable":true,"href":"https:\/\/www.enerjigazetesi.ist\/en\/wp-json\/wp\/v2\/media\/65381"}],"wp:attachment":[{"href":"https:\/\/www.enerjigazetesi.ist\/en\/wp-json\/wp\/v2\/media?parent=65380"}],"wp:term":[{"taxonomy":"category","embeddable":true,"href":"https:\/\/www.enerjigazetesi.ist\/en\/wp-json\/wp\/v2\/categories?post=65380"},{"taxonomy":"post_tag","embeddable":true,"href":"https:\/\/www.enerjigazetesi.ist\/en\/wp-json\/wp\/v2\/tags?post=65380"}],"curies":[{"name":"wp","href":"https:\/\/api.w.org\/{rel}","templated":true}]}}