{"id":65351,"date":"2017-07-03T12:36:26","date_gmt":"2017-07-03T09:36:26","guid":{"rendered":"https:\/\/www.enerjigazetesi.ist\/?p=65351"},"modified":"2017-07-03T12:36:26","modified_gmt":"2017-07-03T09:36:26","slug":"sanliurfada-harran-universitesi-gunesten-elektrik-enerjisi-uretiliyor","status":"publish","type":"post","link":"https:\/\/www.enerjigazetesi.ist\/en\/sanliurfada-harran-universitesi-gunesten-elektrik-enerjisi-uretiliyor\/","title":{"rendered":"(Turkish) \u015eanl\u0131urfa\u2019da Harran \u00dcniversitesi G\u00fcne\u015ften Elektrik Enerjisi \u00dcretiliyor&#8230;"},"content":{"rendered":"<p class=\"qtranxs-available-languages-message qtranxs-available-languages-message-en\">Sorry, this entry is only available in <a href=\"https:\/\/www.enerjigazetesi.ist\/tr\/wp-json\/wp\/v2\/posts\/65351\" class=\"qtranxs-available-language-link qtranxs-available-language-link-tr\" title=\"Turkish\">Turkish<\/a>. For the sake of viewer convenience, the content is shown below in the alternative language. You may click the link to switch the active language.<\/p><p><strong><span style=\"color: #0a0a0a;\">\u015eanl\u0131urfa&#8217;da Harran \u00dcniversitesi g\u00fcne\u015f panelleri sayesinde \u00fcretti\u011fi enerjiyi kullanan kurumlar aras\u0131nda yer almaktad\u0131r.<a href=\"https:\/\/www.enerjigazetesi.ist\/wp-content\/uploads\/2013\/07\/gunes-ve-ruzgar-yenilenebilir-eneri-sistemleri-sekapark-ta.jpg\"><img loading=\"lazy\" class=\"alignright size-medium wp-image-13506\" src=\"https:\/\/www.enerjigazetesi.ist\/wp-content\/uploads\/2013\/07\/gunes-ve-ruzgar-yenilenebilir-eneri-sistemleri-sekapark-ta-300x190.jpg\" alt=\"elektriklerini-gunesten-uretiyorlar\" width=\"300\" height=\"190\" srcset=\"https:\/\/www.enerjigazetesi.ist\/wp-content\/uploads\/2013\/07\/gunes-ve-ruzgar-yenilenebilir-eneri-sistemleri-sekapark-ta-300x190.jpg 300w, https:\/\/www.enerjigazetesi.ist\/wp-content\/uploads\/2013\/07\/gunes-ve-ruzgar-yenilenebilir-eneri-sistemleri-sekapark-ta-80x50.jpg 80w, https:\/\/www.enerjigazetesi.ist\/wp-content\/uploads\/2013\/07\/gunes-ve-ruzgar-yenilenebilir-eneri-sistemleri-sekapark-ta.jpg 448w\" sizes=\"(max-width: 300px) 100vw, 300px\" \/><\/a><\/span><\/strong><\/p>\n<p>\u00dcniversitenin \u00e7e\u015fitli\u00a0yerlerine kurulan g\u00fcne\u015f panelleri sayesinde yaz\u0131n serin hava \u00fcretilirken k\u0131\u015f\u0131n ise s\u0131cak hava elde edilmektedir. Elde edilen s\u0131cak hava ile k\u0131\u015f aylar\u0131nda \u00fcniversitedeki derslikler \u0131s\u0131t\u0131l\u0131rken yaz aylar\u0131nda ise so\u011futmak i\u00e7in kullan\u0131lmaktad\u0131r. Geriye kalan enerjiyle ise \u00fcniversitenin ayd\u0131nlatmas\u0131 sa\u011flanmaktad\u0131r.<\/p>\n<p>\u00dcniversite&#8217;nin Makina M\u00fchendisli\u011fi B\u00f6l\u00fcm\u00fc Enerji Anabilim Dal\u0131 \u00d6\u011fretim \u00dcyesi Prof. Dr. H\u00fcsamettin Bulut, \u201c\u015eanl\u0131urfa, k\u0131\u015f aylar\u0131nda da g\u00fcne\u015f enerjisi bol olan bir ilimiz. Kurulan bu sistemlerle panellerden s\u0131cak su \u00fcreterek bu enerjiyi mekanlar\u0131n \u0131s\u0131tmas\u0131nda kullanabiliyoruz. Yaz aylar\u0131nda ise absorbsiyonlu \u00e7illerlerle yani absorbsiyonlu \u00e7iler so\u011futma makinalar\u0131yla g\u00fcne\u015f enerjisini kullanarak so\u011futma elde etmekteyiz. Bu sistemlerde elde etti\u011fimiz 80-90 derecelik s\u0131cak suyu \u00e7iller gurubuna g\u00f6ndererek \u015fu an \u00fczerinde 3 bin metrekarelik alan\u0131n i\u00e7erisini so\u011futmaktay\u0131z.&#8221;dedi.<\/p>\n<p>Haberin <a href=\"http:\/\/enerjienstitusu.com\/2017\/07\/03\/sanliurfadaki-gunes-isinlari-elektrik-enerjisine-donusturuluyor\/\" target=\"_blank\" rel=\"nofollow\">Devam\u0131 \u0130\u00e7in TIKLAYINIZ&gt;&gt;&gt;<\/a><\/p>","protected":false},"excerpt":{"rendered":"<p>Sorry, this entry is only available in Turkish. For the sake of viewer convenience, the content is shown below in the alternative language. You may click the link to switch the active language.\u015eanl\u0131urfa&#8217;da Harran \u00dcniversitesi g\u00fcne\u015f panelleri sayesinde \u00fcretti\u011fi enerjiyi kullanan kurumlar aras\u0131nda yer almaktad\u0131r. \u00dcniversitenin \u00e7e\u015fitli\u00a0yerlerine kurulan g\u00fcne\u015f panelleri sayesinde yaz\u0131n serin hava \u00fcretilirken [&hellip;]<\/p>\n","protected":false},"author":1,"featured_media":13506,"comment_status":"open","ping_status":"open","sticky":false,"template":"","format":"standard","meta":[],"categories":[51,53,49],"tags":[61,63,67,1009,2698,165,18,227,13,23133,108,22975,4269,2836,2097],"views":1558,"_links":{"self":[{"href":"https:\/\/www.enerjigazetesi.ist\/en\/wp-json\/wp\/v2\/posts\/65351"}],"collection":[{"href":"https:\/\/www.enerjigazetesi.ist\/en\/wp-json\/wp\/v2\/posts"}],"about":[{"href":"https:\/\/www.enerjigazetesi.ist\/en\/wp-json\/wp\/v2\/types\/post"}],"author":[{"embeddable":true,"href":"https:\/\/www.enerjigazetesi.ist\/en\/wp-json\/wp\/v2\/users\/1"}],"replies":[{"embeddable":true,"href":"https:\/\/www.enerjigazetesi.ist\/en\/wp-json\/wp\/v2\/comments?post=65351"}],"version-history":[{"count":1,"href":"https:\/\/www.enerjigazetesi.ist\/en\/wp-json\/wp\/v2\/posts\/65351\/revisions"}],"predecessor-version":[{"id":65352,"href":"https:\/\/www.enerjigazetesi.ist\/en\/wp-json\/wp\/v2\/posts\/65351\/revisions\/65352"}],"wp:featuredmedia":[{"embeddable":true,"href":"https:\/\/www.enerjigazetesi.ist\/en\/wp-json\/wp\/v2\/media\/13506"}],"wp:attachment":[{"href":"https:\/\/www.enerjigazetesi.ist\/en\/wp-json\/wp\/v2\/media?parent=65351"}],"wp:term":[{"taxonomy":"category","embeddable":true,"href":"https:\/\/www.enerjigazetesi.ist\/en\/wp-json\/wp\/v2\/categories?post=65351"},{"taxonomy":"post_tag","embeddable":true,"href":"https:\/\/www.enerjigazetesi.ist\/en\/wp-json\/wp\/v2\/tags?post=65351"}],"curies":[{"name":"wp","href":"https:\/\/api.w.org\/{rel}","templated":true}]}}