{"id":6529,"date":"2013-02-12T14:52:31","date_gmt":"2013-02-12T11:52:31","guid":{"rendered":"https:\/\/www.enerjigazetesi.ist\/?p=6529"},"modified":"2013-02-12T14:53:01","modified_gmt":"2013-02-12T11:53:01","slug":"avrupa-fotovoltaik-pazarindaki-liderligini-bu-yil-kaybedecek","status":"publish","type":"post","link":"https:\/\/www.enerjigazetesi.ist\/en\/avrupa-fotovoltaik-pazarindaki-liderligini-bu-yil-kaybedecek\/","title":{"rendered":"(Turkish) Avrupa Fotovoltaik Pazar\u0131ndaki Liderli\u011fini Bu Y\u0131l Kaybedecek&#8230;"},"content":{"rendered":"<p class=\"qtranxs-available-languages-message qtranxs-available-languages-message-en\">Sorry, this entry is only available in <a href=\"https:\/\/www.enerjigazetesi.ist\/tr\/wp-json\/wp\/v2\/posts\/6529\" class=\"qtranxs-available-language-link qtranxs-available-language-link-tr\" title=\"Turkish\">Turkish<\/a>. For the sake of viewer convenience, the content is shown below in the alternative language. You may click the link to switch the active language.<\/p><p><strong>Ara\u015ft\u0131rma kurulu\u015fu IHS\u2019ye g\u00f6re 2013 fotovoltaik g\u00fcne\u015f enerjisi sekt\u00f6r\u00fcnde Avrupa\u2019n\u0131n pazar liderli\u011fini kaybetti\u011fi ve gelirlerin d\u00fc\u015fmeye devam etti\u011fi bir y\u0131l olacak. Kurulu\u015fun taraf\u0131ndan yap\u0131lan a\u00e7\u0131klamaya g\u00f6re 2012\u2032de k\u00fcresel \u00f6l\u00e7ekte ger\u00e7ekle\u015fen yat\u0131r\u0131mlar d\u00fcnyadaki kurulu g\u00fcne\u015f elektri\u011fi g\u00fcc\u00fcn\u00fcn 32 GW artmas\u0131n\u0131 sa\u011flarken, bu sayede fotovoltaik panel \u00fcreticileri 77 milyar dolarl\u0131k gelir elde ettiler.<\/strong><\/p>\n<p>Bununla beraber kurulu\u015fa g\u00f6re panel sat\u0131\u015f fiyatlar\u0131n\u0131n h\u0131zla gerilemesi 2013\u2032te de devam edecek iken, bu durum yeni kurulumlar\u0131n bu y\u0131l 35 GW\u2019a ula\u015fmas\u0131n\u0131 sa\u011flayacak iken sekt\u00f6r firmalar\u0131n\u0131n gelirlerinin 75 milyar dolara gerilemesine neden olacak.<\/p>\n<p><img loading=\"lazy\" class=\"alignright size-medium wp-image-6530\" title=\"avrupa-fotovoltaik-pazarindaki-liderligini-bu-yil-kaybedecek\" src=\"https:\/\/www.enerjigazetesi.ist\/wp-content\/uploads\/2013\/02\/avrupa-fotovoltaik-pazarindaki-liderligini-bu-yil-kaybedecek-300x166.png\" alt=\"\" width=\"300\" height=\"166\" srcset=\"https:\/\/www.enerjigazetesi.ist\/wp-content\/uploads\/2013\/02\/avrupa-fotovoltaik-pazarindaki-liderligini-bu-yil-kaybedecek-300x166.png 300w, https:\/\/www.enerjigazetesi.ist\/wp-content\/uploads\/2013\/02\/avrupa-fotovoltaik-pazarindaki-liderligini-bu-yil-kaybedecek-500x277.png 500w, https:\/\/www.enerjigazetesi.ist\/wp-content\/uploads\/2013\/02\/avrupa-fotovoltaik-pazarindaki-liderligini-bu-yil-kaybedecek-80x44.png 80w, https:\/\/www.enerjigazetesi.ist\/wp-content\/uploads\/2013\/02\/avrupa-fotovoltaik-pazarindaki-liderligini-bu-yil-kaybedecek.png 505w\" sizes=\"(max-width: 300px) 100vw, 300px\" \/>Kurulu\u015fun a\u00e7\u0131klamas\u0131nda ayr\u0131ca 2011\u2032de fotovoltaik sekt\u00f6r\u00fcndeki sat\u0131\u015flar\u0131n 28 GW iken gelirin 94 milyar olarak ger\u00e7ekle\u015fti\u011fi hat\u0131rlat\u0131l\u0131rken, mevcut gerilemeye ra\u011fmen sekt\u00f6r\u00fcn 2016\u2032da 115 milyar dolarl\u0131k sat\u0131\u015f rakam\u0131na ula\u015fabilece\u011fi belirtiliyor.<\/p>\n<h2>Avrupa liderli\u011fini kaybediyor<\/h2>\n<p>IHS\u2019ye g\u00f6re 2010 y\u0131l\u0131nda d\u00fcnya fotovoltaik panel pazar\u0131nda y\u00fczde 80\u2032lik pazar pay\u0131 2012\u2032de y\u00fczde 53\u2032e inen Avrupa \u00fclkelerinin bu pay\u0131 2013\u2032te ise y\u00fczde 39\u2032a gerileyecek.<\/p>\n<p>\u00c7in ise h\u0131zla geli\u015fen i\u00e7 pazar\u0131 ile yenilenebilir enerjinin bu alan\u0131nda da liderli\u011fi alacak iken, Almanya ancak ABD\u2019den sonra sekt\u00f6rde \u00fc\u00e7\u00fcnc\u00fc b\u00fcy\u00fck pazar olacak. Japonya ve \u0130talya ise 2013\u2032te fotovoltaik sekt\u00f6r\u00fcn\u00fcn d\u00f6rd\u00fcnc\u00fc ve be\u015finci b\u00fcy\u00fck pazarlar\u0131 olacak.<\/p>\n<p>Kaynak: <a href=\"http:\/\/enerjienstitusu.com\/2013\/02\/12\/avrupa-fotovoltaik-pazarindaki-liderligini-bu-yil-kaybedecek\/\" target=\"_blank\">Enerji Enstit\u00fcs\u00fc<\/a><\/p>","protected":false},"excerpt":{"rendered":"<p>Sorry, this entry is only available in Turkish. For the sake of viewer convenience, the content is shown below in the alternative language. You may click the link to switch the active language.Ara\u015ft\u0131rma kurulu\u015fu IHS\u2019ye g\u00f6re 2013 fotovoltaik g\u00fcne\u015f enerjisi sekt\u00f6r\u00fcnde Avrupa\u2019n\u0131n pazar liderli\u011fini kaybetti\u011fi ve gelirlerin d\u00fc\u015fmeye devam etti\u011fi bir y\u0131l olacak. Kurulu\u015fun taraf\u0131ndan [&hellip;]<\/p>\n","protected":false},"author":1,"featured_media":6530,"comment_status":"open","ping_status":"open","sticky":false,"template":"","format":"standard","meta":[],"categories":[51,53,49],"tags":[2404,67,2403,13,2402],"views":787,"_links":{"self":[{"href":"https:\/\/www.enerjigazetesi.ist\/en\/wp-json\/wp\/v2\/posts\/6529"}],"collection":[{"href":"https:\/\/www.enerjigazetesi.ist\/en\/wp-json\/wp\/v2\/posts"}],"about":[{"href":"https:\/\/www.enerjigazetesi.ist\/en\/wp-json\/wp\/v2\/types\/post"}],"author":[{"embeddable":true,"href":"https:\/\/www.enerjigazetesi.ist\/en\/wp-json\/wp\/v2\/users\/1"}],"replies":[{"embeddable":true,"href":"https:\/\/www.enerjigazetesi.ist\/en\/wp-json\/wp\/v2\/comments?post=6529"}],"version-history":[{"count":2,"href":"https:\/\/www.enerjigazetesi.ist\/en\/wp-json\/wp\/v2\/posts\/6529\/revisions"}],"predecessor-version":[{"id":6532,"href":"https:\/\/www.enerjigazetesi.ist\/en\/wp-json\/wp\/v2\/posts\/6529\/revisions\/6532"}],"wp:featuredmedia":[{"embeddable":true,"href":"https:\/\/www.enerjigazetesi.ist\/en\/wp-json\/wp\/v2\/media\/6530"}],"wp:attachment":[{"href":"https:\/\/www.enerjigazetesi.ist\/en\/wp-json\/wp\/v2\/media?parent=6529"}],"wp:term":[{"taxonomy":"category","embeddable":true,"href":"https:\/\/www.enerjigazetesi.ist\/en\/wp-json\/wp\/v2\/categories?post=6529"},{"taxonomy":"post_tag","embeddable":true,"href":"https:\/\/www.enerjigazetesi.ist\/en\/wp-json\/wp\/v2\/tags?post=6529"}],"curies":[{"name":"wp","href":"https:\/\/api.w.org\/{rel}","templated":true}]}}