{"id":65265,"date":"2017-06-29T10:49:16","date_gmt":"2017-06-29T07:49:16","guid":{"rendered":"https:\/\/www.enerjigazetesi.ist\/?p=65265"},"modified":"2017-06-29T10:49:16","modified_gmt":"2017-06-29T07:49:16","slug":"schneider-electric-enipede","status":"publish","type":"post","link":"https:\/\/www.enerjigazetesi.ist\/en\/schneider-electric-enipede\/","title":{"rendered":"(Turkish) Schneider Electric, ENIPE\u2019de&#8230;"},"content":{"rendered":"<p class=\"qtranxs-available-languages-message qtranxs-available-languages-message-en\">Sorry, this entry is only available in <a href=\"https:\/\/www.enerjigazetesi.ist\/tr\/wp-json\/wp\/v2\/posts\/65265\" class=\"qtranxs-available-language-link qtranxs-available-language-link-tr\" title=\"Turkish\">Turkish<\/a>. For the sake of viewer convenience, the content is shown below in the alternative language. You may click the link to switch the active language.<\/p><p><strong>D\u00fcnya \u00e7ap\u0131nda bir Enerji Y\u00f6netim Uzman\u0131 olan Schneider Electric, ENIPE Enerji Verimli Sanayi ve \u00dcr\u00fcnler Fuar\u0131\u2019nda kuraca\u011f\u0131 \u201cEnerji \u00dcniversitesi\u201d stand\u0131nda enerji verimlili\u011fi konusunda bilin\u00e7lendirmeye devam edecek. Schneider Electric Sat\u0131\u015f Operasyonlar\u0131 ve Stratejik \u0130li\u015fkiler Direkt\u00f6r\u00fc Cihan Karam\u0131k\u2019a g\u00f6re e\u011fer enerjimizi 3 kat daha verimli kullanabilirsek enerjideki b\u00fct\u00fcn zorluklar\u0131n \u00fcstesinden gelebiliriz. Tek yapmam\u0131z gereken enerjiyi kullanma k\u00fclt\u00fcr\u00fcnden enerjiyi y\u00f6netme k\u00fclt\u00fcr\u00fcne ge\u00e7mek\u2026<\/strong><\/p>\n<p>T\u00fcrkiye\u2019nin enerji ithalat\u0131 y\u00fczde 74\u2019\u00fcn \u00fczerinde\u2026 Enerji de yurt d\u0131\u015f\u0131na ba\u011f\u0131ml\u0131l\u0131\u011f\u0131 azaltman\u0131n yolu ise yenilenebilir enerji kaynaklar\u0131n\u0131 \u00e7o\u011faltmaktan ge\u00e7iyor. Yenilenebili<a href=\"https:\/\/www.enerjigazetesi.ist\/wp-content\/uploads\/2017\/06\/schneider-electric-enipede.jpg\"><img loading=\"lazy\" class=\"alignleft size-medium wp-image-65266\" src=\"https:\/\/www.enerjigazetesi.ist\/wp-content\/uploads\/2017\/06\/schneider-electric-enipede-300x200.jpg\" alt=\"schneider-electric-enipede\" width=\"300\" height=\"200\" srcset=\"https:\/\/www.enerjigazetesi.ist\/wp-content\/uploads\/2017\/06\/schneider-electric-enipede-300x200.jpg 300w, https:\/\/www.enerjigazetesi.ist\/wp-content\/uploads\/2017\/06\/schneider-electric-enipede-500x333.jpg 500w, https:\/\/www.enerjigazetesi.ist\/wp-content\/uploads\/2017\/06\/schneider-electric-enipede-74x50.jpg 74w, https:\/\/www.enerjigazetesi.ist\/wp-content\/uploads\/2017\/06\/schneider-electric-enipede.jpg 550w\" sizes=\"(max-width: 300px) 100vw, 300px\" \/><\/a>r kaynaklar\u0131n 2023 y\u0131l\u0131nda enerji \u00fcretimindeki pay\u0131n\u0131n %30 olmas\u0131 hedefleniyor. Bu hedefe ula\u015f\u0131lmas\u0131nda yeni enerji kaynaklar\u0131 kadar enerjinin verimli kullan\u0131lmas\u0131 da etkili olacak.<\/p>\n<p>Bug\u00fcn yap\u0131lan \u00f6ng\u00f6r\u00fclere g\u00f6re, T\u00fcrkiye\u2019de ortalama % 25-30\u2019luk yani yakla\u015f\u0131k olarak y\u0131ll\u0131k 13,2 Milyar EUR\u2019luk bir enerji verimlili\u011fi potansiyeli oldu\u011fu tahmin ediliyor. \u00d6zellikle enerji yo\u011fun sekt\u00f6rlere bak\u0131ld\u0131\u011f\u0131nda \u00f6rne\u011fin demir-\u00e7elik sekt\u00f6r\u00fcnde halen % 30 seviyelerinde, \u00e7imento ve cam sekt\u00f6r\u00fcnde % 20, kimya ve petrokimya sekt\u00f6r\u00fcnde ise % 25 seviyelerinde verimlilik potansiyeli mevcuttur.<\/p>\n<p>D\u00fcnya \u00e7ap\u0131nda enerji verimlili\u011fini hedefleyen projelere imza atan Schneider Electric, 11-14 Ocak 2018 tarihleri aras\u0131nda ger\u00e7ekle\u015ftirilecek <strong>ENIPE Enerji Verimli Sanayi ve \u00dcr\u00fcnler Fuar\u0131<\/strong>\u2019nda kuraca\u011f\u0131 <strong>\u201cEnerji \u00dcniversitesi\u201d<\/strong> stand\u0131 ile enerji verimlili\u011fi konusunda bilgilendirme ve bilin\u00e7lendirme \u00e7al\u0131\u015fmalar\u0131na devam edecek. ENIPE\u2019de sanayiden tar\u0131ma, lojistikten teknolojiye onlarca sekt\u00f6re y\u00f6nelik enerji tasarrufu sa\u011flayan \u00e7\u00f6z\u00fcmlerin yan\u0131 s\u0131ra hane halk\u0131na y\u00f6nelik enerji verimli \u00fcr\u00fcnler de yer alacak.<\/p>\n<p><strong>Verimlili\u011finin temeli enerji tasarruflu \u00fcr\u00fcnler&#8230;<\/strong><\/p>\n<p>Enerji verimli \u00fcr\u00fcnlerin kullan\u0131lmas\u0131n\u0131n enerji verimlili\u011finin temel yap\u0131 ta\u015f\u0131 oldu\u011funa dikkat \u00e7eken <strong>Schneider Electric Sat\u0131\u015f Operasyonlar\u0131 ve Stratejik \u0130li\u015fkiler Direkt\u00f6r\u00fc Cihan Karam\u0131k<\/strong>,<\/p>\n<p>\u201cEvlerden, ticari binalara, end\u00fcstriden tar\u0131ma, ula\u015f\u0131ma kadar her alanda verimlilik sa\u011flaman\u0131n ilk ve olmazsa olmaz ad\u0131m\u0131 enerji verimli \u00fcr\u00fcnlerin kullan\u0131lmas\u0131. Evlerde d\u00fc\u015f\u00fck t\u00fcketimli ayd\u0131nlatma ara\u00e7lar\u0131n\u0131n kullan\u0131m\u0131, y\u00fcksek verimli elektronik e\u015fyalar\u0131n kullan\u0131lmas\u0131, binalarda ve end\u00fcstride y\u00fcksek verimli motorlar\u0131n kullan\u0131lmas\u0131 bunlara verilebilecek en basit \u00f6rnekler. O y\u00fczden bu \u00fcr\u00fcnlere dikkat \u00e7eken ve farkl\u0131 teknolojik \u00fcr\u00fcnlerin g\u00f6r\u00fcc\u00fcye \u00e7\u0131kmas\u0131n\u0131 sa\u011flayacak b\u00f6yle bir fuar elbette \u00e7ok faydal\u0131 sonu\u00e7lar do\u011furacakt\u0131r\u201d \u015feklinde konu\u015ftu.<\/p>\n<p><strong>Y\u0131lda 200 milyon TL enerji tasarrufu<\/strong><\/p>\n<p>D\u00fcnya \u00e7ap\u0131nda bir Enerji Y\u00f6netim Uzman\u0131 olan Schneider Electric, enerji verimlili\u011fi alan\u0131ndaki bilin\u00e7lendirme \u00e7al\u0131\u015fmalar\u0131yla birlikte \u00fcretti\u011fi \u00e7evreye duyarl\u0131 ve enerji verimlili\u011fi sa\u011flamaya y\u00f6nelik \u00fcr\u00fcnler ile m\u00fc\u015fterilerinin enerji ve s\u00fcrd\u00fcr\u00fclebilirlik hedeflerine daha rahat ula\u015fmas\u0131n\u0131 sa\u011fl\u0131yor. Karam\u0131k, Schneider Electric T\u00fcrkiye Enerji Verimlili\u011fi Departman\u0131\u2019n\u0131n, 2011 y\u0131l\u0131ndan itibaren sanayi alan\u0131nda demir\/\u00e7elik, \u00e7imento, rafineri, kimya, petrokimya, ta\u015f\/toprak\/madencilik, mineral, metal, g\u0131da\/i\u00e7ecek, tekstil, otomotiv, naylon\/polyester\/kordbezi, a\u011fa\u00e7\/orman \u00fcr\u00fcnleri sanayi, ka\u011f\u0131t, ambalaj, imalat ve plastik gibi pek \u00e7ok sekt\u00f6rdehastane, hizmet, y\u00f6netim binalar\u0131nda, otel, konut, sosyal tesis sekt\u00f6rlerinde ger\u00e7ekle\u015ftirdi\u011fi 300\u2019\u00fcn den fazla \u00e7al\u0131\u015fma yapt\u0131klar\u0131n\u0131 ifade etti. \u00c7al\u0131\u015fmalarda elektrik, do\u011falgaz, buhar, fuel-oil, motorin ba\u015fta olmak \u00fczere t\u00fcm enerji t\u00fcrlerinde toplam 1.5 Milyar kWh\/y\u0131l ve 200 MilyonTL\/y\u0131l\u2019l\u0131k bir enerji verimlili\u011fi potansiyeli ortaya \u00e7\u0131kartt\u0131klar\u0131na dikkat \u00e7eken Karam\u0131k, kurulu\u015flara yapmak istedikleri enerji verimlili\u011fi \u00e7al\u0131\u015fmalar\u0131nda ciddi bir katk\u0131 sa\u011fland\u0131\u011f\u0131n\u0131 s\u00f6yledi.<\/p>\n<p><strong>Sanayide tasarrufun kar\u015f\u0131l\u0131\u011f\u0131 2 milyon 700 bin yeni a\u011fa\u00e7 <\/strong><\/p>\n<p>Karam\u0131k \u201cBahsedilen t\u00fcm bu projelerdeki enerji verimlili\u011fi aksiyonlar\u0131n\u0131n uygulanmas\u0131 ile s\u00f6z konusu kurulu\u015flar enerji t\u00fcketimi kaynakl\u0131 y\u0131ll\u0131k CO2 emisyonlar\u0131n\u0131 900.000 ton CO2\/y\u0131l azaltabileceklerdir. Bu da yakla\u015f\u0131k 2.700.000 adet yeni a\u011fac\u0131n dikilmesi demektir.\u201d\u015feklinde konu\u015ftu.<\/p>\n<p>T\u00fcm bu enerji verimlili\u011fi \u00e7al\u0131\u015fmalar\u0131 sayesinde hem kurulu\u015flar enerji maliyetlerini ve enerji t\u00fcketimi kaynakl\u0131 \u00e7evresel etkilerini ciddi oranda azaltabilecek, hem de \u00fclkemizin enerjide d\u0131\u015fa ba\u011f\u0131ml\u0131l\u0131\u011f\u0131n\u0131 ve sera gazlar\u0131 emisyonlar\u0131n\u0131 azaltma hedeflerinde kayda de\u011fer bir geli\u015fme sa\u011flanabilecekler.<\/p>","protected":false},"excerpt":{"rendered":"<p>Sorry, this entry is only available in Turkish. For the sake of viewer convenience, the content is shown below in the alternative language. You may click the link to switch the active language.D\u00fcnya \u00e7ap\u0131nda bir Enerji Y\u00f6netim Uzman\u0131 olan Schneider Electric, ENIPE Enerji Verimli Sanayi ve \u00dcr\u00fcnler Fuar\u0131\u2019nda kuraca\u011f\u0131 \u201cEnerji \u00dcniversitesi\u201d stand\u0131nda enerji verimlili\u011fi konusunda [&hellip;]<\/p>\n","protected":false},"author":1,"featured_media":65266,"comment_status":"open","ping_status":"open","sticky":false,"template":"","format":"standard","meta":[],"categories":[53,52],"tags":[34271,63,67,1009,2698,165,28240,12,34449,34448,4157,793],"views":1486,"_links":{"self":[{"href":"https:\/\/www.enerjigazetesi.ist\/en\/wp-json\/wp\/v2\/posts\/65265"}],"collection":[{"href":"https:\/\/www.enerjigazetesi.ist\/en\/wp-json\/wp\/v2\/posts"}],"about":[{"href":"https:\/\/www.enerjigazetesi.ist\/en\/wp-json\/wp\/v2\/types\/post"}],"author":[{"embeddable":true,"href":"https:\/\/www.enerjigazetesi.ist\/en\/wp-json\/wp\/v2\/users\/1"}],"replies":[{"embeddable":true,"href":"https:\/\/www.enerjigazetesi.ist\/en\/wp-json\/wp\/v2\/comments?post=65265"}],"version-history":[{"count":1,"href":"https:\/\/www.enerjigazetesi.ist\/en\/wp-json\/wp\/v2\/posts\/65265\/revisions"}],"predecessor-version":[{"id":65267,"href":"https:\/\/www.enerjigazetesi.ist\/en\/wp-json\/wp\/v2\/posts\/65265\/revisions\/65267"}],"wp:featuredmedia":[{"embeddable":true,"href":"https:\/\/www.enerjigazetesi.ist\/en\/wp-json\/wp\/v2\/media\/65266"}],"wp:attachment":[{"href":"https:\/\/www.enerjigazetesi.ist\/en\/wp-json\/wp\/v2\/media?parent=65265"}],"wp:term":[{"taxonomy":"category","embeddable":true,"href":"https:\/\/www.enerjigazetesi.ist\/en\/wp-json\/wp\/v2\/categories?post=65265"},{"taxonomy":"post_tag","embeddable":true,"href":"https:\/\/www.enerjigazetesi.ist\/en\/wp-json\/wp\/v2\/tags?post=65265"}],"curies":[{"name":"wp","href":"https:\/\/api.w.org\/{rel}","templated":true}]}}