{"id":65217,"date":"2017-06-28T09:19:07","date_gmt":"2017-06-28T06:19:07","guid":{"rendered":"https:\/\/www.enerjigazetesi.ist\/?p=65217"},"modified":"2017-06-28T09:19:07","modified_gmt":"2017-06-28T06:19:07","slug":"fransa-bundan-boyle-dogalgaz-ve-petrol-arama-izni-vermeyecek","status":"publish","type":"post","link":"https:\/\/www.enerjigazetesi.ist\/en\/fransa-bundan-boyle-dogalgaz-ve-petrol-arama-izni-vermeyecek\/","title":{"rendered":"(Turkish) Fransa Bundan B\u00f6yle Do\u011falgaz ve Petrol Arama \u0130zni Vermeyecek"},"content":{"rendered":"<p class=\"qtranxs-available-languages-message qtranxs-available-languages-message-en\">Sorry, this entry is only available in <a href=\"https:\/\/www.enerjigazetesi.ist\/tr\/wp-json\/wp\/v2\/posts\/65217\" class=\"qtranxs-available-language-link qtranxs-available-language-link-tr\" title=\"Turkish\">Turkish<\/a>. For the sake of viewer convenience, the content is shown below in the alternative language. You may click the link to switch the active language.<\/p><p><strong><span style=\"color: #0a0a0a;\">Fransa h\u00fck\u00fcmeti taraf\u0131n<a href=\"https:\/\/www.enerjigazetesi.ist\/wp-content\/uploads\/2015\/07\/petrol-ve-dogalgazda-186-yeni-arama-basvurusu-yapildi.jpg\"><img loading=\"lazy\" class=\"alignleft size-medium wp-image-40868\" src=\"https:\/\/www.enerjigazetesi.ist\/wp-content\/uploads\/2015\/07\/petrol-ve-dogalgazda-186-yeni-arama-basvurusu-yapildi-300x200.jpg\" alt=\"petrol-ve-dogalgaz\" width=\"300\" height=\"200\" srcset=\"https:\/\/www.enerjigazetesi.ist\/wp-content\/uploads\/2015\/07\/petrol-ve-dogalgazda-186-yeni-arama-basvurusu-yapildi-300x200.jpg 300w, https:\/\/www.enerjigazetesi.ist\/wp-content\/uploads\/2015\/07\/petrol-ve-dogalgazda-186-yeni-arama-basvurusu-yapildi-500x333.jpg 500w, https:\/\/www.enerjigazetesi.ist\/wp-content\/uploads\/2015\/07\/petrol-ve-dogalgazda-186-yeni-arama-basvurusu-yapildi-74x50.jpg 74w, https:\/\/www.enerjigazetesi.ist\/wp-content\/uploads\/2015\/07\/petrol-ve-dogalgazda-186-yeni-arama-basvurusu-yapildi.jpg 640w\" sizes=\"(max-width: 300px) 100vw, 300px\" \/><\/a>dan do\u011fa dostu enerjiye ge\u00e7i\u015f plan\u0131n\u0131n bir par\u00e7as\u0131 olarak do\u011falgaz ve petrol i\u00e7in arama izni verilmesi sonland\u0131r\u0131lacak.<\/span><\/strong><\/p>\n<p>Fransa Cumhurba\u015fkan\u0131 Emmanuel Macron ve \u00c7evre ve Ekolojik D\u00f6n\u00fc\u015f\u00fcm Bakan\u0131 Nicolas Hulot, yenilenebilir enerji plan\u0131n\u0131 ve k\u00fcresel \u0131s\u0131nmay\u0131 tart\u0131\u015fmak i\u00e7in biraradayd\u0131.<\/p>\n<p>BFMTV\u2019ye a\u00e7\u0131klamalarda bulunan\u00a0Hulot, \u2018yeni hidrokarbon aramalar\u0131na y\u00f6nelik\u00a0izin verilmeyece\u011fini\u2019 s\u00f6yledi. Hulot, yasan\u0131n sonbaharda y\u00fcr\u00fcrl\u00fc\u011fe girece\u011fini\u00a0de belirtti.<\/p>","protected":false},"excerpt":{"rendered":"<p>Sorry, this entry is only available in Turkish. For the sake of viewer convenience, the content is shown below in the alternative language. You may click the link to switch the active language.Fransa h\u00fck\u00fcmeti taraf\u0131ndan do\u011fa dostu enerjiye ge\u00e7i\u015f plan\u0131n\u0131n bir par\u00e7as\u0131 olarak do\u011falgaz ve petrol i\u00e7in arama izni verilmesi sonland\u0131r\u0131lacak. Fransa Cumhurba\u015fkan\u0131 Emmanuel Macron [&hellip;]<\/p>\n","protected":false},"author":1,"featured_media":40868,"comment_status":"open","ping_status":"open","sticky":false,"template":"","format":"standard","meta":[],"categories":[46,53,44],"tags":[34417,34418,63,67,1009,2698,165,1471,34419,34420],"views":1721,"_links":{"self":[{"href":"https:\/\/www.enerjigazetesi.ist\/en\/wp-json\/wp\/v2\/posts\/65217"}],"collection":[{"href":"https:\/\/www.enerjigazetesi.ist\/en\/wp-json\/wp\/v2\/posts"}],"about":[{"href":"https:\/\/www.enerjigazetesi.ist\/en\/wp-json\/wp\/v2\/types\/post"}],"author":[{"embeddable":true,"href":"https:\/\/www.enerjigazetesi.ist\/en\/wp-json\/wp\/v2\/users\/1"}],"replies":[{"embeddable":true,"href":"https:\/\/www.enerjigazetesi.ist\/en\/wp-json\/wp\/v2\/comments?post=65217"}],"version-history":[{"count":1,"href":"https:\/\/www.enerjigazetesi.ist\/en\/wp-json\/wp\/v2\/posts\/65217\/revisions"}],"predecessor-version":[{"id":65218,"href":"https:\/\/www.enerjigazetesi.ist\/en\/wp-json\/wp\/v2\/posts\/65217\/revisions\/65218"}],"wp:featuredmedia":[{"embeddable":true,"href":"https:\/\/www.enerjigazetesi.ist\/en\/wp-json\/wp\/v2\/media\/40868"}],"wp:attachment":[{"href":"https:\/\/www.enerjigazetesi.ist\/en\/wp-json\/wp\/v2\/media?parent=65217"}],"wp:term":[{"taxonomy":"category","embeddable":true,"href":"https:\/\/www.enerjigazetesi.ist\/en\/wp-json\/wp\/v2\/categories?post=65217"},{"taxonomy":"post_tag","embeddable":true,"href":"https:\/\/www.enerjigazetesi.ist\/en\/wp-json\/wp\/v2\/tags?post=65217"}],"curies":[{"name":"wp","href":"https:\/\/api.w.org\/{rel}","templated":true}]}}