{"id":65202,"date":"2017-06-27T15:05:24","date_gmt":"2017-06-27T12:05:24","guid":{"rendered":"https:\/\/www.enerjigazetesi.ist\/?p=65202"},"modified":"2017-06-27T15:05:24","modified_gmt":"2017-06-27T12:05:24","slug":"albayrak-dunyanin-en-buyuk-gunes-ve-ruzgar-tarlasini-yapacagiz","status":"publish","type":"post","link":"https:\/\/www.enerjigazetesi.ist\/en\/albayrak-dunyanin-en-buyuk-gunes-ve-ruzgar-tarlasini-yapacagiz\/","title":{"rendered":"(Turkish) Albayrak: \u201cD\u00fcnyan\u0131n En B\u00fcy\u00fck G\u00fcne\u015f ve R\u00fczgar Tarlas\u0131n\u0131 Yapaca\u011f\u0131z\u201d"},"content":{"rendered":"<p class=\"qtranxs-available-languages-message qtranxs-available-languages-message-en\">Sorry, this entry is only available in <a href=\"https:\/\/www.enerjigazetesi.ist\/tr\/wp-json\/wp\/v2\/posts\/65202\" class=\"qtranxs-available-language-link qtranxs-available-language-link-tr\" title=\"Turkish\">Turkish<\/a>. For the sake of viewer convenience, the content is shown below in the alternative language. You may click the link to switch the active language.<\/p><p><\/p>\n<p style=\"color: #0a0a0a;\"><strong>Enerji Bakan\u0131 Albayrak taraf\u0131ndan yerli enerji kaynaklar\u0131n\u0131n daha \u00e7ok kullan\u0131laca\u011f\u0131 beli<a href=\"https:\/\/www.enerjigazetesi.ist\/wp-content\/uploads\/2014\/09\/dunya-genelinde-gunes-ve-ruzgarin-elektrik-uretimindeki-payi-artti.jpg\"><img loading=\"lazy\" class=\"alignright size-medium wp-image-31061\" src=\"https:\/\/www.enerjigazetesi.ist\/wp-content\/uploads\/2014\/09\/dunya-genelinde-gunes-ve-ruzgarin-elektrik-uretimindeki-payi-artti-300x217.jpg\" alt=\"dunya-genelinde-gunes-ve-ruzgarin-elektrik-uretimindeki-payi-artti\" width=\"300\" height=\"217\" srcset=\"https:\/\/www.enerjigazetesi.ist\/wp-content\/uploads\/2014\/09\/dunya-genelinde-gunes-ve-ruzgarin-elektrik-uretimindeki-payi-artti-300x217.jpg 300w, https:\/\/www.enerjigazetesi.ist\/wp-content\/uploads\/2014\/09\/dunya-genelinde-gunes-ve-ruzgarin-elektrik-uretimindeki-payi-artti-500x361.jpg 500w, https:\/\/www.enerjigazetesi.ist\/wp-content\/uploads\/2014\/09\/dunya-genelinde-gunes-ve-ruzgarin-elektrik-uretimindeki-payi-artti-69x50.jpg 69w, https:\/\/www.enerjigazetesi.ist\/wp-content\/uploads\/2014\/09\/dunya-genelinde-gunes-ve-ruzgarin-elektrik-uretimindeki-payi-artti.jpg 600w\" sizes=\"(max-width: 300px) 100vw, 300px\" \/><\/a>rtilerek, d\u00fcnyan\u0131n en b\u00fcy\u00fck g\u00fcne\u015f ve r\u00fczgar tarlas\u0131n\u0131n yap\u0131laca\u011f\u0131 ifade edildi.<\/strong><\/p>\n<p>D\u00fcnyan\u0131n en b\u00fcy\u00fck g\u00fcne\u015f tarlas\u0131n\u0131n ihalesinin yap\u0131ld\u0131\u011f\u0131n\u0131\u00a0hat\u0131rlatan Albayrak,\u00a0s\u00f6zlerini \u015f\u00f6yle s\u00fcrd\u00fcrd\u00fc:<\/p>\n<p>\u201cMart ay\u0131nda g\u00fcne\u015f enerjisiyle d\u00fcnyan\u0131n en b\u00fcy\u00fck g\u00fcne\u015f tarlas\u0131n\u0131n ihalesini, rekor d\u00fczeyde uygun bir fiyatta bug\u00fcn itibari ile art\u0131k 19.5 sente kilovat saati mal olan g\u00fcne\u015f enerjisini 6.99 sente d\u00fc\u015f\u00fcrece\u011fiz ve bu kendi kayna\u011f\u0131m\u0131z, kendi \u00fcretimimiz olacakt\u0131r. Ayn\u0131 zamanda kendi panellerimiz, kendi fabrikalar\u0131m\u0131zda \u00fcretilecek bir \u015fekilde asgari y\u00fczde 60-70 yerli \u00fcretimle birlikte ve bu panelleri \u00fcretecek ara\u015ft\u0131rma geli\u015ftirme Ar-Ge altyap\u0131s\u0131n\u0131n da asgari y\u00fczde 80 yerli ve milli m\u00fchendislerimizle olu\u015facak \u015fekilde bir s\u00fcre\u00e7 ba\u015flam\u0131\u015ft\u0131r.\u201d<\/p>\n<p>Haberin <a href=\"http:\/\/enerjienstitusu.com\/2017\/06\/27\/bakan-albayrak-dunyanin-en-buyuk-gunes-ruzgar-tarlasini-yapacagiz\/\" target=\"_blank\" rel=\"nofollow\">Devam\u0131 \u0130\u00e7in TIKLAYINIZ&gt;&gt;&gt;<\/a><\/p>","protected":false},"excerpt":{"rendered":"<p>Sorry, this entry is only available in Turkish. For the sake of viewer convenience, the content is shown below in the alternative language. You may click the link to switch the active language. Enerji Bakan\u0131 Albayrak taraf\u0131ndan yerli enerji kaynaklar\u0131n\u0131n daha \u00e7ok kullan\u0131laca\u011f\u0131 belirtilerek, d\u00fcnyan\u0131n en b\u00fcy\u00fck g\u00fcne\u015f ve r\u00fczgar tarlas\u0131n\u0131n yap\u0131laca\u011f\u0131 ifade edildi. D\u00fcnyan\u0131n [&hellip;]<\/p>\n","protected":false},"author":1,"featured_media":31061,"comment_status":"open","ping_status":"open","sticky":false,"template":"","format":"standard","meta":[],"categories":[53,49,50],"tags":[27051,63,67,1009,2698,165,1389,2326,227,13,2569,34406,15179,5097,16],"views":1566,"_links":{"self":[{"href":"https:\/\/www.enerjigazetesi.ist\/en\/wp-json\/wp\/v2\/posts\/65202"}],"collection":[{"href":"https:\/\/www.enerjigazetesi.ist\/en\/wp-json\/wp\/v2\/posts"}],"about":[{"href":"https:\/\/www.enerjigazetesi.ist\/en\/wp-json\/wp\/v2\/types\/post"}],"author":[{"embeddable":true,"href":"https:\/\/www.enerjigazetesi.ist\/en\/wp-json\/wp\/v2\/users\/1"}],"replies":[{"embeddable":true,"href":"https:\/\/www.enerjigazetesi.ist\/en\/wp-json\/wp\/v2\/comments?post=65202"}],"version-history":[{"count":1,"href":"https:\/\/www.enerjigazetesi.ist\/en\/wp-json\/wp\/v2\/posts\/65202\/revisions"}],"predecessor-version":[{"id":65203,"href":"https:\/\/www.enerjigazetesi.ist\/en\/wp-json\/wp\/v2\/posts\/65202\/revisions\/65203"}],"wp:featuredmedia":[{"embeddable":true,"href":"https:\/\/www.enerjigazetesi.ist\/en\/wp-json\/wp\/v2\/media\/31061"}],"wp:attachment":[{"href":"https:\/\/www.enerjigazetesi.ist\/en\/wp-json\/wp\/v2\/media?parent=65202"}],"wp:term":[{"taxonomy":"category","embeddable":true,"href":"https:\/\/www.enerjigazetesi.ist\/en\/wp-json\/wp\/v2\/categories?post=65202"},{"taxonomy":"post_tag","embeddable":true,"href":"https:\/\/www.enerjigazetesi.ist\/en\/wp-json\/wp\/v2\/tags?post=65202"}],"curies":[{"name":"wp","href":"https:\/\/api.w.org\/{rel}","templated":true}]}}