{"id":65080,"date":"2017-06-22T10:43:37","date_gmt":"2017-06-22T07:43:37","guid":{"rendered":"https:\/\/www.enerjigazetesi.ist\/?p=65080"},"modified":"2017-06-22T10:43:37","modified_gmt":"2017-06-22T07:43:37","slug":"sanayi-sektorundeki-elektrik-maliyetleri-yaklasik-yuzde-20-artis-gosterdi","status":"publish","type":"post","link":"https:\/\/www.enerjigazetesi.ist\/en\/sanayi-sektorundeki-elektrik-maliyetleri-yaklasik-yuzde-20-artis-gosterdi\/","title":{"rendered":"(Turkish) Sanayi Sekt\u00f6r\u00fcndeki Elektrik Maliyetleri Yakla\u015f\u0131k Y\u00fczde 20 Art\u0131\u015f G\u00f6sterdi"},"content":{"rendered":"<p class=\"qtranxs-available-languages-message qtranxs-available-languages-message-en\">Sorry, this entry is only available in <a href=\"https:\/\/www.enerjigazetesi.ist\/tr\/wp-json\/wp\/v2\/posts\/65080\" class=\"qtranxs-available-language-link qtranxs-available-language-link-tr\" title=\"Turkish\">Turkish<\/a>. For the sake of viewer convenience, the content is shown below in the alternative language. You may click the link to switch the active language.<\/p><p><strong>Enerji Piyasalar\u0131ndaki Dalgalanma 2017 Y\u0131l\u0131nda da\u00a0S\u00fcrecek<\/strong><\/p>\n<p><strong>Sanayi kurulu\u015flar\u0131n\u0131n en \u00f6nemli maliyet kalemlerinden biri olan enerji maliyetleri 2017 y\u0131l\u0131nda artmaya devam edecek. Enexion Enerji Dan\u0131\u015fmanl\u0131k Genel M\u00fcd\u00fcr\u00fc Ceren \u00d6zdal \u201cSanayi sekt\u00f6r\u00fcn\u00fcn elektrik profil maliyetleri 2017 y\u0131l\u0131nda yakla\u015f\u0131k y\u00fczde 20 oran\u0131nda art\u0131\u015f g\u00f6stererek ulusal tarifeyi ge\u00e7ti. Y\u00fckseli\u015f devam edebilir\u201d dedi.<\/strong><\/p>\n<p>T\u00fcrkiye\u2019de enerji maliyetlerinin y\u00fckselmesi ve serbest piyasan\u0131n zor durumda kalmas\u0131, enerji tedarik fiyatlar\u0131na yans\u0131d\u0131. Sanayi kurulu\u015flar\u0131n\u0131n enerji maliyetleri bir \u00f6n<a href=\"https:\/\/www.enerjigazetesi.ist\/wp-content\/uploads\/2017\/06\/sanayi-sektorundeki-elektrik-maliyetleri-yaklasik-yuzde-20-artis-gosterdi.jpg\"><img loading=\"lazy\" class=\"alignleft size-medium wp-image-65081\" src=\"https:\/\/www.enerjigazetesi.ist\/wp-content\/uploads\/2017\/06\/sanayi-sektorundeki-elektrik-maliyetleri-yaklasik-yuzde-20-artis-gosterdi-300x290.jpg\" alt=\"sanayi-sektorundeki-elektrik-maliyetleri-yaklasik-yuzde-20-artis-gosterdi\" width=\"300\" height=\"290\" srcset=\"https:\/\/www.enerjigazetesi.ist\/wp-content\/uploads\/2017\/06\/sanayi-sektorundeki-elektrik-maliyetleri-yaklasik-yuzde-20-artis-gosterdi-300x290.jpg 300w, https:\/\/www.enerjigazetesi.ist\/wp-content\/uploads\/2017\/06\/sanayi-sektorundeki-elektrik-maliyetleri-yaklasik-yuzde-20-artis-gosterdi-413x400.jpg 413w, https:\/\/www.enerjigazetesi.ist\/wp-content\/uploads\/2017\/06\/sanayi-sektorundeki-elektrik-maliyetleri-yaklasik-yuzde-20-artis-gosterdi-51x50.jpg 51w, https:\/\/www.enerjigazetesi.ist\/wp-content\/uploads\/2017\/06\/sanayi-sektorundeki-elektrik-maliyetleri-yaklasik-yuzde-20-artis-gosterdi.jpg 425w\" sizes=\"(max-width: 300px) 100vw, 300px\" \/><\/a>ceki y\u0131la k\u0131yasla yakla\u015f\u0131k y\u00fczde 20 oran\u0131nda artt\u0131. 2017 y\u0131l\u0131n\u0131n ikinci yar\u0131s\u0131 elektrik ve do\u011falgaza zam, d\u00f6viz kurlar\u0131ndaki art\u0131\u015f gibi \u00e7ok fazla risk i\u00e7eriyor.<\/p>\n<p><strong>Enexion Enerji Dan\u0131\u015fmanl\u0131k Genel M\u00fcd\u00fcr\u00fc Ceren \u00d6zdal<\/strong>, enerji maliyetlerindeki y\u00fckseli\u015fe dikkat \u00e7ekerek, piyasadaki dalgalanman\u0131n y\u0131lsonuna kadar s\u00fcrmesini \u00f6ng\u00f6rd\u00fcklerini belirtti. \u00d6zdal, USD\/TL kurunun ge\u00e7ti\u011fimiz d\u00f6nemde y\u00fczde 25\u2019e varan y\u00fckseli\u015fi ile d\u00f6viz bazl\u0131 finansman y\u00fck\u00fc olan bir\u00e7ok enerji \u00fcreticisinin olumsuz etkilendi\u011fini vurgulad\u0131. Her ne kadar kur ge\u00e7ti\u011fimiz birka\u00e7 ayl\u0131k d\u00f6nemde geri \u00e7ekilse de \u015firketlerin risk alg\u0131s\u0131n\u0131n devam etti\u011fini bildiren \u00d6zdal, \u00f6n\u00fcm\u00fczdeki d\u00f6nemde spot piyasadaki enerji fiyatlar\u0131n\u0131n da y\u00fckselme \u00e7izgisinde oldu\u011funu ifade etti. Tedarik\u00e7ilerin ge\u00e7ti\u011fimiz y\u0131l ya\u015fan\u0131lan do\u011falgaz krizinin bir benzerinin Aral\u0131k 2017\u2019de ya\u015fanma ihtimaline kar\u015f\u0131 Aral\u0131k kontratlar\u0131nda \u00e7ekimser davrand\u0131klar\u0131n\u0131 s\u00f6yleyen \u00d6zdal, elektrik ve do\u011falgaz tarifelerindeki beklentilere ve dolardaki hareketlili\u011fe ba\u011fl\u0131 olarak elektrik maliyetleri artmaya devam edebilece\u011fini s\u00f6zlerine ekledi.<\/p>\n<p><strong>Almanya\u2019daki enerji tedarik y\u00f6ntemleri \u00f6rnek al\u0131nabilir<\/strong><\/p>\n<p>Ceren \u00d6zdal, enerji maliyetlerinin en \u00f6nemli ek kalemi olan Yenilenebilir Enerji Kaynaklar\u0131 Destekleme Mekanizmas\u0131 (YEKDEM) birim maliyetinin, yenilenebilir enerjide ya\u015fanan y\u00fczde 15 kapasite art\u0131\u015f\u0131 ve dolar kurundaki y\u00fckseli\u015f ile beraber 2017 y\u0131l\u0131nda, 2016 y\u0131l\u0131na k\u0131yasla y\u00fczde 50 civar\u0131nda bir art\u0131\u015f g\u00f6stermesi beklendi\u011fini a\u00e7\u0131klad\u0131. \u00d6zdal, YEKDEM\u2019deki art\u0131\u015f, elektrik piyasalar\u0131nda ge\u00e7en y\u0131la g\u00f6re ya\u015fanan y\u00fckseli\u015f ve tarife zamm\u0131 ihtimalleri ile beraber ortalama sanayi elektrik profil maliyetinin yakla\u015f\u0131k y\u00fczde 20 oran\u0131nda artmas\u0131na neden oldu\u011funu belirtti. Bu art\u0131\u015flarla birlikte b\u00fcy\u00fck sanayi t\u00fcketicilerinin enerji tedari\u011fini toptan piyasalara kayd\u0131rmas\u0131n\u0131n beklendi\u011fini belirten \u00d6zdal, bu konuda Almanya piyasalar\u0131ndaki tedarik y\u00f6ntemlerinin \u00f6rnek al\u0131nabilece\u011fini s\u00f6yledi.<\/p>\n<p><strong>Sanayi \u015firketlerine enerji y\u00f6netimi i\u00e7in 5 tavsiye <\/strong><\/p>\n<p>Enerji Dan\u0131\u015fman\u0131 Ceren \u00d6zdal, elektrik maliyetlerinin sanayi firmalar\u0131n\u0131 olumsuz etkilememesi i\u00e7in 5 tavsiyede bulundu:<\/p>\n<p>&#8211; G\u00fcvenilir enerji tedarik\u00e7ileriyle \u00e7al\u0131\u015f\u0131lmas\u0131.<\/p>\n<p>&#8211; Enerji ihtiyac\u0131n\u0131n do\u011fru tespit edilerek, enerji piyasalar\u0131ndan en rekabet\u00e7i \u015fekilde enerjinin tedarik edilmesi.<\/p>\n<p>&#8211; Enerji piyasas\u0131ndan s\u00fcrd\u00fcr\u00fclebilir en uygun birim fiyatlarla anla\u015fmalar\u0131n yap\u0131lmas\u0131.<\/p>\n<p>&#8211; Mevzuatlar\u0131n \u00e7ok yak\u0131ndan takip edilerek, beklenen de\u011fi\u015fikliklerle olu\u015fabilecek maliyetlerin hesaplanmas\u0131.<\/p>\n<p>&#8211; Enerji tedarik s\u00f6zle\u015fmelerinin kapsam\u0131nda ileride olu\u015fabilecek ek maliyetlerin neler oldu\u011funun belirlenerek bunlar\u0131n g\u00fcvenli s\u00f6zle\u015fmeler ile g\u00fcvence alt\u0131na al\u0131nmas\u0131.<\/p>","protected":false},"excerpt":{"rendered":"<p>Sorry, this entry is only available in Turkish. For the sake of viewer convenience, the content is shown below in the alternative language. You may click the link to switch the active language.Enerji Piyasalar\u0131ndaki Dalgalanma 2017 Y\u0131l\u0131nda da\u00a0S\u00fcrecek Sanayi kurulu\u015flar\u0131n\u0131n en \u00f6nemli maliyet kalemlerinden biri olan enerji maliyetleri 2017 y\u0131l\u0131nda artmaya devam edecek. Enexion Enerji [&hellip;]<\/p>\n","protected":false},"author":1,"featured_media":65081,"comment_status":"open","ping_status":"open","sticky":false,"template":"","format":"standard","meta":[],"categories":[51,53],"tags":[34351,68,61,19638,1451,2873,63,67,1009,2698,165,34350],"views":986,"_links":{"self":[{"href":"https:\/\/www.enerjigazetesi.ist\/en\/wp-json\/wp\/v2\/posts\/65080"}],"collection":[{"href":"https:\/\/www.enerjigazetesi.ist\/en\/wp-json\/wp\/v2\/posts"}],"about":[{"href":"https:\/\/www.enerjigazetesi.ist\/en\/wp-json\/wp\/v2\/types\/post"}],"author":[{"embeddable":true,"href":"https:\/\/www.enerjigazetesi.ist\/en\/wp-json\/wp\/v2\/users\/1"}],"replies":[{"embeddable":true,"href":"https:\/\/www.enerjigazetesi.ist\/en\/wp-json\/wp\/v2\/comments?post=65080"}],"version-history":[{"count":1,"href":"https:\/\/www.enerjigazetesi.ist\/en\/wp-json\/wp\/v2\/posts\/65080\/revisions"}],"predecessor-version":[{"id":65082,"href":"https:\/\/www.enerjigazetesi.ist\/en\/wp-json\/wp\/v2\/posts\/65080\/revisions\/65082"}],"wp:featuredmedia":[{"embeddable":true,"href":"https:\/\/www.enerjigazetesi.ist\/en\/wp-json\/wp\/v2\/media\/65081"}],"wp:attachment":[{"href":"https:\/\/www.enerjigazetesi.ist\/en\/wp-json\/wp\/v2\/media?parent=65080"}],"wp:term":[{"taxonomy":"category","embeddable":true,"href":"https:\/\/www.enerjigazetesi.ist\/en\/wp-json\/wp\/v2\/categories?post=65080"},{"taxonomy":"post_tag","embeddable":true,"href":"https:\/\/www.enerjigazetesi.ist\/en\/wp-json\/wp\/v2\/tags?post=65080"}],"curies":[{"name":"wp","href":"https:\/\/api.w.org\/{rel}","templated":true}]}}