{"id":65053,"date":"2017-06-21T12:34:29","date_gmt":"2017-06-21T09:34:29","guid":{"rendered":"https:\/\/www.enerjigazetesi.ist\/?p=65053"},"modified":"2017-06-21T12:34:29","modified_gmt":"2017-06-21T09:34:29","slug":"adm-ve-gdz-elektrik-dagitimdan-kayiplari-onleyecek-proje","status":"publish","type":"post","link":"https:\/\/www.enerjigazetesi.ist\/en\/adm-ve-gdz-elektrik-dagitimdan-kayiplari-onleyecek-proje\/","title":{"rendered":"(Turkish) ADM ve GDZ Elektrik Da\u011f\u0131t\u0131m\u2019dan Kay\u0131plar\u0131 \u00d6nleyecek Proje"},"content":{"rendered":"<p class=\"qtranxs-available-languages-message qtranxs-available-languages-message-en\">Sorry, this entry is only available in <a href=\"https:\/\/www.enerjigazetesi.ist\/tr\/wp-json\/wp\/v2\/posts\/65053\" class=\"qtranxs-available-language-link qtranxs-available-language-link-tr\" title=\"Turkish\">Turkish<\/a>. For the sake of viewer convenience, the content is shown below in the alternative language. You may click the link to switch the active language.<\/p><p><strong>ADM ve GDZ Elektrik Da\u011f\u0131t\u0131m &#8216;Elektrik Da\u011f\u0131t\u0131m \u015eebekelerinde Teknik Kay\u0131p ve Teknik Olmayan Kay\u0131plar\u0131n Hesaplanmas\u0131 ve Ayr\u0131\u015ft\u0131r\u0131lmas\u0131 Y\u00f6ntemi&#8217; projesini ba\u015flatt\u0131. ADM ve GDZ Elektrik Da\u011f\u0131t\u0131m hizmet b\u00f6lgelerinde, Enerji Piyasas\u0131 D\u00fczenleme Kurumu (EPDK) taraf\u0131ndan sa\u011flanan AR-GE deste\u011fi ile LUNA Elektrik Elektronik \u015firketinin i\u015fbirli\u011fi ile y\u00fcr\u00fct\u00fclen projede pilot uygulamaya ba\u015flad\u0131.<\/strong><\/p>\n<p>ADM ve GDZ Elektrik Da\u011f\u0131t\u0131m \u015firketlerinin hizmet b\u00f6lgelerinde uygulanmaya ba\u015flanacak kay\u0131plar\u0131n \u00f6nlenmesine y\u00f6nelik projeyle ilgili bilgi veren ADM ve GDZ Elektrik Da\u011f\u0131t\u0131m \u0130cra Kurulu Ba\u015fkan Yard\u0131mc\u0131s\u0131 Metin Demirda\u011f; \u201cElektri\u011fin da\u011f\u0131t\u0131lmas\u0131 esnas\u0131nda 2 \u00e7e\u015fit ka<a href=\"https:\/\/www.enerjigazetesi.ist\/wp-content\/uploads\/2017\/06\/adm-ve-gdz-elektrik-dagitimdan-kayiplari-onleyecek-proje.jpg\"><img loading=\"lazy\" class=\"alignleft size-medium wp-image-65054\" src=\"https:\/\/www.enerjigazetesi.ist\/wp-content\/uploads\/2017\/06\/adm-ve-gdz-elektrik-dagitimdan-kayiplari-onleyecek-proje-300x199.jpg\" alt=\"adm-ve-gdz-elektrik-dagitimdan-kayiplari-onleyecek-proje\" width=\"300\" height=\"199\" srcset=\"https:\/\/www.enerjigazetesi.ist\/wp-content\/uploads\/2017\/06\/adm-ve-gdz-elektrik-dagitimdan-kayiplari-onleyecek-proje-300x199.jpg 300w, https:\/\/www.enerjigazetesi.ist\/wp-content\/uploads\/2017\/06\/adm-ve-gdz-elektrik-dagitimdan-kayiplari-onleyecek-proje-500x333.jpg 500w, https:\/\/www.enerjigazetesi.ist\/wp-content\/uploads\/2017\/06\/adm-ve-gdz-elektrik-dagitimdan-kayiplari-onleyecek-proje-75x50.jpg 75w, https:\/\/www.enerjigazetesi.ist\/wp-content\/uploads\/2017\/06\/adm-ve-gdz-elektrik-dagitimdan-kayiplari-onleyecek-proje.jpg 950w\" sizes=\"(max-width: 300px) 100vw, 300px\" \/><\/a>y\u0131p olu\u015fmaktad\u0131r. Bunlardan ilki \u015febekenin \u00f6zelli\u011finden kaynaklanan teknik kay\u0131plard\u0131r ki bu kay\u0131plar azalt\u0131lsa bile ortadan kald\u0131r\u0131lmas\u0131 fiziksel olarak m\u00fcmk\u00fcn de\u011fildir. \u0130kinci bir kay\u0131p t\u00fcr\u00fc ise hatta m\u00fcdahale edilmesi ile yani ka\u00e7ak elektrik kullan\u0131m\u0131 neticesinde meydana gelmektedir ve \u00f6nlenmesi m\u00fcmk\u00fcnd\u00fcr\u201d dedi.<\/p>\n<p><strong>\u0130ki kay\u0131p t\u00fcr\u00fcn\u00fcn ayr\u0131\u015ft\u0131r\u0131lmas\u0131 gerekli<\/strong><\/p>\n<p>Teknik kay\u0131plar\u0131n hatt\u0131n \u00fczerinde ger\u00e7ekle\u015fti\u011fini belirten Demirda\u011f, \u015f\u00f6yledevam etti: \u201cBu kay\u0131plar basit elektriksel form\u00fcller ile hesaplanabilir.\u00a0 \u0130kinci bahsedilen kay\u0131plar ise t\u00fcketimi g\u00f6zlemlenebilen ancak t\u00fcketim bedeli al\u0131namayan kay\u0131plard\u0131r. Mevcut sistemler ile bu iki kay\u0131p birbirinden ayr\u0131\u015ft\u0131r\u0131lamamakta dolay\u0131s\u0131yla teknik olmayan kay\u0131plar\u0131n tespiti m\u00fcmk\u00fcn olmamaktad\u0131r. Projenin uygulanaca\u011f\u0131 iki pilot b\u00f6lge belirlenmi\u015ftir. Bu b\u00f6lgelerde bulunan transformat\u00f6rlerin \u00e7\u0131k\u0131\u015f\u0131na PLC haberle\u015fme \u00f6zelli\u011fine sahip saya\u00e7lar tak\u0131lacak ve t\u00fcketicilerimizin eski saya\u00e7lar\u0131 da ayn\u0131 \u00f6zelli\u011fe sahip saya\u00e7larla de\u011fi\u015ftirilecek bu \u015fekilde hatt\u0131n \u00fczerinde kaybolan elektrik enerjisi miktar\u0131n\u0131n, merkeze aktar\u0131ld\u0131ktan sonra bir yaz\u0131l\u0131m vas\u0131tas\u0131yla hesaplanmas\u0131 m\u00fcmk\u00fcn olacak.\u201d<\/p>\n<p><strong>Kay\u0131plar anl\u0131k olarak takip edilecek <\/strong><\/p>\n<p>Hesaplamalarda de\u011fi\u015fken y\u00fckten dolay\u0131 belirli periyotlarla al\u0131nan gerilim ve enerji bilgileri kullan\u0131ld\u0131\u011f\u0131n\u0131 aktaran Demirda\u011f, \u201cB\u00f6ylece t\u00fcketici t\u00fcketiminin yan\u0131nda teknik kay\u0131plar\u0131n miktar\u0131 da belirlenecek; e\u011fer bu iki de\u011ferin \u00fczerinde bir t\u00fcketim g\u00f6zlemleniyorsa bu de\u011ferin teknik olmayan kay\u0131p oldu\u011fu anla\u015f\u0131lacakt\u0131r. Buna ek olarak; g\u00fc\u00e7 hesaplamalar\u0131yla ka\u00e7a\u011f\u0131n yakla\u015f\u0131k konumu da tespit edilecektir. Proje, da\u011f\u0131t\u0131m \u015firketleri i\u00e7in iki a\u00e7\u0131dan faydal\u0131 olacakt\u0131r; birincisi da\u011f\u0131t\u0131m b\u00f6lgesinde bulunan hatlar\u0131n teknik kay\u0131plar\u0131 anl\u0131k olarak takip edilebilecektir. \u0130kinci olarak ka\u00e7ak miktar\u0131 ile yakla\u015f\u0131k olarak ka\u00e7a\u011f\u0131n ger\u00e7ekle\u015fti\u011fi nokta tespit edilebilece\u011finden ka\u00e7akla m\u00fccadele daha h\u0131zl\u0131, anl\u0131k ve kolay ger\u00e7ekle\u015ftirilebilecektir. Bunun yan\u0131nda azalan ka\u00e7ak t\u00fcketim neticesinde \u00fcretim ve da\u011f\u0131t\u0131m maliyetleri azalacakt\u0131r ve kaynaklar daha verimli kullan\u0131lacakt\u0131r. Proje sayesinde \u00fclke ekonomisine de katk\u0131 sa\u011flayaca\u011f\u0131z. Teknolojik geli\u015fmeleri, i\u00e7inde bulundu\u011fumuz sekt\u00f6re en iyi \u015fekilde entegre ederek yeni projeler \u00fcretmeye devam edece\u011fiz. \u201d diyerek s\u00f6zlerini noktalad\u0131.<\/p>","protected":false},"excerpt":{"rendered":"<p>Sorry, this entry is only available in Turkish. For the sake of viewer convenience, the content is shown below in the alternative language. You may click the link to switch the active language.ADM ve GDZ Elektrik Da\u011f\u0131t\u0131m &#8216;Elektrik Da\u011f\u0131t\u0131m \u015eebekelerinde Teknik Kay\u0131p ve Teknik Olmayan Kay\u0131plar\u0131n Hesaplanmas\u0131 ve Ayr\u0131\u015ft\u0131r\u0131lmas\u0131 Y\u00f6ntemi&#8217; projesini ba\u015flatt\u0131. ADM ve GDZ [&hellip;]<\/p>\n","protected":false},"author":1,"featured_media":65054,"comment_status":"open","ping_status":"open","sticky":false,"template":"","format":"standard","meta":[],"categories":[51,53],"tags":[68,61,19638,1451,2873,63,67,1009,2698,165],"views":1411,"_links":{"self":[{"href":"https:\/\/www.enerjigazetesi.ist\/en\/wp-json\/wp\/v2\/posts\/65053"}],"collection":[{"href":"https:\/\/www.enerjigazetesi.ist\/en\/wp-json\/wp\/v2\/posts"}],"about":[{"href":"https:\/\/www.enerjigazetesi.ist\/en\/wp-json\/wp\/v2\/types\/post"}],"author":[{"embeddable":true,"href":"https:\/\/www.enerjigazetesi.ist\/en\/wp-json\/wp\/v2\/users\/1"}],"replies":[{"embeddable":true,"href":"https:\/\/www.enerjigazetesi.ist\/en\/wp-json\/wp\/v2\/comments?post=65053"}],"version-history":[{"count":1,"href":"https:\/\/www.enerjigazetesi.ist\/en\/wp-json\/wp\/v2\/posts\/65053\/revisions"}],"predecessor-version":[{"id":65055,"href":"https:\/\/www.enerjigazetesi.ist\/en\/wp-json\/wp\/v2\/posts\/65053\/revisions\/65055"}],"wp:featuredmedia":[{"embeddable":true,"href":"https:\/\/www.enerjigazetesi.ist\/en\/wp-json\/wp\/v2\/media\/65054"}],"wp:attachment":[{"href":"https:\/\/www.enerjigazetesi.ist\/en\/wp-json\/wp\/v2\/media?parent=65053"}],"wp:term":[{"taxonomy":"category","embeddable":true,"href":"https:\/\/www.enerjigazetesi.ist\/en\/wp-json\/wp\/v2\/categories?post=65053"},{"taxonomy":"post_tag","embeddable":true,"href":"https:\/\/www.enerjigazetesi.ist\/en\/wp-json\/wp\/v2\/tags?post=65053"}],"curies":[{"name":"wp","href":"https:\/\/api.w.org\/{rel}","templated":true}]}}