{"id":65050,"date":"2017-06-21T12:05:02","date_gmt":"2017-06-21T09:05:02","guid":{"rendered":"https:\/\/www.enerjigazetesi.ist\/?p=65050"},"modified":"2017-06-21T12:05:02","modified_gmt":"2017-06-21T09:05:02","slug":"ayedas-mayista-bakim-onarim-ve-yatirim-calismalarini-surdurdu","status":"publish","type":"post","link":"https:\/\/www.enerjigazetesi.ist\/en\/ayedas-mayista-bakim-onarim-ve-yatirim-calismalarini-surdurdu\/","title":{"rendered":"(Turkish) AYEDA\u015e, May\u0131s&#8217;ta Bak\u0131m, Onar\u0131m ve Yat\u0131r\u0131m \u00c7al\u0131\u015fmalar\u0131n\u0131 S\u00fcrd\u00fcrd\u00fc"},"content":{"rendered":"<p class=\"qtranxs-available-languages-message qtranxs-available-languages-message-en\">Sorry, this entry is only available in <a href=\"https:\/\/www.enerjigazetesi.ist\/tr\/wp-json\/wp\/v2\/posts\/65050\" class=\"qtranxs-available-language-link qtranxs-available-language-link-tr\" title=\"Turkish\">Turkish<\/a>. For the sake of viewer convenience, the content is shown below in the alternative language. You may click the link to switch the active language.<\/p><p><\/p>\n<p style=\"text-align: left;\" align=\"center\"><strong>AYEDA\u015e, \u0130stanbul Anadolu Yakas\u0131\u2019nda kesintisiz ve s\u00fcrd\u00fcr\u00fclebilir elektrik hizmeti kapsam\u0131nda 2017 y\u0131l\u0131n\u0131n may\u0131s ay\u0131nda da bak\u0131m, onar\u0131m \u00e7al\u0131\u015fmalar\u0131 ile yat\u0131r\u0131mlar\u0131na devam etti.<\/strong><\/p>\n<p>AYEDA\u015e, elektrik da\u011f\u0131t\u0131m\u0131 hizmeti sa\u011flad\u0131\u011f\u0131 \u0130stanbul Anadolu Yakas\u0131\u2019nda s\u00fcrd\u00fcr\u00fclebilir ve kesintisiz enerji <a href=\"https:\/\/www.enerjigazetesi.ist\/wp-content\/uploads\/2017\/06\/ayedas-mayista-bakim-onarim-ve-yatirim-calismalarini-surdurdu.jpg\"><img loading=\"lazy\" class=\"alignright size-medium wp-image-65051\" src=\"https:\/\/www.enerjigazetesi.ist\/wp-content\/uploads\/2017\/06\/ayedas-mayista-bakim-onarim-ve-yatirim-calismalarini-surdurdu-300x200.jpg\" alt=\"???????????????????????????????\" width=\"300\" height=\"200\" srcset=\"https:\/\/www.enerjigazetesi.ist\/wp-content\/uploads\/2017\/06\/ayedas-mayista-bakim-onarim-ve-yatirim-calismalarini-surdurdu-300x200.jpg 300w, https:\/\/www.enerjigazetesi.ist\/wp-content\/uploads\/2017\/06\/ayedas-mayista-bakim-onarim-ve-yatirim-calismalarini-surdurdu-500x333.jpg 500w, https:\/\/www.enerjigazetesi.ist\/wp-content\/uploads\/2017\/06\/ayedas-mayista-bakim-onarim-ve-yatirim-calismalarini-surdurdu-74x50.jpg 74w, https:\/\/www.enerjigazetesi.ist\/wp-content\/uploads\/2017\/06\/ayedas-mayista-bakim-onarim-ve-yatirim-calismalarini-surdurdu.jpg 650w\" sizes=\"(max-width: 300px) 100vw, 300px\" \/><\/a>sa\u011flanabilmesi amac\u0131yla, bak\u0131m, yenileme ve yat\u0131r\u0131m \u00e7al\u0131\u015fmalar\u0131n\u0131 s\u00fcrd\u00fcr\u00fcyor. Daha ayd\u0131nl\u0131k bir kent i\u00e7in Adalar, Ata\u015fehir, Beykoz, \u00c7ekmek\u00f6y, Kad\u0131k\u00f6y, Kartal, Maltepe Pendik, Sancaktepe, Sultanbeyli, \u015eile, Tuzla, \u00dcmraniye ve \u00dcsk\u00fcdar\u2019da May\u0131s ay\u0131nda toplam 5149 ayd\u0131nlatma armat\u00fcr\u00fcn bak\u0131m\u0131n\u0131 ger\u00e7ekle\u015ftiren AYEDA\u015e ekipleri, b\u00f6lgede 637 panonun bak\u0131m\u0131n\u0131 yapt\u0131. Beykoz, \u00c7ekmek\u00f6y, Sultanbeyli, \u00dcmraniye ve Kartal\u2019da 6 trafo de\u011fi\u015ftirilirken, toplam 443 da\u011f\u0131t\u0131m merkezinin bak\u0131m\u0131 ger\u00e7ekle\u015ftirildi.<\/p>\n<p>AYEDA\u015e, May\u0131s 2017\u2019de de yeni yat\u0131r\u0131mlara h\u0131z verdi. \u0130stanbul Anadolu Yakas\u0131\u2019na 40 kilometrelik yeni kablo d\u00f6\u015feyen AYEDA\u015e ekipleri, 73 kilometrelik kabloyu da yer alt\u0131na ald\u0131. Kentte, 750 yeni ayd\u0131nlatma armat\u00fcr\u00fcn\u00fcn de montaj\u0131 tamamland\u0131.<\/p>\n<p>AYEDA\u015e\u2019\u0131n \u0130stanbul Anadolu Yakas\u0131\u2019ndaki bak\u0131m ve yat\u0131r\u0131m \u00e7al\u0131\u015fmalar\u0131 devam edecek.<\/p>","protected":false},"excerpt":{"rendered":"<p>Sorry, this entry is only available in Turkish. For the sake of viewer convenience, the content is shown below in the alternative language. You may click the link to switch the active language. AYEDA\u015e, \u0130stanbul Anadolu Yakas\u0131\u2019nda kesintisiz ve s\u00fcrd\u00fcr\u00fclebilir elektrik hizmeti kapsam\u0131nda 2017 y\u0131l\u0131n\u0131n may\u0131s ay\u0131nda da bak\u0131m, onar\u0131m \u00e7al\u0131\u015fmalar\u0131 ile yat\u0131r\u0131mlar\u0131na devam etti. [&hellip;]<\/p>\n","protected":false},"author":1,"featured_media":65051,"comment_status":"open","ping_status":"open","sticky":false,"template":"","format":"standard","meta":[],"categories":[51,53],"tags":[2320,68,61,19638,1451,2873,63,67,1009,2698,165],"views":1649,"_links":{"self":[{"href":"https:\/\/www.enerjigazetesi.ist\/en\/wp-json\/wp\/v2\/posts\/65050"}],"collection":[{"href":"https:\/\/www.enerjigazetesi.ist\/en\/wp-json\/wp\/v2\/posts"}],"about":[{"href":"https:\/\/www.enerjigazetesi.ist\/en\/wp-json\/wp\/v2\/types\/post"}],"author":[{"embeddable":true,"href":"https:\/\/www.enerjigazetesi.ist\/en\/wp-json\/wp\/v2\/users\/1"}],"replies":[{"embeddable":true,"href":"https:\/\/www.enerjigazetesi.ist\/en\/wp-json\/wp\/v2\/comments?post=65050"}],"version-history":[{"count":1,"href":"https:\/\/www.enerjigazetesi.ist\/en\/wp-json\/wp\/v2\/posts\/65050\/revisions"}],"predecessor-version":[{"id":65052,"href":"https:\/\/www.enerjigazetesi.ist\/en\/wp-json\/wp\/v2\/posts\/65050\/revisions\/65052"}],"wp:featuredmedia":[{"embeddable":true,"href":"https:\/\/www.enerjigazetesi.ist\/en\/wp-json\/wp\/v2\/media\/65051"}],"wp:attachment":[{"href":"https:\/\/www.enerjigazetesi.ist\/en\/wp-json\/wp\/v2\/media?parent=65050"}],"wp:term":[{"taxonomy":"category","embeddable":true,"href":"https:\/\/www.enerjigazetesi.ist\/en\/wp-json\/wp\/v2\/categories?post=65050"},{"taxonomy":"post_tag","embeddable":true,"href":"https:\/\/www.enerjigazetesi.ist\/en\/wp-json\/wp\/v2\/tags?post=65050"}],"curies":[{"name":"wp","href":"https:\/\/api.w.org\/{rel}","templated":true}]}}