{"id":65,"date":"2012-04-27T10:33:52","date_gmt":"2012-04-27T10:33:52","guid":{"rendered":"https:\/\/www.enerjigazetesi.ist\/?p=65"},"modified":"2012-06-07T15:02:20","modified_gmt":"2012-06-07T15:02:20","slug":"bakan-yildiz-yeni-petrol-kanunu-gercek-yatirimcinin-onunu-acacak","status":"publish","type":"post","link":"https:\/\/www.enerjigazetesi.ist\/en\/bakan-yildiz-yeni-petrol-kanunu-gercek-yatirimcinin-onunu-acacak\/","title":{"rendered":"(Turkish) Bakan Y\u0131ld\u0131z: Yeni Petrol Kanunu Yat\u0131r\u0131mc\u0131n\u0131n \u00d6n\u00fcn\u00fc A\u00e7acak&#8230;"},"content":{"rendered":"<p class=\"qtranxs-available-languages-message qtranxs-available-languages-message-en\">Sorry, this entry is only available in <a href=\"https:\/\/www.enerjigazetesi.ist\/tr\/wp-json\/wp\/v2\/posts\/65\" class=\"qtranxs-available-language-link qtranxs-available-language-link-tr\" title=\"Turkish\">Turkish<\/a>. For the sake of viewer convenience, the content is shown below in the alternative language. You may click the link to switch the active language.<\/p><p><\/p>\n<div id=\"news-detail-spot\">\n<p>Enerji ve Tabii Kaynaklar Bakan\u0131 Taner Y\u0131ld\u0131z, Bakanlar Kurulu&#8217;nda imzaya a\u00e7\u0131lan Petrol Kanunu&#8217;nun y\u00fcr\u00fcrl\u00fc\u011fe girmesiyle birlikte<\/p>\n<div class=\"mceTemp\">\n<dl class=\"wp-caption alignright\" style=\"width: 210px;\">\n<dt class=\"wp-caption-dt\"><a href=\"https:\/\/www.enerjigazetesi.ist\/wp-content\/upload\/enerjibakan.jpg\"><img loading=\"lazy\" title=\"enerji-verimliligi-gazetesi\" src=\"https:\/\/www.enerjigazetesi.ist\/wp-content\/upload\/enerjibakan.jpg\" alt=\"Enerji Bakani\" width=\"200\" height=\"187\" \/><\/a><\/dt>\n<dd class=\"wp-caption-dd\">enerji-verimliligi-gazetesi<\/dd>\n<\/dl>\n<p>\u00e7antac\u0131lar\u0131n \u00f6n\u00fcn\u00fcn kapanaca\u011f\u0131n\u0131 ifade etti. Kanunun ger\u00e7ek yat\u0131r\u0131mc\u0131n\u0131n \u00f6n\u00fcn\u00fc a\u00e7aca\u011f\u0131n\u0131 belirten Y\u0131ld\u0131z, &#8220;Bu kanun ayn\u0131 zamanda yerli enerji kaynaklar\u0131n\u0131n \u00e7e\u015fitlendirilmesiyle birlikte, d\u0131\u015fa ba\u011f\u0131ml\u0131l\u0131\u011f\u0131 da bir \u00f6l\u00e7\u00fcde azaltacakt\u0131r.&#8221; dedi.<\/p>\n<\/div>\n<\/div>\n<div id=\"news-detail-news-text\">\n<div id=\"haberMetinDiv\">\n<p>\u00c7evre ve \u015eehircilik Bakan\u0131 Erdo\u011fan Bayraktar ile birlikte Erciyes \u00dcniversitesi&#8217;nde d\u00fczenlenen &#8216;2. Ulusal Bili\u015fim Kongresi&#8217;ne kat\u0131lan Enerji ve Tabi Kaynaklar Bakan\u0131 Y\u0131ld\u0131z, toplant\u0131 \u00f6ncesi gazetecilerin sorular\u0131n\u0131 cevaplad\u0131. Bakan Y\u0131ld\u0131z, yeni Petrol Kanunu&#8217;nun Bakanlar Kurulu&#8217;nda imzaya a\u00e7\u0131ld\u0131\u011f\u0131n\u0131 belirterek kanunun yat\u0131r\u0131mc\u0131ya \u00f6nemli katk\u0131lar sa\u011flayaca\u011f\u0131n\u0131 kaydetti.<\/p>\n<p><!--more-->\u00a0Y\u0131ld\u0131z, &#8220;Petrol Kanunu hayli eski ve bir\u00e7ok a\u00e7\u0131dan de\u011fi\u015fiklik yap\u0131lmas\u0131 gerektiriyordu. Bu nedenle yap\u0131lan yeni d\u00fczenlemelerin \u0131\u015f\u0131\u011f\u0131 alt\u0131nda Bakanlar Kurulu&#8217;nda imzaya a\u00e7\u0131ld\u0131. Ard\u0131ndan kanun tasar\u0131s\u0131 TBMM&#8217;ye g\u00f6nderilerek, g\u00f6r\u00fc\u015fmeye a\u00e7\u0131lacak. Yeni d\u00fczenlemelerin \u0131\u015f\u0131\u011f\u0131nda g\u00fcncellenen bu eski kanun, yeni \u015fekliyle ger\u00e7ek yat\u0131r\u0131mc\u0131n\u0131n \u00f6n\u00fcn\u00fc a\u00e7acakt\u0131r. Maden Kanunu&#8217;nda ve di\u011fer kanunlarda oldu\u011fu gibi \u00e7antac\u0131lar\u0131n \u00f6n\u00fcn\u00fc kapatacakt\u0131r. Petrol Kanunu yeni \u015fekliyle ger\u00e7ek yat\u0131r\u0131mc\u0131n\u0131n \u00f6n\u00fcn\u00fc a\u00e7makla kalmay\u0131p, ayn\u0131 zamanda yerli enerji kaynaklar\u0131n\u0131n \u00e7e\u015fitlendirilmesiyle birlikte, d\u0131\u015fa ba\u011f\u0131ml\u0131l\u0131\u011f\u0131 da bir \u00f6l\u00e7\u00fcde azaltacakt\u0131r. Zira, do\u011falgaz ve ham petrol ithalat\u0131 nedeniyle cari a\u00e7\u0131\u011f\u0131m\u0131z artmaktad\u0131r. Bu kanunla, bunu da azaltmay\u0131 hedefliyoruz.&#8221; diye konu\u015ftu.<\/p>\n<p>Enerji ve Tabii Kaynaklar Bakan\u0131 Taner Y\u0131ld\u0131z, KKTC&#8217;de d\u00fcn ba\u015flat\u0131lan petrol arama \u00e7al\u0131\u015fmas\u0131na da de\u011finerek burada yap\u0131lacak \u00e7al\u0131\u015fman\u0131n 250 milyon dolarl\u0131k bir portf\u00f6y\u00fc i\u00e7erdi\u011fini s\u00f6yledi. &#8220;TPAO olarak ruhsatlar\u0131m\u0131z\u0131 kullanaca\u011f\u0131z.&#8221; diyen Y\u0131ld\u0131z, uluslararas\u0131 sermayeyi, yerli ortakl\u0131klarla birle\u015ftirerek petrol arama faaliyetlerinin hem karada hem de denizde s\u00fcrd\u00fcreceklerini ifade etti.<\/p>\n<p>Kaynak: Zaman Gazetesi<\/p>\n<\/div>\n<\/div>\n<p><\/p>","protected":false},"excerpt":{"rendered":"<p>Sorry, this entry is only available in Turkish. For the sake of viewer convenience, the content is shown below in the alternative language. You may click the link to switch the active language. Enerji ve Tabii Kaynaklar Bakan\u0131 Taner Y\u0131ld\u0131z, Bakanlar Kurulu&#8217;nda imzaya a\u00e7\u0131lan Petrol Kanunu&#8217;nun y\u00fcr\u00fcrl\u00fc\u011fe girmesiyle birlikte enerji-verimliligi-gazetesi \u00e7antac\u0131lar\u0131n \u00f6n\u00fcn\u00fcn kapanaca\u011f\u0131n\u0131 ifade etti. [&hellip;]<\/p>\n","protected":false},"author":1,"featured_media":176,"comment_status":"open","ping_status":"open","sticky":false,"template":"","format":"standard","meta":[],"categories":[53,52,44],"tags":[14],"views":861,"_links":{"self":[{"href":"https:\/\/www.enerjigazetesi.ist\/en\/wp-json\/wp\/v2\/posts\/65"}],"collection":[{"href":"https:\/\/www.enerjigazetesi.ist\/en\/wp-json\/wp\/v2\/posts"}],"about":[{"href":"https:\/\/www.enerjigazetesi.ist\/en\/wp-json\/wp\/v2\/types\/post"}],"author":[{"embeddable":true,"href":"https:\/\/www.enerjigazetesi.ist\/en\/wp-json\/wp\/v2\/users\/1"}],"replies":[{"embeddable":true,"href":"https:\/\/www.enerjigazetesi.ist\/en\/wp-json\/wp\/v2\/comments?post=65"}],"version-history":[{"count":30,"href":"https:\/\/www.enerjigazetesi.ist\/en\/wp-json\/wp\/v2\/posts\/65\/revisions"}],"predecessor-version":[{"id":317,"href":"https:\/\/www.enerjigazetesi.ist\/en\/wp-json\/wp\/v2\/posts\/65\/revisions\/317"}],"wp:featuredmedia":[{"embeddable":true,"href":"https:\/\/www.enerjigazetesi.ist\/en\/wp-json\/wp\/v2\/media\/176"}],"wp:attachment":[{"href":"https:\/\/www.enerjigazetesi.ist\/en\/wp-json\/wp\/v2\/media?parent=65"}],"wp:term":[{"taxonomy":"category","embeddable":true,"href":"https:\/\/www.enerjigazetesi.ist\/en\/wp-json\/wp\/v2\/categories?post=65"},{"taxonomy":"post_tag","embeddable":true,"href":"https:\/\/www.enerjigazetesi.ist\/en\/wp-json\/wp\/v2\/tags?post=65"}],"curies":[{"name":"wp","href":"https:\/\/api.w.org\/{rel}","templated":true}]}}