{"id":64995,"date":"2017-06-18T16:11:45","date_gmt":"2017-06-18T13:11:45","guid":{"rendered":"https:\/\/www.enerjigazetesi.ist\/?p=64995"},"modified":"2017-06-18T16:12:27","modified_gmt":"2017-06-18T13:12:27","slug":"en-buyuk-ruzgar-turbini-ile-8-bin-300-hanenin-elektrigi-karsilanacak","status":"publish","type":"post","link":"https:\/\/www.enerjigazetesi.ist\/en\/en-buyuk-ruzgar-turbini-ile-8-bin-300-hanenin-elektrigi-karsilanacak\/","title":{"rendered":"(Turkish) En B\u00fcy\u00fck R\u00fczgar T\u00fcrbini \u0130le 8 Bin 300 Hanenin Elektri\u011fi Kar\u015f\u0131lanacak"},"content":{"rendered":"<p class=\"qtranxs-available-languages-message qtranxs-available-languages-message-en\">Sorry, this entry is only available in <a href=\"https:\/\/www.enerjigazetesi.ist\/tr\/wp-json\/wp\/v2\/posts\/64995\" class=\"qtranxs-available-language-link qtranxs-available-language-link-tr\" title=\"Turkish\">Turkish<\/a>. For the sake of viewer convenience, the content is shown below in the alternative language. You may click the link to switch the active language.<\/p><p><strong><span style=\"color: #0a0a0a;\">Danimarkal\u0131 \u015firket MHI Vestas taraf\u0131ndan a\u00e7\u0131k deni<img loading=\"lazy\" class=\"alignright wp-image-64996\" src=\"https:\/\/www.enerjigazetesi.ist\/wp-content\/uploads\/2017\/06\/en-buyuk-ruzgar-turbini-ile-8-bin-300-hanenin-elektrigi-karsilanacak-300x168.jpg\" alt=\"en-buyuk-ruzgar-turbini-ile-8-bin-300-hanenin-elektrigi-karsilanacak\" width=\"300\" height=\"173\" \/>zler i\u00e7in r\u00fczgar t\u00fcrbinleri \u00fcretilmektedir. \u015eirketin V164-9.5 adl\u0131 modeli, 8 MW elektrik \u00fcretim kapasitesine sahip V164\u2019\u00fc izledi.<\/span><\/strong><\/p>\n<p>So\u011futma sistemi ve ayarlar\u0131 yenilenen t\u00fcrbin, devasa boyutlarda: V164\u2019\u00fcn pervanesinde her biri 80 metre uzunlu\u011funda \u00fc\u00e7 kanad\u0131 bulunmaktad\u0131r.<\/p>\n<p>Yenilenen model, 9,5 megawatt enerji \u00fcreterek \u0130ngiltere\u2019deki t\u00fcketim ortalamas\u0131na g\u00f6re 8 bin 300 hanenin ihtiya\u00e7 duydu\u011fu elektrik enerjisini \u00fcretebilmektedir.<\/p>","protected":false},"excerpt":{"rendered":"<p>Sorry, this entry is only available in Turkish. For the sake of viewer convenience, the content is shown below in the alternative language. You may click the link to switch the active language.Danimarkal\u0131 \u015firket MHI Vestas taraf\u0131ndan a\u00e7\u0131k denizler i\u00e7in r\u00fczgar t\u00fcrbinleri \u00fcretilmektedir. \u015eirketin V164-9.5 adl\u0131 modeli, 8 MW elektrik \u00fcretim kapasitesine sahip V164\u2019\u00fc izledi. [&hellip;]<\/p>\n","protected":false},"author":1,"featured_media":64996,"comment_status":"open","ping_status":"open","sticky":false,"template":"","format":"standard","meta":[],"categories":[53,50],"tags":[63,67,1009,2698,165,69,16,23318,22615,4784,324],"views":874,"_links":{"self":[{"href":"https:\/\/www.enerjigazetesi.ist\/en\/wp-json\/wp\/v2\/posts\/64995"}],"collection":[{"href":"https:\/\/www.enerjigazetesi.ist\/en\/wp-json\/wp\/v2\/posts"}],"about":[{"href":"https:\/\/www.enerjigazetesi.ist\/en\/wp-json\/wp\/v2\/types\/post"}],"author":[{"embeddable":true,"href":"https:\/\/www.enerjigazetesi.ist\/en\/wp-json\/wp\/v2\/users\/1"}],"replies":[{"embeddable":true,"href":"https:\/\/www.enerjigazetesi.ist\/en\/wp-json\/wp\/v2\/comments?post=64995"}],"version-history":[{"count":2,"href":"https:\/\/www.enerjigazetesi.ist\/en\/wp-json\/wp\/v2\/posts\/64995\/revisions"}],"predecessor-version":[{"id":64998,"href":"https:\/\/www.enerjigazetesi.ist\/en\/wp-json\/wp\/v2\/posts\/64995\/revisions\/64998"}],"wp:featuredmedia":[{"embeddable":true,"href":"https:\/\/www.enerjigazetesi.ist\/en\/wp-json\/wp\/v2\/media\/64996"}],"wp:attachment":[{"href":"https:\/\/www.enerjigazetesi.ist\/en\/wp-json\/wp\/v2\/media?parent=64995"}],"wp:term":[{"taxonomy":"category","embeddable":true,"href":"https:\/\/www.enerjigazetesi.ist\/en\/wp-json\/wp\/v2\/categories?post=64995"},{"taxonomy":"post_tag","embeddable":true,"href":"https:\/\/www.enerjigazetesi.ist\/en\/wp-json\/wp\/v2\/tags?post=64995"}],"curies":[{"name":"wp","href":"https:\/\/api.w.org\/{rel}","templated":true}]}}