{"id":6491,"date":"2013-02-12T10:26:34","date_gmt":"2013-02-12T07:26:34","guid":{"rendered":"https:\/\/www.enerjigazetesi.ist\/?p=6491"},"modified":"2013-02-12T10:28:12","modified_gmt":"2013-02-12T07:28:12","slug":"enerji-doktorlari-yetisecek","status":"publish","type":"post","link":"https:\/\/www.enerjigazetesi.ist\/en\/enerji-doktorlari-yetisecek\/","title":{"rendered":"(Turkish) &#8221;Enerji Doktorlar\u0131&#8221; Yeti\u015fecek&#8230;"},"content":{"rendered":"<p class=\"qtranxs-available-languages-message qtranxs-available-languages-message-en\">Sorry, this entry is only available in <a href=\"https:\/\/www.enerjigazetesi.ist\/tr\/wp-json\/wp\/v2\/posts\/6491\" class=\"qtranxs-available-language-link qtranxs-available-language-link-tr\" title=\"Turkish\">Turkish<\/a>. For the sake of viewer convenience, the content is shown below in the alternative language. You may click the link to switch the active language.<\/p><p><strong>Ya\u015far \u00dcniversitesi b\u00fcnyesinde kurulan &#8220;Enerji Sistemleri M\u00fchendisli\u011fi B\u00f6l\u00fcm\u00fc, bu alanda uluslararas\u0131 yeterlilikte uzmanlar yeti\u015ftirmeyi ama\u00e7l\u0131yor. &#8220;\u0130zmir&#8217;de ve Ege B\u00f6lgesi&#8217;nde tek olan bu b\u00f6l\u00fcmde yeti\u015fecek m\u00fchendisler, do\u011fu\u015ftan \u00f6l\u00fcm s\u00fcrecine dek enerji verimlili\u011fini esas alan &#8220;enerji doktorlar\u0131&#8221; olacak. Att\u0131\u011f\u0131 her ad\u0131m\u0131 \u00e7evreci olarak atacak.<\/strong><\/p>\n<p>Enerji verimlili\u011fi konusunun h\u0131zla y\u00fckseldi\u011fi ve devlet politikalar\u0131nda ilk s\u0131raya y\u00fckseldi\u011fi bug\u00fcnlerde Ya\u015far \u00dcniversitesi (Y\u00dc), alandaki akademik yeterlili\u011fi sekt\u00f6rle bulu\u015fturmak i\u00e7in harekete ge\u00e7ti. Ge\u00e7ti\u011fimiz y\u0131l\u0131n Eyl\u00fcl ay\u0131nda kurulan hayata ge\u00e7en program 29 \u00f6\u011frencisi ile e\u011fitime devam ederken \u00f6\u011fretim g\u00f6revlileri ise b\u00f6l\u00fcm\u00fc uluslararas\u0131 arenaya ta\u015f\u0131maya haz\u0131rlan\u0131yor. Enerji Sistemleri M\u00fchendisli\u011fi B\u00f6l\u00fcm Ba\u015fkan\u0131 Prof. Dr. Arif Hepba\u015fl\u0131 ve Yrd. Do\u00e7. Dr. Emrah B\u0131y\u0131k, yeni kurulan b\u00f6l\u00fcm\u00fcn hedeflerini ve yap\u0131lan \u00e7al\u0131\u015fmalar\u0131 Yenig\u00fcn okurlar\u0131 ile payla\u015ft\u0131.<\/p>\n<p><strong>&#8220;Do\u011falgaz faturas\u0131 inceliyoruz&#8221;<\/strong><\/p>\n<p>B\u00f6l\u00fcm Ba\u015fkan\u0131 Hepba\u015fl\u0131, \u0130stanbul&#8217;da, Kayseri&#8217;de ve \u015e\u0131rnak&#8217;ta benzerleri bulunan b\u00f6l\u00fcm\u00fcn \u0130zmir&#8217;de bir ilk oldu\u011funu dile getirerek, m\u00fchendisli\u011fin \u00e7e\u015fitli dallar\u0131ndan \u00f6\u011fretim \u00fcyelerinin uzmanl\u0131klar\u0131n\u0131 enerji alan\u0131na kanalize ettiklerini ifade etti. Hepba\u015fl\u0131, b\u00f6l\u00fcm\u00fcn kaynak \u00e7e\u015fitlenmesi, bunlar\u0131n g\u00fcvenilir ve ekonomik bir \u015fekilde \u00fcretilmesi, depolanmas\u0131, kullan\u0131m\u0131 s\u0131ras\u0131nda da \u00e7evreye zararlar\u0131n\u0131n en aza indirilmesi \u00fczerinde durarak bu tip sistemlerin tasar\u0131m\u0131, planlanmas\u0131, kullan\u0131m\u0131 \u00fczerinde \u00e7al\u0131\u015faca\u011f\u0131n\u0131 s\u00f6yledi. Hepba\u015fl\u0131, \u015funlar\u0131 s\u00f6yledi:<\/p>\n<p><img loading=\"lazy\" class=\"alignright size-medium wp-image-6492\" title=\"enerji-sistemleri-muhendisi\" src=\"https:\/\/www.enerjigazetesi.ist\/wp-content\/uploads\/2013\/02\/6e27b89_o-300x188.jpg\" alt=\"\" width=\"300\" height=\"188\" srcset=\"https:\/\/www.enerjigazetesi.ist\/wp-content\/uploads\/2013\/02\/6e27b89_o-300x188.jpg 300w, https:\/\/www.enerjigazetesi.ist\/wp-content\/uploads\/2013\/02\/6e27b89_o-500x314.jpg 500w, https:\/\/www.enerjigazetesi.ist\/wp-content\/uploads\/2013\/02\/6e27b89_o-80x50.jpg 80w, https:\/\/www.enerjigazetesi.ist\/wp-content\/uploads\/2013\/02\/6e27b89_o.jpg 538w\" sizes=\"(max-width: 300px) 100vw, 300px\" \/>&#8220;Derslerimizde do\u011falgaz faturas\u0131 bile inceliyoruz. \u00d6\u011frencilerin neyin nerden geldi\u011fini, neden kaynakland\u0131\u011f\u0131n\u0131 \u00f6\u011frenmeleri gerekiyor. \u0130leriki s\u00fcre\u00e7te onlar\u0131 sahaya g\u00f6nderece\u011fiz. Bizim amac\u0131m\u0131z be\u015fikten mezara dek enerji verimlili\u011fini \u00f6\u011fretmek. \u00d6rne\u011fin evlendiklerinde &#8220;ye\u015fil evlilik&#8221; yapacaklar. \u015e\u00f6yle ki, d\u00fc\u011f\u00fcn\u00fcn\u00fcze gelen ki\u015filer ara\u00e7la harcad\u0131klar\u0131 enerji ve &#8220;karbon ayak izi&#8221; kadar a\u011fa\u00e7 dikmelerini isteyecekler. \u00d6ld\u00fcklerinde ye\u015fil cenaze yapacaklar. Akl\u0131 ve g\u00fcc\u00fc yetti\u011fi s\u00fcrece enerji verimlili\u011fi i\u00e7in \u00e7al\u0131\u015facaklar. Enerji konusu hayat\u0131n ekseninde yer al\u0131yor ve dolay\u0131s\u0131yla bu i\u015fin asla emeklili\u011fi olmuyor&#8221;<\/p>\n<p>M\u00fchendislikte tasar\u0131ma giden yolda baz\u0131 eksikler g\u00f6rd\u00fcklerini ve bunu gidermeye \u00e7al\u0131\u015ft\u0131klar\u0131n\u0131 vurgulayan Hepba\u015fl\u0131, &#8220;T\u00fcrkiye&#8217;nin teknoloji transferinin yan\u0131 s\u0131ra kendi teknolojisini de \u00fcretmesi gerekiyor. Ancak \u00f6\u011frencilere bu yolda tasar\u0131m\u0131n \u00f6neminin kavratmak ve onlar\u0131 bu konuda yeti\u015ftirmek i\u00e7in b\u00fcy\u00fck \u00e7aba sarfediyoruz&#8221; dedi. B\u00f6l\u00fcmde \u015fu anda d\u00f6rt \u00f6\u011fretim eleman\u0131 bulundu\u011funu ve kadroyu geni\u015fletme \u00fczerinde \u00e7al\u0131\u015ft\u0131klar\u0131n\u0131 da ekleyen Hepba\u015fl\u0131, &#8220;Ara\u015ft\u0131rmay\u0131 bilen, sanayi deneyimi olan ve \u00f6zellikle yurt d\u0131\u015f\u0131 deneyimi olan hocalarla \u00e7al\u0131\u015fmak istiyoruz. Yeni bir b\u00f6l\u00fcm olmam\u0131za ra\u011fmen 15-16 ortakl\u0131 3 Avrupa Birli\u011fi projesine partner olarak teklif g\u00f6nderdik. Ekibimiz g\u00fc\u00e7l\u00fc ve bunlar\u0131n olumlu sonu\u00e7lanmas\u0131n\u0131 bekliyoruz&#8221; diye konu\u015ftu.<\/p>\n<p>Sanayiye eleman yeti\u015ftirdiklerini, dolay\u0131s\u0131yla da onlarla bu s\u00fcre\u00e7te i\u00e7 i\u00e7e olman\u0131n \u00f6nemini vurgulayan Hepba\u015fl\u0131, &#8220;Bir ay i\u00e7erisinde sanayicilerimizin, sivil toplum kurulu\u015fu temsilcilerinin bir araya geldi\u011fi bir organizasyon d\u00fczenleyecek, fikir al\u0131\u015fveri\u015fi yapaca\u011f\u0131z. B\u00f6l\u00fcm\u00fc gittik\u00e7e geli\u015ftirece\u011fiz&#8221;<\/p>\n<p><strong>Uluslararas\u0131 ba\u011flant\u0131l\u0131 olaca\u011f\u0131z<\/strong><\/p>\n<p>\u00d6\u011frencilere yaln\u0131zca teknik konularda yeterlilik sa\u011flamayacaklar\u0131n\u0131 ifade eden Yrd. Do\u00e7. Dr. Emrah b\u0131y\u0131k da, &#8220;\u00d6\u011frencilerimizin iyi dizayn yapabilmeleri, sorun \u00e7\u00f6zebilmeleri kadar girdikleri i\u015f ortamlar\u0131nda sa\u011fl\u0131kl\u0131 tak\u0131m \u00e7al\u0131\u015fmas\u0131 y\u00fcr\u00fctebilmeleri de bizim i\u00e7in b\u00fcy\u00fck \u00f6nem ta\u015f\u0131yor. Ayr\u0131ca enerji konusu i\u00e7inde \u00e7e\u015fitli politikalar\u0131, uluslararas\u0131 dengeleri de bar\u0131nd\u0131ran bir konu. Bir iki dersle bu konuda da eksiklerini gidermek, bu a\u00e7\u0131dan da g\u00f6zlerini a\u00e7abilmek, d\u00fcnyada ne olup bitti\u011fini ve bunlar\u0131n nedenini bir \u015fekilde onlara sunmak istiyoruz. B\u00f6ylelikle d\u00fcnyada enerji \u00e7at\u0131\u015fmalar\u0131n\u0131 nedenleriyle birlikte anlayacaklar&#8221; dedi.<\/p>\n<p>\u0130zmir \u00f6zelinde s\u00fcrd\u00fcrd\u00fckleri bu \u00e7al\u0131\u015fman\u0131n uluslararas\u0131 boyutu da olaca\u011f\u0131n\u0131 dile getiren B\u0131y\u0131k, &#8220;Enerji konusunda s\u0131n\u0131rlar kalk\u0131yor. M\u00fchendislerimizin yurt d\u0131\u015f\u0131 ile ba\u011flant\u0131lar\u0131n\u0131n olmas\u0131 i\u00e7in ABD&#8217;de ayn\u0131 program\u0131n oldu\u011fu bir \u00fcniversiteyle i\u015fbirli\u011fi kuraca\u011f\u0131z. \u00d6\u011frenci de\u011fi\u015fim programlar\u0131 sunmay\u0131 planl\u0131yoruz&#8221; diye konu\u015ftu.<\/p>\n<p><strong>&#8220;Ku\u015fku uyand\u0131ran politikalar var&#8221;<\/strong><\/p>\n<p>T\u00fcrkiye&#8217;nin enerji politikalar\u0131 konusunda da de\u011ferlendirmeler yapan Yrd. Do\u00e7. Dr. Emrah B\u0131y\u0131k, bak\u0131\u015f a\u00e7\u0131s\u0131 ve motivasyon a\u00e7\u0131s\u0131ndan do\u011fru gidildi\u011fini ancak ku\u015fku uyand\u0131ran \u00e7al\u0131\u015fmalar\u0131n da var oldu\u011funu s\u00f6yledi. N\u00fckleer enerji tart\u0131\u015fmalar\u0131na da de\u011finen B\u0131y\u0131k, \u015funlar\u0131 ifade etti:<\/p>\n<p>&#8220;N\u00fckleer enerji, kaynaklar\u0131 \u00e7e\u015fitlendirmek a\u00e7\u0131s\u0131ndan de\u011ferlendirilebilecek bir konu ancak riskleri \u00e7ok fazla. \u00d6te yandan T\u00fcrkiye&#8217;nin enerjide izledi\u011fi politika kaynaklar\u0131 \u00e7e\u015fitlendirmek a\u00e7\u0131s\u0131ndan da yeterli g\u00f6r\u00fcnm\u00fcyor. Do\u011falgaz\u0131n b\u00fcy\u00fck bir k\u0131sm\u0131n\u0131 zaten Rusya&#8217;dan al\u0131rken yine bir Rus \u015firketine n\u00fckleer santral ihalelerini vermek ne kadar g\u00fcvenliklidir? Ba\u015fka \u015firketler de bunu yaparken neden Rus bir \u015firket? Ayr\u0131ca Japonlar bile n\u00fckleer santrallerin g\u00fcvenli\u011fini sa\u011flayamazken biz nas\u0131l sa\u011flayaca\u011f\u0131z. Bunlar\u0131 d\u00fc\u015f\u00fcnmek, enerji politikalar\u0131n\u0131 iyi hesaplamak gerekiyor&#8221;<\/p>\n<p>Kaynak: <a href=\"http:\/\/www.yerelgundem.com\/haberler\/555685\/enerji_doktorlari_yetisecek.html\" target=\"_blank\">Yerel G\u00fcndem<\/a><\/p>","protected":false},"excerpt":{"rendered":"<p>Sorry, this entry is only available in Turkish. For the sake of viewer convenience, the content is shown below in the alternative language. You may click the link to switch the active language.Ya\u015far \u00dcniversitesi b\u00fcnyesinde kurulan &#8220;Enerji Sistemleri M\u00fchendisli\u011fi B\u00f6l\u00fcm\u00fc, bu alanda uluslararas\u0131 yeterlilikte uzmanlar yeti\u015ftirmeyi ama\u00e7l\u0131yor. &#8220;\u0130zmir&#8217;de ve Ege B\u00f6lgesi&#8217;nde tek olan bu b\u00f6l\u00fcmde [&hellip;]<\/p>\n","protected":false},"author":1,"featured_media":6492,"comment_status":"open","ping_status":"open","sticky":false,"template":"","format":"standard","meta":[],"categories":[53,52],"tags":[67,2384,12,2386,2383,2387,2385],"views":674,"_links":{"self":[{"href":"https:\/\/www.enerjigazetesi.ist\/en\/wp-json\/wp\/v2\/posts\/6491"}],"collection":[{"href":"https:\/\/www.enerjigazetesi.ist\/en\/wp-json\/wp\/v2\/posts"}],"about":[{"href":"https:\/\/www.enerjigazetesi.ist\/en\/wp-json\/wp\/v2\/types\/post"}],"author":[{"embeddable":true,"href":"https:\/\/www.enerjigazetesi.ist\/en\/wp-json\/wp\/v2\/users\/1"}],"replies":[{"embeddable":true,"href":"https:\/\/www.enerjigazetesi.ist\/en\/wp-json\/wp\/v2\/comments?post=6491"}],"version-history":[{"count":4,"href":"https:\/\/www.enerjigazetesi.ist\/en\/wp-json\/wp\/v2\/posts\/6491\/revisions"}],"predecessor-version":[{"id":6496,"href":"https:\/\/www.enerjigazetesi.ist\/en\/wp-json\/wp\/v2\/posts\/6491\/revisions\/6496"}],"wp:featuredmedia":[{"embeddable":true,"href":"https:\/\/www.enerjigazetesi.ist\/en\/wp-json\/wp\/v2\/media\/6492"}],"wp:attachment":[{"href":"https:\/\/www.enerjigazetesi.ist\/en\/wp-json\/wp\/v2\/media?parent=6491"}],"wp:term":[{"taxonomy":"category","embeddable":true,"href":"https:\/\/www.enerjigazetesi.ist\/en\/wp-json\/wp\/v2\/categories?post=6491"},{"taxonomy":"post_tag","embeddable":true,"href":"https:\/\/www.enerjigazetesi.ist\/en\/wp-json\/wp\/v2\/tags?post=6491"}],"curies":[{"name":"wp","href":"https:\/\/api.w.org\/{rel}","templated":true}]}}