{"id":64862,"date":"2017-06-13T11:57:26","date_gmt":"2017-06-13T08:57:26","guid":{"rendered":"https:\/\/www.enerjigazetesi.ist\/?p=64862"},"modified":"2017-06-13T11:57:26","modified_gmt":"2017-06-13T08:57:26","slug":"baskentgazdan-bosch-termoteknik-manisa-fabrikasina-ziyaret","status":"publish","type":"post","link":"https:\/\/www.enerjigazetesi.ist\/en\/baskentgazdan-bosch-termoteknik-manisa-fabrikasina-ziyaret\/","title":{"rendered":"(Turkish) Ba\u015fkentgaz\u2019dan Bosch Termoteknik Manisa Fabrikas\u0131na Ziyaret"},"content":{"rendered":"<p class=\"qtranxs-available-languages-message qtranxs-available-languages-message-en\">Sorry, this entry is only available in <a href=\"https:\/\/www.enerjigazetesi.ist\/tr\/wp-json\/wp\/v2\/posts\/64862\" class=\"qtranxs-available-language-link qtranxs-available-language-link-tr\" title=\"Turkish\">Turkish<\/a>. For the sake of viewer convenience, the content is shown below in the alternative language. You may click the link to switch the active language.<\/p><p><strong>Bosch Termoteknik, Ba\u015fkentgaz yetkililerinden olu\u015fan 20 ki\u015filik uzman kadrosunu Manisa\u2019daki fabrikas\u0131nda a\u011f\u0131rlad\u0131. \u00dcretim s\u00fcre\u00e7lerini yerinde g\u00f6rme f\u0131rsat\u0131 yakalayan yetkililer, Bosch Termoteknik\u2019in konusunda uzman ekibinden de \u00fcr\u00fcnler, de\u011fi\u015fen reg\u00fclasyonlar ve yeni trendler hakk\u0131nda detayl\u0131 bilgiler ald\u0131.<\/strong><\/p>\n<p>Is\u0131tma so\u011futma sekt\u00f6r\u00fcn\u00fcn \u00f6nde gel<a href=\"https:\/\/www.enerjigazetesi.ist\/wp-content\/uploads\/2017\/06\/baskentgazdan-bosch-termoteknik-manisa-fabrikasina-ziyaret.jpg\"><img loading=\"lazy\" class=\"alignleft size-medium wp-image-64863\" src=\"https:\/\/www.enerjigazetesi.ist\/wp-content\/uploads\/2017\/06\/baskentgazdan-bosch-termoteknik-manisa-fabrikasina-ziyaret-300x200.jpg\" alt=\"baskentgazdan-bosch-termoteknik-manisa-fabrikasina-ziyaret\" width=\"300\" height=\"200\" srcset=\"https:\/\/www.enerjigazetesi.ist\/wp-content\/uploads\/2017\/06\/baskentgazdan-bosch-termoteknik-manisa-fabrikasina-ziyaret-300x200.jpg 300w, https:\/\/www.enerjigazetesi.ist\/wp-content\/uploads\/2017\/06\/baskentgazdan-bosch-termoteknik-manisa-fabrikasina-ziyaret-500x333.jpg 500w, https:\/\/www.enerjigazetesi.ist\/wp-content\/uploads\/2017\/06\/baskentgazdan-bosch-termoteknik-manisa-fabrikasina-ziyaret-74x50.jpg 74w, https:\/\/www.enerjigazetesi.ist\/wp-content\/uploads\/2017\/06\/baskentgazdan-bosch-termoteknik-manisa-fabrikasina-ziyaret.jpg 829w\" sizes=\"(max-width: 300px) 100vw, 300px\" \/><\/a>en \u015firketlerinden Bosch Termoteknik, sekt\u00f6r\u00fc destekleyici aktivitelerine devam ediyor. Bu kapsamda Ba\u015fkentgaz yetkililerinden olu\u015fan 20 ki\u015filik uzman kadrosunu d\u00fczenledi\u011fi teknik gezi kapsam\u0131nda Bosch\u2019un D\u00fcnya\u2019daki en b\u00fcy\u00fck kombi fabrikas\u0131 olma \u00f6zelli\u011fine sahip Manisa\u2019daki tesisinde a\u011f\u0131rlad\u0131. \u00dcretim s\u00fcre\u00e7lerini yerinde g\u00f6rme f\u0131rsat\u0131 yakalayan yetkililere fabrika ve s\u00fcre\u00e7leri hakk\u0131nda geni\u015f bilgiler verildi.<\/p>\n<p>Bosch Termoteknik\u2019in konusunda uzman ekibi, kat\u0131l\u0131mc\u0131larla \u00fcr\u00fcnler, de\u011fi\u015fen reg\u00fclasyonlar ve yeni trendler hakk\u0131nda da detayl\u0131 bilgiler payla\u015f\u0131l\u0131p kat\u0131l\u0131mc\u0131lardan gelen sorular\u0131 cevaplad\u0131. Bosch Termoteknik \u0130novasyon Merkezi\u2019nde bulunan \u0131s\u0131tma ve so\u011futma \u00fcr\u00fcnlerinin sergilendi\u011fi, dijital ve mobil i\u00e7eriklerle desteklenen showroomu da ziyaret eden kat\u0131l\u0131mc\u0131lar \u00f6\u011fle yeme\u011finin ard\u0131ndan fabrikadan ayr\u0131ld\u0131lar.<\/p>","protected":false},"excerpt":{"rendered":"<p>Sorry, this entry is only available in Turkish. For the sake of viewer convenience, the content is shown below in the alternative language. You may click the link to switch the active language.Bosch Termoteknik, Ba\u015fkentgaz yetkililerinden olu\u015fan 20 ki\u015filik uzman kadrosunu Manisa\u2019daki fabrikas\u0131nda a\u011f\u0131rlad\u0131. \u00dcretim s\u00fcre\u00e7lerini yerinde g\u00f6rme f\u0131rsat\u0131 yakalayan yetkililer, Bosch Termoteknik\u2019in konusunda uzman [&hellip;]<\/p>\n","protected":false},"author":1,"featured_media":64863,"comment_status":"open","ping_status":"open","sticky":false,"template":"","format":"standard","meta":[],"categories":[46,53],"tags":[1118,63,67,1009,2698,165],"views":2197,"_links":{"self":[{"href":"https:\/\/www.enerjigazetesi.ist\/en\/wp-json\/wp\/v2\/posts\/64862"}],"collection":[{"href":"https:\/\/www.enerjigazetesi.ist\/en\/wp-json\/wp\/v2\/posts"}],"about":[{"href":"https:\/\/www.enerjigazetesi.ist\/en\/wp-json\/wp\/v2\/types\/post"}],"author":[{"embeddable":true,"href":"https:\/\/www.enerjigazetesi.ist\/en\/wp-json\/wp\/v2\/users\/1"}],"replies":[{"embeddable":true,"href":"https:\/\/www.enerjigazetesi.ist\/en\/wp-json\/wp\/v2\/comments?post=64862"}],"version-history":[{"count":1,"href":"https:\/\/www.enerjigazetesi.ist\/en\/wp-json\/wp\/v2\/posts\/64862\/revisions"}],"predecessor-version":[{"id":64864,"href":"https:\/\/www.enerjigazetesi.ist\/en\/wp-json\/wp\/v2\/posts\/64862\/revisions\/64864"}],"wp:featuredmedia":[{"embeddable":true,"href":"https:\/\/www.enerjigazetesi.ist\/en\/wp-json\/wp\/v2\/media\/64863"}],"wp:attachment":[{"href":"https:\/\/www.enerjigazetesi.ist\/en\/wp-json\/wp\/v2\/media?parent=64862"}],"wp:term":[{"taxonomy":"category","embeddable":true,"href":"https:\/\/www.enerjigazetesi.ist\/en\/wp-json\/wp\/v2\/categories?post=64862"},{"taxonomy":"post_tag","embeddable":true,"href":"https:\/\/www.enerjigazetesi.ist\/en\/wp-json\/wp\/v2\/tags?post=64862"}],"curies":[{"name":"wp","href":"https:\/\/api.w.org\/{rel}","templated":true}]}}