{"id":64835,"date":"2017-06-12T10:41:05","date_gmt":"2017-06-12T07:41:05","guid":{"rendered":"https:\/\/www.enerjigazetesi.ist\/?p=64835"},"modified":"2017-06-12T10:41:05","modified_gmt":"2017-06-12T07:41:05","slug":"legrand-grubu-voltimum-sanal-fuarinda","status":"publish","type":"post","link":"https:\/\/www.enerjigazetesi.ist\/en\/legrand-grubu-voltimum-sanal-fuarinda\/","title":{"rendered":"(Turkish) Legrand Grubu, Voltimum Sanal Fuar\u0131\u2019nda&#8230;"},"content":{"rendered":"<p class=\"qtranxs-available-languages-message qtranxs-available-languages-message-en\">Sorry, this entry is only available in <a href=\"https:\/\/www.enerjigazetesi.ist\/tr\/wp-json\/wp\/v2\/posts\/64835\" class=\"qtranxs-available-language-link qtranxs-available-language-link-tr\" title=\"Turkish\">Turkish<\/a>. For the sake of viewer convenience, the content is shown below in the alternative language. You may click the link to switch the active language.<\/p><p><strong>Legrand Grubu, \u00a0ge\u00e7ti\u011fimiz y\u0131l T\u00fcrkiye\u2019de ilk kez ger\u00e7ekle\u015ftirilen Voltimum Sanal Fuar\u0131\u2019nda bu y\u0131l da yerini ald\u0131. Fuara inovasyon anlay\u0131\u015f\u0131n\u0131n d\u0131\u015fa vurumu ELIOT\u2122 ile kat\u0131lan Legrand, takip\u00e7ilerini bu yeni nesil d\u00fcnyaya davet ediyor.<\/strong><\/p>\n<p>Bina, elektrik ve dijital altyap\u0131lar\u0131 i\u00e7in \u00fcr\u00fcn ve sistemler konusunda uzman <strong>Legrand Grubu<\/strong>, bu y\u0131l 8-9 Haziran tarihlerinde ikinci kez ger\u00e7ekle\u015fen Voltimum Sanal Fuar&#8217;\u0131na kat\u0131ld\u0131.<\/p>\n<p>Fuar kapsam\u0131nda ye<a href=\"https:\/\/www.enerjigazetesi.ist\/wp-content\/uploads\/2017\/06\/legrand-grubu-voltimum-sanal-fuarinda.jpg\"><img loading=\"lazy\" class=\"alignleft size-medium wp-image-64836\" src=\"https:\/\/www.enerjigazetesi.ist\/wp-content\/uploads\/2017\/06\/legrand-grubu-voltimum-sanal-fuarinda-300x171.jpg\" alt=\"legrand-grubu-voltimum-sanal-fuarinda\" width=\"300\" height=\"171\" srcset=\"https:\/\/www.enerjigazetesi.ist\/wp-content\/uploads\/2017\/06\/legrand-grubu-voltimum-sanal-fuarinda-300x171.jpg 300w, https:\/\/www.enerjigazetesi.ist\/wp-content\/uploads\/2017\/06\/legrand-grubu-voltimum-sanal-fuarinda-500x285.jpg 500w, https:\/\/www.enerjigazetesi.ist\/wp-content\/uploads\/2017\/06\/legrand-grubu-voltimum-sanal-fuarinda-80x45.jpg 80w, https:\/\/www.enerjigazetesi.ist\/wp-content\/uploads\/2017\/06\/legrand-grubu-voltimum-sanal-fuarinda.jpg 850w\" sizes=\"(max-width: 300px) 100vw, 300px\" \/><\/a>ni nesil teknolojinin vazge\u00e7ilmez bir par\u00e7as\u0131 haline gelen Eliot\u2122 program\u0131n\u0131 sekt\u00f6r profesyonellerine tan\u0131tt\u0131. Legrand, Eliot\u2122 ile var olan cihazlar\u0131 mevcut a\u011f sistemine ba\u011flay\u0131p, do\u011fas\u0131 gere\u011fi ileti\u015fim i\u00e7in tasarlanm\u0131\u015f \u00fcr\u00fcnleri geli\u015ftirerek gelece\u011fe uyumlu yeni konseptler hayal etmeyi ama\u00e7l\u0131yor.<\/p>\n<p><strong>Birlikte \u00e7al\u0131\u015fma yetene\u011finin yeni ad\u0131 ELIOT\u2122\u2026<\/strong><\/p>\n<p>Nesnelerin \u0130nterneti\u2019nin 2020 itibariyle y\u00fczde 20\u2019den fazla b\u00fcy\u00fcmesini bekleyen <strong>Legrand Grubu<\/strong>, 2014 y\u0131l\u0131nda 20 \u00fcr\u00fcn ailesinde bulunan Nesnelerin \u0130nterneti \u00e7\u00f6z\u00fcmlerini, 2020\u2019ye kadar 40 \u00fcr\u00fcn ailesine ula\u015ft\u0131rma hedefiyle \u00e7al\u0131\u015f\u0131yor. 2014 y\u0131l\u0131nda d\u00fcnya \u00e7ap\u0131nda birbirine ba\u011fl\u0131 14 milyar cihaz\u0131n 2020 y\u0131l\u0131nda 50 milyar olmas\u0131n\u0131 \u00f6ng\u00f6ren Legrand, Eliot\u2122 ile m\u00fc\u015fterek \u00e7al\u0131\u015fma, bir \u00fcr\u00fcn veya sistemin di\u011fer \u00fcr\u00fcn veya sistemlerle standart olarak ileti\u015fime ge\u00e7ebilme kapasitesine i\u015faret ediyor.<\/p>\n<p><strong>Ya\u015fam alanlar\u0131n\u0131 uzaktan kontrol edin\u2026<\/strong><\/p>\n<p>MyHOME Otomasyon Sistemi ,Eliot\u2122 program\u0131na uyumlulu\u011fuyla g\u00f6ze \u00e7arp\u0131yor. \u00d6nceden tan\u0131ml\u0131 \u0131s\u0131tma senaryolar\u0131, perde-stor ve ayd\u0131nlatma y\u00f6netimi ile merkezi kontrol ve izlemeye imkan sa\u011flayan bu yeni nesil anlay\u0131\u015f, \u00f6zellikle otellerde y\u00fcksek seviyede konfor ve enerji tasarrufu sa\u011flanmas\u0131na yard\u0131mc\u0131 oluyor.<\/p>\n<p>Ayr\u0131ca evinize gelen misafirleri g\u00f6r\u00fcnt\u00fcleyebilece\u011finiz Eliot\u2122 \u00a0program\u0131n\u0131n en yeni \u00fcyelerinden biri olan g\u00f6r\u00fcnt\u00fcl\u00fc interkom ve zil setleri sayesinde de d\u00fcnyan\u0131n her yerinden g\u00f6r\u00fcnt\u00fcleme yapabilir, \u00e7a\u011fr\u0131 alabilir ve kap\u0131 kilidinizi a\u00e7abilirsiniz. \u0130nternete ba\u011fl\u0131 \u00e7oklu priz ile enerji t\u00fcketim de\u011ferlerinizi anl\u0131k olarak cep telefonundan g\u00f6r\u00fcnt\u00fcleyebilir ve istedi\u011finiz an uzaktan kapat\u0131p a\u00e7abilirisiniz. Zamanlama senaryolar\u0131 ekleyerek belirlenen zamanlarda otomatik olarak prizleriniz aktif hale gelir. Yine internete ba\u011fl\u0131 ak\u0131ll\u0131 termostatlar ile ya\u015fam alan\u0131n\u0131z\u0131n \u0131s\u0131 derecesini istedi\u011finiz yerden y\u00f6netebilirisiniz.<\/p>\n<p>Daha fazla bilgi i\u00e7in <a href=\"http:\/\/www.legrand.com.tr\/\">www.legrand.com.tr<\/a> ve <a href=\"http:\/\/www.legrand.com\/EN\/eliot-program_13238.html\">http:\/\/www.legrand.com\/EN\/eliot-program_13238.html<\/a> adreslerini ziyaret edebilirsiniz.<\/p>","protected":false},"excerpt":{"rendered":"<p>Sorry, this entry is only available in Turkish. For the sake of viewer convenience, the content is shown below in the alternative language. You may click the link to switch the active language.Legrand Grubu, \u00a0ge\u00e7ti\u011fimiz y\u0131l T\u00fcrkiye\u2019de ilk kez ger\u00e7ekle\u015ftirilen Voltimum Sanal Fuar\u0131\u2019nda bu y\u0131l da yerini ald\u0131. Fuara inovasyon anlay\u0131\u015f\u0131n\u0131n d\u0131\u015fa vurumu ELIOT\u2122 ile [&hellip;]<\/p>\n","protected":false},"author":1,"featured_media":64836,"comment_status":"open","ping_status":"open","sticky":false,"template":"","format":"standard","meta":[],"categories":[51,53],"tags":[34255,63,67,1009,2698,165,34254,33994],"views":960,"_links":{"self":[{"href":"https:\/\/www.enerjigazetesi.ist\/en\/wp-json\/wp\/v2\/posts\/64835"}],"collection":[{"href":"https:\/\/www.enerjigazetesi.ist\/en\/wp-json\/wp\/v2\/posts"}],"about":[{"href":"https:\/\/www.enerjigazetesi.ist\/en\/wp-json\/wp\/v2\/types\/post"}],"author":[{"embeddable":true,"href":"https:\/\/www.enerjigazetesi.ist\/en\/wp-json\/wp\/v2\/users\/1"}],"replies":[{"embeddable":true,"href":"https:\/\/www.enerjigazetesi.ist\/en\/wp-json\/wp\/v2\/comments?post=64835"}],"version-history":[{"count":1,"href":"https:\/\/www.enerjigazetesi.ist\/en\/wp-json\/wp\/v2\/posts\/64835\/revisions"}],"predecessor-version":[{"id":64837,"href":"https:\/\/www.enerjigazetesi.ist\/en\/wp-json\/wp\/v2\/posts\/64835\/revisions\/64837"}],"wp:featuredmedia":[{"embeddable":true,"href":"https:\/\/www.enerjigazetesi.ist\/en\/wp-json\/wp\/v2\/media\/64836"}],"wp:attachment":[{"href":"https:\/\/www.enerjigazetesi.ist\/en\/wp-json\/wp\/v2\/media?parent=64835"}],"wp:term":[{"taxonomy":"category","embeddable":true,"href":"https:\/\/www.enerjigazetesi.ist\/en\/wp-json\/wp\/v2\/categories?post=64835"},{"taxonomy":"post_tag","embeddable":true,"href":"https:\/\/www.enerjigazetesi.ist\/en\/wp-json\/wp\/v2\/tags?post=64835"}],"curies":[{"name":"wp","href":"https:\/\/api.w.org\/{rel}","templated":true}]}}