{"id":64815,"date":"2017-06-10T16:59:30","date_gmt":"2017-06-10T13:59:30","guid":{"rendered":"https:\/\/www.enerjigazetesi.ist\/?p=64815"},"modified":"2017-06-10T16:59:54","modified_gmt":"2017-06-10T13:59:54","slug":"komur-gazi-ile-uzun-yillar-enerji-saglanabilir","status":"publish","type":"post","link":"https:\/\/www.enerjigazetesi.ist\/en\/komur-gazi-ile-uzun-yillar-enerji-saglanabilir\/","title":{"rendered":"(Turkish) K\u00f6m\u00fcr Gaz\u0131 \u0130le Uzun Y\u0131llar Enerji Sa\u011flanabilir"},"content":{"rendered":"<p class=\"qtranxs-available-languages-message qtranxs-available-languages-message-en\">Sorry, this entry is only available in <a href=\"https:\/\/www.enerjigazetesi.ist\/tr\/wp-json\/wp\/v2\/posts\/64815\" class=\"qtranxs-available-language-link qtranxs-available-language-link-tr\" title=\"Turkish\">Turkish<\/a>. For the sake of viewer convenience, the content is shown below in the alternative language. You may click the link to switch the active language.<\/p><p><strong><span style=\"color: #0a0a0a;\">Zonguldak\u2019ta yeni enerji kaynaklar\u0131n\u0131n anlat\u0131ld\u0131\u011f\u0131 konferansta konu\u015fma yapan Avusturalyal\u0131 \u015firketin Genel M\u00fcd\u00fcr\u00fc Ayhan Bayrak, k\u00f6m\u00fcr\u00fcn i\u00e7erisindeki gaz\u0131n uzun y\u0131llar enerji sa\u011flayabilece\u011fini s\u00f6yledi.<\/span><\/strong><\/p>\n<p><span style=\"color: #0a0a0a;\">K\u00f6m\u00fcr par\u00e7as\u0131 i\u00e7erisin<a href=\"https:\/\/www.enerjigazetesi.ist\/wp-content\/uploads\/2016\/06\/yerli-komur-santrallerinde-risk-analizi-ve-tesvik-mekanizmalari-calistayi.jpg\"><img loading=\"lazy\" class=\"alignleft size-medium wp-image-53660\" src=\"https:\/\/www.enerjigazetesi.ist\/wp-content\/uploads\/2016\/06\/yerli-komur-santrallerinde-risk-analizi-ve-tesvik-mekanizmalari-calistayi-300x199.jpg\" alt=\"yerli-komur-santralleri\" width=\"300\" height=\"199\" srcset=\"https:\/\/www.enerjigazetesi.ist\/wp-content\/uploads\/2016\/06\/yerli-komur-santrallerinde-risk-analizi-ve-tesvik-mekanizmalari-calistayi-300x199.jpg 300w, https:\/\/www.enerjigazetesi.ist\/wp-content\/uploads\/2016\/06\/yerli-komur-santrallerinde-risk-analizi-ve-tesvik-mekanizmalari-calistayi-500x332.jpg 500w, https:\/\/www.enerjigazetesi.ist\/wp-content\/uploads\/2016\/06\/yerli-komur-santrallerinde-risk-analizi-ve-tesvik-mekanizmalari-calistayi-75x50.jpg 75w, https:\/\/www.enerjigazetesi.ist\/wp-content\/uploads\/2016\/06\/yerli-komur-santrallerinde-risk-analizi-ve-tesvik-mekanizmalari-calistayi.jpg 940w\" sizes=\"(max-width: 300px) 100vw, 300px\" \/><\/a>de biriken gaz\u0131n uzun y\u0131llar enerji sa\u011flayabilece\u011finin vurgusunu yapan\u00a0Bayrak, ta\u015fk\u00f6m\u00fcr\u00fc \u00fcretimi yapan T\u00fcrkiye Ta\u015fk\u00f6m\u00fcr\u00fc Kurumunun talebi do\u011frultusunda birlikte \u00e7al\u0131\u015fma yapabileceklerini belirtti. Amerika ba\u015fta olmak \u00fczere baz\u0131 \u00fclkelerde k\u00f6m\u00fcr gaz\u0131ndan enerji \u00fcretme y\u00f6nteminin 50 y\u0131l\u0131 a\u015fk\u0131n s\u00fcredir kullan\u0131ld\u0131\u011f\u0131n\u0131\u00a0da dile getirdi.<\/span><\/p>\n<p><span style=\"color: #0a0a0a;\">Bayrak ayr\u0131ca, &#8220;Bizim yapt\u0131\u011f\u0131m\u0131z projelerimizden bir tanesi k\u00f6m\u00fcr\u00fc; dokunmadan yerin alt\u0131ndan i\u00e7erisindeki gaz\u0131n\u0131n al\u0131nmas\u0131d\u0131r. K\u00f6m\u00fcr bildi\u011finiz gibi organik metaller. Organik metallerin i\u00e7erisinde k\u00f6m\u00fcrle\u015fme olurken \u00e7ok miktarda gaz biriktirir. Bu k\u00f6m\u00fcr\u00fcn i\u00e7erisinde biriken gaz, k\u00fc\u00e7\u00fck bir k\u00f6m\u00fcr par\u00e7as\u0131n\u0131n i\u00e7inde bile olsa 500 ki\u015filik salonu doldurabilecek kapasitededir. Dolay\u0131s\u0131yla b\u00fcy\u00fck kapasiteli gaz, uzun y\u0131llar size fayda sa\u011flayabilir. ifadelerine yer verdi.<\/span><\/p>","protected":false},"excerpt":{"rendered":"<p>Sorry, this entry is only available in Turkish. For the sake of viewer convenience, the content is shown below in the alternative language. You may click the link to switch the active language.Zonguldak\u2019ta yeni enerji kaynaklar\u0131n\u0131n anlat\u0131ld\u0131\u011f\u0131 konferansta konu\u015fma yapan Avusturalyal\u0131 \u015firketin Genel M\u00fcd\u00fcr\u00fc Ayhan Bayrak, k\u00f6m\u00fcr\u00fcn i\u00e7erisindeki gaz\u0131n uzun y\u0131llar enerji sa\u011flayabilece\u011fini s\u00f6yledi. K\u00f6m\u00fcr [&hellip;]<\/p>\n","protected":false},"author":1,"featured_media":53660,"comment_status":"open","ping_status":"open","sticky":false,"template":"","format":"standard","meta":[],"categories":[53,24649],"tags":[33590,1025,19,63,67,1009,2698,165,13,1675,5097,34248],"views":2510,"_links":{"self":[{"href":"https:\/\/www.enerjigazetesi.ist\/en\/wp-json\/wp\/v2\/posts\/64815"}],"collection":[{"href":"https:\/\/www.enerjigazetesi.ist\/en\/wp-json\/wp\/v2\/posts"}],"about":[{"href":"https:\/\/www.enerjigazetesi.ist\/en\/wp-json\/wp\/v2\/types\/post"}],"author":[{"embeddable":true,"href":"https:\/\/www.enerjigazetesi.ist\/en\/wp-json\/wp\/v2\/users\/1"}],"replies":[{"embeddable":true,"href":"https:\/\/www.enerjigazetesi.ist\/en\/wp-json\/wp\/v2\/comments?post=64815"}],"version-history":[{"count":1,"href":"https:\/\/www.enerjigazetesi.ist\/en\/wp-json\/wp\/v2\/posts\/64815\/revisions"}],"predecessor-version":[{"id":64816,"href":"https:\/\/www.enerjigazetesi.ist\/en\/wp-json\/wp\/v2\/posts\/64815\/revisions\/64816"}],"wp:featuredmedia":[{"embeddable":true,"href":"https:\/\/www.enerjigazetesi.ist\/en\/wp-json\/wp\/v2\/media\/53660"}],"wp:attachment":[{"href":"https:\/\/www.enerjigazetesi.ist\/en\/wp-json\/wp\/v2\/media?parent=64815"}],"wp:term":[{"taxonomy":"category","embeddable":true,"href":"https:\/\/www.enerjigazetesi.ist\/en\/wp-json\/wp\/v2\/categories?post=64815"},{"taxonomy":"post_tag","embeddable":true,"href":"https:\/\/www.enerjigazetesi.ist\/en\/wp-json\/wp\/v2\/tags?post=64815"}],"curies":[{"name":"wp","href":"https:\/\/api.w.org\/{rel}","templated":true}]}}