{"id":6481,"date":"2013-02-11T15:20:51","date_gmt":"2013-02-11T12:20:51","guid":{"rendered":"https:\/\/www.enerjigazetesi.ist\/?p=6481"},"modified":"2013-02-11T16:47:36","modified_gmt":"2013-02-11T13:47:36","slug":"hattat-holding-amasrada-komur-santrali-kuracak","status":"publish","type":"post","link":"https:\/\/www.enerjigazetesi.ist\/en\/hattat-holding-amasrada-komur-santrali-kuracak\/","title":{"rendered":"(Turkish) Hattat Holding, Amasra\u2019da K\u00f6m\u00fcr Santrali Kuracak"},"content":{"rendered":"<p class=\"qtranxs-available-languages-message qtranxs-available-languages-message-en\">Sorry, this entry is only available in <a href=\"https:\/\/www.enerjigazetesi.ist\/tr\/wp-json\/wp\/v2\/posts\/6481\" class=\"qtranxs-available-language-link qtranxs-available-language-link-tr\" title=\"Turkish\">Turkish<\/a>. For the sake of viewer convenience, the content is shown below in the alternative language. You may click the link to switch the active language.<\/p><p><strong>HATTAT Holding Amasra\u2019da \u00e7\u0131kard\u0131\u011f\u0131 k\u00f6m\u00fcr\u00fc, termik santral kurulana kadar Eren Holding\u2019e satacak. 2 y\u0131l i\u00e7inde k\u00f6m\u00fcr \u00e7\u0131karmaya hedefleyen \u015firket, haziranda santral i\u00e7in s\u00f6zle\u015fme de imzalayacak.<\/strong><\/p>\n<p>Hattat Holding Amasra\u2019da yeralt\u0131 ta\u015f k\u00f6m\u00fcr\u00fc kaz\u0131s\u0131nda ayl\u0131k ortalama 60 metre olan t\u00fcnel kazma uzunlu\u011funda 100 metreye ula\u015ft\u0131. \u015eu ana kadar 300 milyon dolarl\u0131k yat\u0131r\u0131mla ger\u00e7ekle\u015ftirilen projeye toplamda 5.5 milyar dolarl\u0131k yat\u0131r\u0131m yap\u0131lacak. 2 y\u0131l i\u00e7inde k\u00f6m\u00fcr\u00fc \u00e7\u0131karmaya ba\u015flayacak Hattat Holding, y\u0131ll\u0131k 5 milyon ton k\u00f6m\u00fcr \u00e7\u0131karmay\u0131 hedefliyor. 5 y\u0131l i\u00e7inde y\u0131ll\u0131k 10 milyon tonluk kapasiteye \u00e7\u0131kmay\u0131 planlayan \u015firket, \u00e7\u0131kard\u0131\u011f\u0131 k\u00f6m\u00fcr\u00fc hemen satmay\u0131 planl\u0131yor. Haziranda santral i\u00e7in imzalar\u0131 atmay\u0131 planlad\u0131klar\u0131n\u0131 s\u00f6yleyen Hattat Holding Y\u00f6netim Kurulu \u00dcyesi ve Enerji Grup Ba\u015fkan\u0131 \u0130pek Hattat, \u201cSantral i\u00e7in ilk kazma vurulduktan sonra 4 y\u0131l zaman gerekiyor. 2 y\u0131l sonra k\u00f6m\u00fcr\u00fc \u00e7\u0131kartmaya ba\u015flayaca\u011f\u0131z. E\u011fer liman kurabilirsek \u00e7\u0131kar\u0131lan k\u00f6m\u00fcr\u00fc Eren Holding\u2019e sataca\u011f\u0131z\u201d dedi.<\/p>\n<p><img loading=\"lazy\" class=\"alignleft size-medium wp-image-6482\" title=\"komur-santrali-111-505x378\" src=\"https:\/\/www.enerjigazetesi.ist\/wp-content\/uploads\/2013\/02\/komur-santrali-111-505x378-300x224.jpg\" alt=\"\" width=\"300\" height=\"224\" srcset=\"https:\/\/www.enerjigazetesi.ist\/wp-content\/uploads\/2013\/02\/komur-santrali-111-505x378-300x224.jpg 300w, https:\/\/www.enerjigazetesi.ist\/wp-content\/uploads\/2013\/02\/komur-santrali-111-505x378-500x374.jpg 500w, https:\/\/www.enerjigazetesi.ist\/wp-content\/uploads\/2013\/02\/komur-santrali-111-505x378-66x50.jpg 66w, https:\/\/www.enerjigazetesi.ist\/wp-content\/uploads\/2013\/02\/komur-santrali-111-505x378.jpg 505w\" sizes=\"(max-width: 300px) 100vw, 300px\" \/>Eren Holding\u2019in yapt\u0131\u011f\u0131 k\u00f6m\u00fcr ithalat\u0131n\u0131n Hattat Holding\u2019ten al\u0131nan k\u00f6m\u00fcrle d\u00fc\u015fece\u011fini s\u00f6yleyen Hattat, kurulacak santral i\u00e7in \u00c7inli ve G\u00fcney Koreli firmalar halinde g\u00f6r\u00fc\u015fme halinde olduklar\u0131n\u0131 s\u00f6yledi. \u015eu ana kadar kredi kullanmadan, yat\u0131r\u0131ma devam ettiklerinin alt\u0131n\u0131 \u00e7izen Hattat, devletin ta\u015f k\u00f6m\u00fcr\u00fc i\u00e7in te\u015fvik vermesi gerekti\u011fini belirtti.<\/p>\n<h2>\u00c7inli i\u015f\u00e7iler primle tan\u0131\u015ft\u0131<\/h2>\n<p>HATTAT HoldingBat\u0131 Karadeniz Mega Enerj \u00dcss\u00fc projesinin ana arteri olan, Hattat Holding ve \u00c7inli Datong firmas\u0131 taraf\u0131ndan a\u00e7\u0131lan ilk maden Amasra Ta\u015f K\u00f6m\u00fcr\u00fc \u00dcretim Kuyusu\u2019nda t\u00fcnellerdeki h\u0131zl\u0131 ilerleme i\u00e7in \u00c7inli ve T\u00fcrk i\u015f\u00e7ilere prim da\u011f\u0131tt\u0131. Ayl\u0131k 60 metre olan t\u00fcnel kazma uzunlu\u011funu 100 metreye \u00e7\u0131karan i\u015f\u00e7ilerin hayatlar\u0131nda ilk kez primle tan\u0131\u015ft\u0131\u011f\u0131n\u0131 s\u00f6yleyen Hattat, \u00c7inli ve T\u00fcrk i\u015f\u00e7ilere \u00f6d\u00fcl verdiklerinden dolay\u0131 \u00e7ok mutlu olduklar\u0131n\u0131 s\u00f6yledi.<\/p>\n<p>Kaynak: <a href=\"http:\/\/enerjienstitusu.com\/2013\/02\/11\/hattat-holding-amasrada-komur-santrali-kuracak\/\" target=\"_blank\">Enerji Enstit\u00fcs\u00fc<\/a><\/p>","protected":false},"excerpt":{"rendered":"<p>Sorry, this entry is only available in Turkish. For the sake of viewer convenience, the content is shown below in the alternative language. You may click the link to switch the active language.HATTAT Holding Amasra\u2019da \u00e7\u0131kard\u0131\u011f\u0131 k\u00f6m\u00fcr\u00fc, termik santral kurulana kadar Eren Holding\u2019e satacak. 2 y\u0131l i\u00e7inde k\u00f6m\u00fcr \u00e7\u0131karmaya hedefleyen \u015firket, haziranda santral i\u00e7in s\u00f6zle\u015fme [&hellip;]<\/p>\n","protected":false},"author":1,"featured_media":6482,"comment_status":"open","ping_status":"open","sticky":false,"template":"","format":"standard","meta":[],"categories":[53],"tags":[1485,2379,2380,2291,438],"views":827,"_links":{"self":[{"href":"https:\/\/www.enerjigazetesi.ist\/en\/wp-json\/wp\/v2\/posts\/6481"}],"collection":[{"href":"https:\/\/www.enerjigazetesi.ist\/en\/wp-json\/wp\/v2\/posts"}],"about":[{"href":"https:\/\/www.enerjigazetesi.ist\/en\/wp-json\/wp\/v2\/types\/post"}],"author":[{"embeddable":true,"href":"https:\/\/www.enerjigazetesi.ist\/en\/wp-json\/wp\/v2\/users\/1"}],"replies":[{"embeddable":true,"href":"https:\/\/www.enerjigazetesi.ist\/en\/wp-json\/wp\/v2\/comments?post=6481"}],"version-history":[{"count":1,"href":"https:\/\/www.enerjigazetesi.ist\/en\/wp-json\/wp\/v2\/posts\/6481\/revisions"}],"predecessor-version":[{"id":6483,"href":"https:\/\/www.enerjigazetesi.ist\/en\/wp-json\/wp\/v2\/posts\/6481\/revisions\/6483"}],"wp:featuredmedia":[{"embeddable":true,"href":"https:\/\/www.enerjigazetesi.ist\/en\/wp-json\/wp\/v2\/media\/6482"}],"wp:attachment":[{"href":"https:\/\/www.enerjigazetesi.ist\/en\/wp-json\/wp\/v2\/media?parent=6481"}],"wp:term":[{"taxonomy":"category","embeddable":true,"href":"https:\/\/www.enerjigazetesi.ist\/en\/wp-json\/wp\/v2\/categories?post=6481"},{"taxonomy":"post_tag","embeddable":true,"href":"https:\/\/www.enerjigazetesi.ist\/en\/wp-json\/wp\/v2\/tags?post=6481"}],"curies":[{"name":"wp","href":"https:\/\/api.w.org\/{rel}","templated":true}]}}