{"id":64808,"date":"2017-06-10T16:23:34","date_gmt":"2017-06-10T13:23:34","guid":{"rendered":"https:\/\/www.enerjigazetesi.ist\/?p=64808"},"modified":"2017-06-10T16:41:18","modified_gmt":"2017-06-10T13:41:18","slug":"turk-halki-nin-turk-akimi-projesi-ne-destegi-artarak-suruyor","status":"publish","type":"post","link":"https:\/\/www.enerjigazetesi.ist\/en\/turk-halki-nin-turk-akimi-projesi-ne-destegi-artarak-suruyor\/","title":{"rendered":"(Turkish) T\u00fcrk Halk\u0131n\u0131n T\u00fcrk Ak\u0131m Projesi\u2019ne Deste\u011fi Artarak S\u00fcr\u00fcyor&#8230;"},"content":{"rendered":"<p class=\"qtranxs-available-languages-message qtranxs-available-languages-message-en\">Sorry, this entry is only available in <a href=\"https:\/\/www.enerjigazetesi.ist\/tr\/wp-json\/wp\/v2\/posts\/64808\" class=\"qtranxs-available-language-link qtranxs-available-language-link-tr\" title=\"Turkish\">Turkish<\/a>. For the sake of viewer convenience, the content is shown below in the alternative language. You may click the link to switch the active language.<\/p><p><strong>T\u00fcrkAk\u0131m projesini 2015 y\u0131l\u0131nda toplumun y\u00fczde 56\u2019s\u0131 desteklerken, bug\u00fcn bu oran y\u00fczde 75\u2019e \u00e7\u0131km\u0131\u015f durumda. Kamuoyu deste\u011finin alt\u0131nda, projenin enerji ihtiyac\u0131n\u0131 kar\u015f\u0131lamas\u0131, kalk\u0131nmaya katk\u0131s\u0131 ve do\u011falgaz kullan\u0131m\u0131n\u0131 yayg\u0131nla\u015ft\u0131rma olana\u011f\u0131 yat\u0131yor.\u00a0<\/strong><strong>Enerji uzman\u0131 Mehmet \u00d6\u011f\u00fct\u00e7\u00fc, projenin T\u00fcrkiye\u2019ye do\u011frudan do\u011falgaz ta\u015f\u0131yacak ilk aya\u011f\u0131n\u0131n enerji g\u00fcvenli\u011fi i\u00e7in kilit rol oynayaca\u011f\u0131n\u0131 ifade etti.<\/strong><\/p>\n<p>T\u00fcrkiye enerji g\u00f6r\u00fcn\u00fcm\u00fcne ili\u015fkin olarak yap\u0131lan bir kamuoyu ara\u015ft\u0131rmas\u0131n\u0131n ortaya koydu\u011fu \u00fczere, T\u00fcrk halk\u0131n\u0131n b\u00fcy\u00fck \u00e7o\u011funlu\u011fu, T\u00fcrkAk\u0131m Projesi\u2019nin hayata ge\u00e7irilmesinin T\u00fcrkiye\u2019nin yarar\u0131na olaca\u011f\u0131na inan\u0131yor. Kamuoyu ara\u015ft\u0131rmas\u0131n\u0131n sonu\u00e7lar\u0131 T\u00fcrkiye toplumunun \u00e7ok b<a href=\"https:\/\/www.enerjigazetesi.ist\/wp-content\/uploads\/2015\/12\/turk-akiminin-alternatifi-tanap.jpg\"><img loading=\"lazy\" class=\"alignleft  wp-image-47516\" src=\"https:\/\/www.enerjigazetesi.ist\/wp-content\/uploads\/2015\/12\/turk-akiminin-alternatifi-tanap.jpg\" alt=\"turk-akiminin-alternatifi-tanap\" width=\"300\" height=\"206\" \/><\/a>\u00fcy\u00fck k\u0131sm\u0131n\u0131n enerji kaynaklar\u0131 aras\u0131nda do\u011falgaz\u0131 ve yeni do\u011falgaz boru hatt\u0131 projelerini destekledi\u011fini g\u00f6steriyor.<\/p>\n<p>Daha \u00f6nce 2015\u2019te ger\u00e7ekle\u015ftirilen ara\u015ft\u0131rman\u0131n tekrar\u0131 niteli\u011finde olan kamuoyu ara\u015ft\u0131rmas\u0131, StratejiCo. taraf\u0131ndan tasarlan\u0131p ERA Ara\u015ft\u0131rma ve Dan\u0131\u015fmanl\u0131k taraf\u0131ndan uyguland\u0131. S\u00f6z konusu ara\u015ft\u0131rma, T\u00fcrk halk\u0131n\u0131n do\u011falgaza ve yeni boru hatt\u0131 projelerine bak\u0131\u015f\u0131na ili\u015fkin \u00e7arp\u0131c\u0131 ipu\u00e7lar\u0131 veriyor.<\/p>\n<p>Kamuoyu ara\u015ft\u0131rmas\u0131n\u0131n sonu\u00e7lar\u0131, T\u00fcrk halk\u0131n\u0131n enerji kaynaklar\u0131 aras\u0131nda do\u011falgaza verdi\u011fi deste\u011fin artt\u0131\u011f\u0131n\u0131 g\u00f6steriyor. 2015 y\u0131l\u0131ndaki ara\u015ft\u0131rmada toplum genelinin y\u00fczde 57\u2019si, b\u00f6lge halk\u0131n\u0131n y\u00fczde 79\u2019u enerji kayna\u011f\u0131 olarak do\u011falgaz kullan\u0131m\u0131n\u0131 desteklerken, 2017\u2019de bu rakamlar s\u0131ras\u0131yla y\u00fczde 87 ve y\u00fczde 88\u2019e y\u00fckselmi\u015f bulunuyor.<\/p>\n<p>Do\u011falgaza y\u00f6nelik olumlu bak\u0131\u015f a\u00e7\u0131s\u0131 ayn\u0131 zamanda T\u00fcrkiye\u2019de do\u011falgaz tedariki i\u00e7in boru hatlar\u0131n\u0131n yap\u0131lmas\u0131na verilen destek d\u00fczeyine de yans\u0131yor. 2015\u2019te yap\u0131lan ara\u015ft\u0131rmada toplumun genelinde y\u00fczde 58, b\u00f6lge halk\u0131nda y\u00fczde 80 olan destek d\u00fczeyinde 2017\u2019de \u00f6nemli \u00f6l\u00e7\u00fcde art\u0131\u015f g\u00f6zlemleniyor. Bug\u00fcn hem genel hem de b\u00f6lgesel kamuoyunun y\u00fczde 85\u2019i bu t\u00fcr projelere olumlu bak\u0131yor.<\/p>\n<p>Kamuoyu ara\u015ft\u0131rmas\u0131, T\u00fcrk halk\u0131n\u0131n b\u00fcy\u00fck \u00e7o\u011funlu\u011funun T\u00fcrkAk\u0131m do\u011falgaz boru hatt\u0131 projesini de olumlu kar\u015f\u0131lad\u0131\u011f\u0131na i\u015faret ediyor. Toplumun genelinde projeye verilen destek y\u00fczde 75 d\u00fczeyindeyken (2015 y\u0131l\u0131nda y\u00fczde 56) b\u00f6lge halk\u0131n\u0131n da y\u00fczde 68\u2019i (2015 y\u0131l\u0131nda y\u00fczde 65) projeyi destekliyor. Ankete kat\u0131lanlar\u0131n \u00e7o\u011fu, T\u00fcrkAk\u0131m\u2019a verdikleri deste\u011fin nedenleri aras\u0131nda T\u00fcrkiye\u2019nin enerji arz g\u00fcvenli\u011fine yapaca\u011f\u0131 katk\u0131y\u0131 ve ekonomik yararlar\u0131n\u0131 say\u0131yor. B\u00f6lge halk\u0131 do\u011falgaz kullan\u0131m\u0131n\u0131 yayg\u0131nla\u015ft\u0131rma olana\u011f\u0131n\u0131 projenin ba\u015fl\u0131ca faydalar\u0131 aras\u0131nda g\u00f6r\u00fcyor.<\/p>\n<p>Bosphorus Energy Club Ba\u015fkan\u0131 Mehmet \u00d6\u011f\u00fct\u00e7\u00fc, b\u00f6yle bir ara\u015ft\u0131rman\u0131n kamuoyuyla ilk defa payla\u015f\u0131ld\u0131\u011f\u0131n\u0131, ilk bulgular\u0131n do\u011falgaz\u0131n T\u00fcrkiye\u2019nin en \u00f6nemli enerji kaynaklar\u0131ndan biri oldu\u011fu alg\u0131s\u0131n\u0131 g\u00f6sterdi\u011fini ifade etti. \u00d6\u011f\u00fct\u00e7\u00fc, \u201c\u0130klim de\u011fi\u015fikli\u011fi politikalar\u0131 \u00e7er\u00e7evesinde, n\u00fckleer ve hidroelektrik dahil yenilenebilir kaynaklarla do\u011falgaz\u0131n birbirini tamamlay\u0131c\u0131 olarak kullan\u0131lmas\u0131 d\u00fcnyada halihaz\u0131rda genel bir trend. B\u00f6lgesel geli\u015fmelere bak\u0131ld\u0131\u011f\u0131nda, transit riskini ortadan kald\u0131rarak T\u00fcrkiye\u2019ye do\u011frudan do\u011falgaz ta\u015f\u0131yacak olan T\u00fcrkAk\u0131m projesinin ilk aya\u011f\u0131, enerji g\u00fcvenli\u011fi i\u00e7in kilit bir rol oynayacak. T\u00fcrk toplumunun da bu verileri takdir etti\u011fini g\u00f6stermesi a\u00e7\u0131s\u0131ndan bu ara\u015ft\u0131rma sonu\u00e7lar\u0131 \u00f6nemli,\u201d diye konu\u015ftu.<\/p>\n<p>Ara\u015ft\u0131rma kat\u0131l\u0131mc\u0131lar\u0131n \u00e7evresel ve sosyal konulardaki hassasiyetini de ortaya koyuyor. Trakya b\u00f6lgesindeki halk\u0131n yakla\u015f\u0131k \u00fc\u00e7te biri T\u00fcrkAk\u0131m projesini hayata ge\u00e7iren \u015firketin \u00e7evresel ve toplumsal etkileri dikkate ald\u0131\u011f\u0131na inan\u0131rken, T\u00fcrkiye genelinde halk\u0131n yar\u0131dan fazlas\u0131 bu g\u00f6r\u00fc\u015f\u00fc payla\u015f\u0131yor.<\/p>\n<p>Kamuoyu ara\u015ft\u0131rmas\u0131, ulusal \u00f6rneklemi (genel kamuoyu) ve Tekirda\u011f, Edirne ve K\u0131rklareli illerini (b\u00f6lgesel kamuoyu) temsilenrastsal \u00f6rneklem y\u00f6ntemi kullan\u0131larak toplam 2407 ki\u015fiyle telefonla g\u00f6r\u00fc\u015fme y\u00f6ntemiyle ger\u00e7ekle\u015ftirildi. StratejiCo. dan\u0131\u015fmanl\u0131k taraf\u0131ndan ERA Research &amp; Consultancy firmas\u0131na yapt\u0131r\u0131lan ara\u015ft\u0131rma 7 Mart \u2013 3 Nisan 2017 tarihleri aras\u0131nda yap\u0131ld\u0131. 2015 y\u0131l\u0131nda ise 11 Ekim-23 Kas\u0131m 2015 tarihleri aras\u0131nda yine ayn\u0131 ana k\u00fctleyle rastsal \u00f6rneklem y\u00f6ntemi kullan\u0131larak toplam 2416 ki\u015fiyle telefonla g\u00f6r\u00fc\u015fme y\u00f6ntemiyle saha \u00e7al\u0131\u015fmas\u0131 ger\u00e7ekle\u015ftirilmi\u015ftir.<\/p>","protected":false},"excerpt":{"rendered":"<p>Sorry, this entry is only available in Turkish. For the sake of viewer convenience, the content is shown below in the alternative language. You may click the link to switch the active language.T\u00fcrkAk\u0131m projesini 2015 y\u0131l\u0131nda toplumun y\u00fczde 56\u2019s\u0131 desteklerken, bug\u00fcn bu oran y\u00fczde 75\u2019e \u00e7\u0131km\u0131\u015f durumda. Kamuoyu deste\u011finin alt\u0131nda, projenin enerji ihtiyac\u0131n\u0131 kar\u015f\u0131lamas\u0131, kalk\u0131nmaya [&hellip;]<\/p>\n","protected":false},"author":1,"featured_media":47516,"comment_status":"open","ping_status":"open","sticky":false,"template":"","format":"standard","meta":[],"categories":[46,53],"tags":[92,226,19761,2092,2677,63,67,1009,2698,165,4646,34247],"views":713,"_links":{"self":[{"href":"https:\/\/www.enerjigazetesi.ist\/en\/wp-json\/wp\/v2\/posts\/64808"}],"collection":[{"href":"https:\/\/www.enerjigazetesi.ist\/en\/wp-json\/wp\/v2\/posts"}],"about":[{"href":"https:\/\/www.enerjigazetesi.ist\/en\/wp-json\/wp\/v2\/types\/post"}],"author":[{"embeddable":true,"href":"https:\/\/www.enerjigazetesi.ist\/en\/wp-json\/wp\/v2\/users\/1"}],"replies":[{"embeddable":true,"href":"https:\/\/www.enerjigazetesi.ist\/en\/wp-json\/wp\/v2\/comments?post=64808"}],"version-history":[{"count":1,"href":"https:\/\/www.enerjigazetesi.ist\/en\/wp-json\/wp\/v2\/posts\/64808\/revisions"}],"predecessor-version":[{"id":64809,"href":"https:\/\/www.enerjigazetesi.ist\/en\/wp-json\/wp\/v2\/posts\/64808\/revisions\/64809"}],"wp:featuredmedia":[{"embeddable":true,"href":"https:\/\/www.enerjigazetesi.ist\/en\/wp-json\/wp\/v2\/media\/47516"}],"wp:attachment":[{"href":"https:\/\/www.enerjigazetesi.ist\/en\/wp-json\/wp\/v2\/media?parent=64808"}],"wp:term":[{"taxonomy":"category","embeddable":true,"href":"https:\/\/www.enerjigazetesi.ist\/en\/wp-json\/wp\/v2\/categories?post=64808"},{"taxonomy":"post_tag","embeddable":true,"href":"https:\/\/www.enerjigazetesi.ist\/en\/wp-json\/wp\/v2\/tags?post=64808"}],"curies":[{"name":"wp","href":"https:\/\/api.w.org\/{rel}","templated":true}]}}