{"id":648,"date":"2012-08-24T08:55:33","date_gmt":"2012-08-24T05:55:33","guid":{"rendered":"https:\/\/www.enerjigazetesi.ist\/?p=648"},"modified":"2012-08-24T09:01:19","modified_gmt":"2012-08-24T06:01:19","slug":"avrupa-birliginden-enerji-verimliligi-yonetmeligi","status":"publish","type":"post","link":"https:\/\/www.enerjigazetesi.ist\/en\/avrupa-birliginden-enerji-verimliligi-yonetmeligi\/","title":{"rendered":"(Turkish) Avrupa Birli\u011fi&#8217;nden, Enerji Verimlili\u011fi Y\u00f6netmeli\u011fi"},"content":{"rendered":"<p class=\"qtranxs-available-languages-message qtranxs-available-languages-message-en\">Sorry, this entry is only available in <a href=\"https:\/\/www.enerjigazetesi.ist\/tr\/wp-json\/wp\/v2\/posts\/648\" class=\"qtranxs-available-language-link qtranxs-available-language-link-tr\" title=\"Turkish\">Turkish<\/a>. For the sake of viewer convenience, the content is shown below in the alternative language. You may click the link to switch the active language.<\/p><p><\/p>\n<h2>Avrupa Birli\u011fi Komisyonu, Avrupa&#8217;n\u0131n enerji ba\u011f\u0131ml\u0131l\u0131\u011f\u0131n\u0131 azaltmak \u00fczere enerji verimlili\u011fi y\u00f6netmeli\u011fi i\u00e7in harekete ge\u00e7ti.<\/h2>\n<p><img loading=\"lazy\" class=\"alignright size-full wp-image-649\" title=\"ab-enerjide-verimi-artiracak\" src=\"https:\/\/www.enerjigazetesi.ist\/wp-content\/uploads\/2012\/06\/ab-enerjide-verimi-artiracak.jpg\" alt=\"\" width=\"300\" height=\"300\" srcset=\"https:\/\/www.enerjigazetesi.ist\/wp-content\/uploads\/2012\/06\/ab-enerjide-verimi-artiracak.jpg 300w, https:\/\/www.enerjigazetesi.ist\/wp-content\/uploads\/2012\/06\/ab-enerjide-verimi-artiracak-150x150.jpg 150w, https:\/\/www.enerjigazetesi.ist\/wp-content\/uploads\/2012\/06\/ab-enerjide-verimi-artiracak-50x50.jpg 50w\" sizes=\"(max-width: 300px) 100vw, 300px\" \/>Avrupa Birli\u011fi Komisyonu, Avrupa&#8217;n\u0131n enerji ba\u011f\u0131ml\u0131l\u0131\u011f\u0131n\u0131 azaltmak \u00fczere enerji verimlili\u011fi y\u00f6netmeli\u011fi i\u00e7in harekete ge\u00e7ti.<\/p>\n<p>Deutsche Welle, AB iklim koruma plan\u0131 kapsam\u0131nda 2020 y\u0131l\u0131na kadar toplam enerji sa\u011flanmas\u0131nda yenilenebilir enerji pay\u0131n\u0131n y\u00fczde 20&#8217;ye ula\u015fmas\u0131n\u0131, karbondioksit sal\u0131n\u0131m\u0131n\u0131n 1990 d\u00fczeyine g\u00f6re y\u00fczde 20 oran\u0131nda d\u00fc\u015f\u00fcr\u00fclmesini ve y\u00fczde 20 oran\u0131nda enerji tasarrufu sa\u011flanmas\u0131n\u0131n hedeflendi\u011fini bildirdi. AB Komisyonu&#8217;nun enerjiden sorumlu \u00fcyesi G\u00fcnther Oettinger, ilk iki hedefin tutturulabilece\u011fini, ancak son hedefin ger\u00e7ekle\u015fmesinin zor oldu\u011funu s\u00f6yledi. Oettinger, enerji verimlili\u011finin, y\u0131llardan bu yana enerji g\u00fcndeminin en \u00f6nemli ve en zay\u0131f noktas\u0131n\u0131 olu\u015fturdu\u011funu s\u00f6yledi. Oettinger, Avrupa&#8217;n\u0131n, enerji ihtiyac\u0131n\u0131n y\u00fczde 55&#8217;ini yabanc\u0131 yard\u0131mla kar\u015f\u0131layabildi\u011fini ve bu ba\u011f\u0131ml\u0131l\u0131\u011f\u0131n artmaya devam etti\u011fini vurgulad\u0131.<\/p>\n<p><strong>Y\u00d6NETMEL\u0130K HAZIRLANIYOR<\/strong><\/p>\n<p>AB, bug\u00fcnk\u00fc uygulaman\u0131n devam etmesi halinde enerji tasarrufunun y\u00fczde 20 yerine ancak y\u00fczde 10 d\u00fczeyinde kalabilece\u011fini, m\u00fczakereleri s\u00fcren AB enerji verimlili\u011fi y\u00f6netmeli\u011fi ile \u00fcye devletlerin enerji tasarrufuna zorlanabilece\u011fini bildirdi. Buna g\u00f6re elektrik \u00fcreticilerinin satt\u0131klar\u0131 elektrik miktar\u0131n\u0131 y\u00fczde 1,5 oran\u0131nda azaltmalar\u0131 \u00f6ng\u00f6r\u00fcl\u00fcyor.<\/p>\n<p>Komisyon ayr\u0131ca b\u00fct\u00fcn kamu binalar\u0131n\u0131n enerji tasarrufu sa\u011flayacak hale getirilmesini isterken, Almanya&#8217;n\u0131n bask\u0131s\u0131 ile sadece merkezi y\u00f6netime ba\u011fl\u0131 binalarda bu \u00e7al\u0131\u015fman\u0131n yap\u0131lmas\u0131 benimsendi.<\/p>\n<p>Avrupa Parlamentosu&#8217;nun L\u00fcksemburglu \u00fcyesi Turmes, Avrupa&#8217;daki Euro krizine g\u00f6nderme yaparken, enerji verimlili\u011fi, tasarruf sa\u011flayan teknolojiler ve yenilenebilir enerjilerin uzun vadede zor durumdaki haneleri de rahatlataca\u011f\u0131n\u0131 s\u00f6yledi. Turmes, AB te\u015fviklerinin stadyum in\u015fas\u0131na de\u011fil bina yal\u0131t\u0131m\u0131na harcanabilece\u011fini vurgulad\u0131.<\/p>\n<p>Kaynak: <a href=\"http:\/\/www.haberler.com\/avrupa-birligi-nden-enerji-verimliligi-yonetmeligi-3724391-haberi\/\" target=\"_blank\">Haberler<\/a><\/p>","protected":false},"excerpt":{"rendered":"<p>Sorry, this entry is only available in Turkish. For the sake of viewer convenience, the content is shown below in the alternative language. You may click the link to switch the active language. Avrupa Birli\u011fi Komisyonu, Avrupa&#8217;n\u0131n enerji ba\u011f\u0131ml\u0131l\u0131\u011f\u0131n\u0131 azaltmak \u00fczere enerji verimlili\u011fi y\u00f6netmeli\u011fi i\u00e7in harekete ge\u00e7ti. Avrupa Birli\u011fi Komisyonu, Avrupa&#8217;n\u0131n enerji ba\u011f\u0131ml\u0131l\u0131\u011f\u0131n\u0131 azaltmak \u00fczere [&hellip;]<\/p>\n","protected":false},"author":1,"featured_media":649,"comment_status":"open","ping_status":"open","sticky":false,"template":"","format":"standard","meta":[],"categories":[53,52],"tags":[67,12,96],"views":914,"_links":{"self":[{"href":"https:\/\/www.enerjigazetesi.ist\/en\/wp-json\/wp\/v2\/posts\/648"}],"collection":[{"href":"https:\/\/www.enerjigazetesi.ist\/en\/wp-json\/wp\/v2\/posts"}],"about":[{"href":"https:\/\/www.enerjigazetesi.ist\/en\/wp-json\/wp\/v2\/types\/post"}],"author":[{"embeddable":true,"href":"https:\/\/www.enerjigazetesi.ist\/en\/wp-json\/wp\/v2\/users\/1"}],"replies":[{"embeddable":true,"href":"https:\/\/www.enerjigazetesi.ist\/en\/wp-json\/wp\/v2\/comments?post=648"}],"version-history":[{"count":11,"href":"https:\/\/www.enerjigazetesi.ist\/en\/wp-json\/wp\/v2\/posts\/648\/revisions"}],"predecessor-version":[{"id":1662,"href":"https:\/\/www.enerjigazetesi.ist\/en\/wp-json\/wp\/v2\/posts\/648\/revisions\/1662"}],"wp:featuredmedia":[{"embeddable":true,"href":"https:\/\/www.enerjigazetesi.ist\/en\/wp-json\/wp\/v2\/media\/649"}],"wp:attachment":[{"href":"https:\/\/www.enerjigazetesi.ist\/en\/wp-json\/wp\/v2\/media?parent=648"}],"wp:term":[{"taxonomy":"category","embeddable":true,"href":"https:\/\/www.enerjigazetesi.ist\/en\/wp-json\/wp\/v2\/categories?post=648"},{"taxonomy":"post_tag","embeddable":true,"href":"https:\/\/www.enerjigazetesi.ist\/en\/wp-json\/wp\/v2\/tags?post=648"}],"curies":[{"name":"wp","href":"https:\/\/api.w.org\/{rel}","templated":true}]}}