{"id":64772,"date":"2017-06-09T12:09:55","date_gmt":"2017-06-09T09:09:55","guid":{"rendered":"https:\/\/www.enerjigazetesi.ist\/?p=64772"},"modified":"2017-06-09T12:11:51","modified_gmt":"2017-06-09T09:11:51","slug":"yekdem-yonetmelik-degisikligi-resmi-gazetede-yayimlandi","status":"publish","type":"post","link":"https:\/\/www.enerjigazetesi.ist\/en\/yekdem-yonetmelik-degisikligi-resmi-gazetede-yayimlandi\/","title":{"rendered":"(Turkish) YEKDEM Y\u00f6netmelik De\u011fi\u015fikli\u011fi Resmi Gazete&#8217;de Yay\u0131mland\u0131"},"content":{"rendered":"<p class=\"qtranxs-available-languages-message qtranxs-available-languages-message-en\">Sorry, this entry is only available in <a href=\"https:\/\/www.enerjigazetesi.ist\/tr\/wp-json\/wp\/v2\/posts\/64772\" class=\"qtranxs-available-language-link qtranxs-available-language-link-tr\" title=\"Turkish\">Turkish<\/a>. For the sake of viewer convenience, the content is shown below in the alternative language. You may click the link to switch the active language.<\/p><p><strong>Enerji ve Tabii Kaynaklar Bakanl\u0131\u011f\u0131&#8217;n\u0131n <img loading=\"lazy\" class=\"alignright wp-image-4930 \" src=\"https:\/\/www.enerjigazetesi.ist\/wp-content\/uploads\/2013\/01\/gelecek-yenilenebilir-enerji-kaynaklari.png\" alt=\"lisanssiz-elektrik-uretenler-de-yekdemden-yararlanacak\" width=\"300\" height=\"191\" \/>bug\u00fcn Resmi Gazete\u2019de yay\u0131mlad\u0131\u011f\u0131 y\u00f6netmelikle YEKDEM\u2019den yararlanan elektrik \u00fcretim santrallerine y\u00f6nelik yerli aksam deste\u011fine ili\u015fkin baz\u0131 de\u011fi\u015fiklikler\u00a0ger\u00e7ekle\u015ftirildi.<\/strong><\/p>\n<p>D\u00fczenlemeye a\u015fa\u011f\u0131da yer alan ba\u011flant\u0131dan ula\u015fabilirsiniz.<\/p>\n<p><a href=\"http:\/\/www.resmigazete.gov.tr\/eskiler\/2017\/06\/20170609-4.htm\">Yenilenebilir Enerji Kaynaklar\u0131ndan Elektrik Enerjisi \u00dcreten Tesislerde Kullan\u0131lan Yerli Aksam\u0131n Desteklenmesi Hakk\u0131nda Y\u00f6netmelikte De\u011fi\u015fiklik Yap\u0131lmas\u0131na \u0130li\u015fkin Y\u00f6netmelik<\/a><\/p>","protected":false},"excerpt":{"rendered":"<p>Sorry, this entry is only available in Turkish. For the sake of viewer convenience, the content is shown below in the alternative language. You may click the link to switch the active language.Enerji ve Tabii Kaynaklar Bakanl\u0131\u011f\u0131&#8217;n\u0131n bug\u00fcn Resmi Gazete\u2019de yay\u0131mlad\u0131\u011f\u0131 y\u00f6netmelikle YEKDEM\u2019den yararlanan elektrik \u00fcretim santrallerine y\u00f6nelik yerli aksam deste\u011fine ili\u015fkin baz\u0131 de\u011fi\u015fiklikler\u00a0ger\u00e7ekle\u015ftirildi. D\u00fczenlemeye [&hellip;]<\/p>\n","protected":false},"author":1,"featured_media":4930,"comment_status":"open","ping_status":"open","sticky":false,"template":"","format":"standard","meta":[],"categories":[53,49,50],"tags":[63,67,1009,2698,165,227,13,69,16,8275,105],"views":999,"_links":{"self":[{"href":"https:\/\/www.enerjigazetesi.ist\/en\/wp-json\/wp\/v2\/posts\/64772"}],"collection":[{"href":"https:\/\/www.enerjigazetesi.ist\/en\/wp-json\/wp\/v2\/posts"}],"about":[{"href":"https:\/\/www.enerjigazetesi.ist\/en\/wp-json\/wp\/v2\/types\/post"}],"author":[{"embeddable":true,"href":"https:\/\/www.enerjigazetesi.ist\/en\/wp-json\/wp\/v2\/users\/1"}],"replies":[{"embeddable":true,"href":"https:\/\/www.enerjigazetesi.ist\/en\/wp-json\/wp\/v2\/comments?post=64772"}],"version-history":[{"count":4,"href":"https:\/\/www.enerjigazetesi.ist\/en\/wp-json\/wp\/v2\/posts\/64772\/revisions"}],"predecessor-version":[{"id":64776,"href":"https:\/\/www.enerjigazetesi.ist\/en\/wp-json\/wp\/v2\/posts\/64772\/revisions\/64776"}],"wp:featuredmedia":[{"embeddable":true,"href":"https:\/\/www.enerjigazetesi.ist\/en\/wp-json\/wp\/v2\/media\/4930"}],"wp:attachment":[{"href":"https:\/\/www.enerjigazetesi.ist\/en\/wp-json\/wp\/v2\/media?parent=64772"}],"wp:term":[{"taxonomy":"category","embeddable":true,"href":"https:\/\/www.enerjigazetesi.ist\/en\/wp-json\/wp\/v2\/categories?post=64772"},{"taxonomy":"post_tag","embeddable":true,"href":"https:\/\/www.enerjigazetesi.ist\/en\/wp-json\/wp\/v2\/tags?post=64772"}],"curies":[{"name":"wp","href":"https:\/\/api.w.org\/{rel}","templated":true}]}}