{"id":64738,"date":"2017-07-06T12:24:24","date_gmt":"2017-07-06T09:24:24","guid":{"rendered":"https:\/\/www.enerjigazetesi.ist\/?p=64738"},"modified":"2017-07-06T12:24:41","modified_gmt":"2017-07-06T09:24:41","slug":"surdurulebilir-is-odullerine-son-basvuru-tarihi-15-agustos","status":"publish","type":"post","link":"https:\/\/www.enerjigazetesi.ist\/en\/surdurulebilir-is-odullerine-son-basvuru-tarihi-15-agustos\/","title":{"rendered":"(Turkish) \u2018S\u00fcrd\u00fcr\u00fclebilir \u0130\u015f \u00d6d\u00fclleri&#8217;ne&#8217;  Son Ba\u015fvuru Tarihi 15 A\u011fustos!"},"content":{"rendered":"<p class=\"qtranxs-available-languages-message qtranxs-available-languages-message-en\">Sorry, this entry is only available in <a href=\"https:\/\/www.enerjigazetesi.ist\/tr\/wp-json\/wp\/v2\/posts\/64738\" class=\"qtranxs-available-language-link qtranxs-available-language-link-tr\" title=\"Turkish\">Turkish<\/a>. For the sake of viewer convenience, the content is shown below in the alternative language. You may click the link to switch the active language.<\/p><p><strong>Y\u0131l\u0131n ba\u015far\u0131l\u0131 s\u00fcrd\u00fcr\u00fclebilir i\u015f modellerini \u00f6d\u00fcllendiren S\u00fcrd\u00fcr\u00fclebilir \u0130\u015f \u00d6d\u00fclleri i\u00e7in ba\u015fvurular ba\u015flad\u0131. Bu y\u0131l d\u00f6rd\u00fcnc\u00fc kez d\u00fczenlenen \u00f6d\u00fcller i\u00e7in ba\u015fvurular 15 A\u011fustos\u2019a kadar s\u00fcrecek.<\/strong><\/p>\n<p><strong>Bu y\u0131l ba\u015fvurulara S\u00fcrd\u00fcr\u00fclebilirlik Raporu ve S\u00fcrd\u00fcr\u00fclebilir \u0130novasyon kategorileri de eklenirken, B\u00fcy\u00fck \u00d6l\u00e7ekli firmalar\u0131n yan\u0131 s\u0131ra KOB\u0130, Startup ve Yerel Y\u00f6netimler de alt kategori olarak de\u011ferlendirilecek. \u00d6d\u00fcl kazananlar, Ekim ay\u0131nda d\u00fczenlenecek t\u00f6rende a\u00e7\u0131klanacak.<\/strong><\/p>\n<p>T\u00fcrkiye\u2019de, i\u015f d\u00fcnyas\u0131nda s\u00fcrd\u00fcr\u00fclebilir i\u015f modellerinin yerle\u015fimi, geli\u015fimi ve ya\u015fam \u015feklinin yayg\u0131nla\u015ft\u0131r\u0131lmas\u0131 i\u00e7in global bir yakla\u015f\u0131mla \u00e7al\u0131\u015fan S\u00fcrd\u00fcr\u00fclebilirl<a href=\"https:\/\/www.enerjigazetesi.ist\/wp-content\/uploads\/2017\/06\/surdurulebilir-is-odullerine-son-basvuru-tarihi-15-agustos.jpg\"><img loading=\"lazy\" class=\"alignleft size-medium wp-image-64739\" src=\"https:\/\/www.enerjigazetesi.ist\/wp-content\/uploads\/2017\/06\/surdurulebilir-is-odullerine-son-basvuru-tarihi-15-agustos-300x173.jpg\" alt=\"surdurulebilir-is-odullerine-son-basvuru-tarihi-15-agustos\" width=\"300\" height=\"173\" srcset=\"https:\/\/www.enerjigazetesi.ist\/wp-content\/uploads\/2017\/06\/surdurulebilir-is-odullerine-son-basvuru-tarihi-15-agustos-300x173.jpg 300w, https:\/\/www.enerjigazetesi.ist\/wp-content\/uploads\/2017\/06\/surdurulebilir-is-odullerine-son-basvuru-tarihi-15-agustos-80x46.jpg 80w, https:\/\/www.enerjigazetesi.ist\/wp-content\/uploads\/2017\/06\/surdurulebilir-is-odullerine-son-basvuru-tarihi-15-agustos.jpg 325w\" sizes=\"(max-width: 300px) 100vw, 300px\" \/><\/a>ik Akademisi, alan\u0131nda \u00f6rnek olan kurumlar\u0131 bu y\u0131l da \u2018S\u00fcrd\u00fcr\u00fclebilir \u0130\u015f \u00d6d\u00fcl\u00fc\u2019 ile onurland\u0131r\u0131yor.<\/p>\n<p>S\u00fcrd\u00fcr\u00fclebilir \u0130\u015f \u00d6d\u00fclleri ile s\u00fcrd\u00fcr\u00fclebilir i\u015f modellerine ge\u00e7i\u015fi h\u0131zland\u0131rmak ve \u00f6nemli etkiler yaratm\u0131\u015f kurumlar\u0131n sosyal, ekonomik ve \u00e7evresel konulardaki projelerini \u00f6ne \u00e7\u0131kararak, ba\u015far\u0131l\u0131 projeleri geni\u015f kitleler ile payla\u015fmak ve bu projelerin rol model olmas\u0131n\u0131 sa\u011flayarak de\u011fi\u015fimi te\u015fvik etmek ama\u00e7lan\u0131yor.<\/p>\n<p>Bu y\u0131l d\u00f6rd\u00fcnc\u00fc kez d\u00fczenlenen S\u00fcrd\u00fcr\u00fclebilir \u0130\u015f \u00d6d\u00fclleri i\u00e7in 2 May\u0131s\u2019ta ba\u015flayan ba\u015fvuru s\u00fcreci, 15 A\u011fustos\u2019a kadar devam edecek. S\u00fcrd\u00fcr\u00fclebilir \u0130\u015f \u00d6d\u00fclleri\u2019nde de\u011ferlendirme yapacak j\u00fcri \u00fcyeleri, T\u00fcrkiye\u2019nin alan\u0131nda lider isimlerinden olu\u015fuyor.<\/p>\n<p><strong>S\u00fcrd\u00fcr\u00fclebilirlik Raporu ve S\u00fcrd\u00fcr\u00fclebilir \u0130novasyon kategorileri eklendi<\/strong><\/p>\n<p>\u0130\u015f d\u00fcnyas\u0131n\u0131n farkl\u0131 alanlar\u0131ndaki yeni i\u015f modellerinin \u00f6d\u00fcllendirildi\u011fi S\u00fcrd\u00fcr\u00fclebilir \u0130\u015f \u00d6d\u00fclleri; <strong>Karbon ve Enerji Y\u00f6netimi, Su Y\u00f6netimi, Sosyal Etki, S\u00fcrd\u00fcr\u00fclebilirlik \u0130leti\u015fimi, \u0130\u015f birli\u011fi, Tedarik Zinciri Y\u00f6netimi, At\u0131k Y\u00f6netimi, \u00c7e\u015fitlilik ve Dahil Etme<\/strong>, <strong>Start-Up<\/strong> ve bu y\u0131l ilk kez eklenen <strong>S\u00fcrd\u00fcr\u00fclebilirlik Raporu<\/strong> ve <strong>S\u00fcrd\u00fcr\u00fclebilir \u0130novasyon<\/strong> kategorilerinde verilecek.<\/p>\n<p><strong>Yerel y\u00f6netimler ayr\u0131 kategoride de\u011ferlendirilecek<\/strong><\/p>\n<p>S\u00fcrd\u00fcr\u00fclebilir \u0130\u015f \u00d6d\u00fclleri\u2019ne merkezi ve\/veya i\u015fletme yeri T\u00fcrkiye s\u0131n\u0131rlar\u0131 i\u00e7erisinde bulunan t\u00fczel ki\u015fili\u011fe sahip KOB\u0130\u2019ler, b\u00fcy\u00fck \u00f6l\u00e7ekli i\u015fletmeler, start-uplar ve yerel y\u00f6netimler ba\u015fvurabiliyor. S\u00fcrd\u00fcr\u00fclebilir \u0130\u015f \u00d6d\u00fclleri ba\u015fvurular\u0131 <a href=\"http:\/\/surdurulebilirisodulleri.com\/2017\/\"><span style=\"color: #0976b4;\">http:\/\/surdurulebilirisodulleri.com\/2017\/<\/span><\/a> sitesi arac\u0131l\u0131\u011f\u0131yla yap\u0131labiliyor.<\/p>\n<p>S\u00fcrd\u00fcr\u00fclebilir \u0130\u015f \u00d6d\u00fcllerini kazananlar, Ekim ay\u0131nda d\u00fczenlenecek t\u00f6rende a\u00e7\u0131klanacak.<\/p>","protected":false},"excerpt":{"rendered":"<p>Sorry, this entry is only available in Turkish. For the sake of viewer convenience, the content is shown below in the alternative language. You may click the link to switch the active language.Y\u0131l\u0131n ba\u015far\u0131l\u0131 s\u00fcrd\u00fcr\u00fclebilir i\u015f modellerini \u00f6d\u00fcllendiren S\u00fcrd\u00fcr\u00fclebilir \u0130\u015f \u00d6d\u00fclleri i\u00e7in ba\u015fvurular ba\u015flad\u0131. Bu y\u0131l d\u00f6rd\u00fcnc\u00fc kez d\u00fczenlenen \u00f6d\u00fcller i\u00e7in ba\u015fvurular 15 A\u011fustos\u2019a kadar [&hellip;]<\/p>\n","protected":false},"author":1,"featured_media":64739,"comment_status":"open","ping_status":"open","sticky":false,"template":"","format":"standard","meta":[],"categories":[53,52],"tags":[63,67,1009,2698,165,17363],"views":1194,"_links":{"self":[{"href":"https:\/\/www.enerjigazetesi.ist\/en\/wp-json\/wp\/v2\/posts\/64738"}],"collection":[{"href":"https:\/\/www.enerjigazetesi.ist\/en\/wp-json\/wp\/v2\/posts"}],"about":[{"href":"https:\/\/www.enerjigazetesi.ist\/en\/wp-json\/wp\/v2\/types\/post"}],"author":[{"embeddable":true,"href":"https:\/\/www.enerjigazetesi.ist\/en\/wp-json\/wp\/v2\/users\/1"}],"replies":[{"embeddable":true,"href":"https:\/\/www.enerjigazetesi.ist\/en\/wp-json\/wp\/v2\/comments?post=64738"}],"version-history":[{"count":2,"href":"https:\/\/www.enerjigazetesi.ist\/en\/wp-json\/wp\/v2\/posts\/64738\/revisions"}],"predecessor-version":[{"id":64859,"href":"https:\/\/www.enerjigazetesi.ist\/en\/wp-json\/wp\/v2\/posts\/64738\/revisions\/64859"}],"wp:featuredmedia":[{"embeddable":true,"href":"https:\/\/www.enerjigazetesi.ist\/en\/wp-json\/wp\/v2\/media\/64739"}],"wp:attachment":[{"href":"https:\/\/www.enerjigazetesi.ist\/en\/wp-json\/wp\/v2\/media?parent=64738"}],"wp:term":[{"taxonomy":"category","embeddable":true,"href":"https:\/\/www.enerjigazetesi.ist\/en\/wp-json\/wp\/v2\/categories?post=64738"},{"taxonomy":"post_tag","embeddable":true,"href":"https:\/\/www.enerjigazetesi.ist\/en\/wp-json\/wp\/v2\/tags?post=64738"}],"curies":[{"name":"wp","href":"https:\/\/api.w.org\/{rel}","templated":true}]}}