{"id":64715,"date":"2017-06-07T08:35:41","date_gmt":"2017-06-07T05:35:41","guid":{"rendered":"https:\/\/www.enerjigazetesi.ist\/?p=64715"},"modified":"2017-06-07T08:35:41","modified_gmt":"2017-06-07T05:35:41","slug":"brent-petrolde-varil-fiyati-yuzde-1-1-artis-ile-50-48-dolara-cikti","status":"publish","type":"post","link":"https:\/\/www.enerjigazetesi.ist\/en\/brent-petrolde-varil-fiyati-yuzde-1-1-artis-ile-50-48-dolara-cikti\/","title":{"rendered":"(Turkish) Brent Petrolde Varil Fiyat\u0131 Y\u00fczde 1.1 Art\u0131\u015f \u0130le 50.48 Dolara \u00c7\u0131kt\u0131"},"content":{"rendered":"<p class=\"qtranxs-available-languages-message qtranxs-available-languages-message-en\">Sorry, this entry is only available in <a href=\"https:\/\/www.enerjigazetesi.ist\/tr\/wp-json\/wp\/v2\/posts\/64715\" class=\"qtranxs-available-language-link qtranxs-available-language-link-tr\" title=\"Turkish\">Turkish<\/a>. For the sake of viewer convenience, the content is shown below in the alternative language. You may click the link to switch the active language.<\/p><p><strong><span style=\"color: #0a0a0a;\">Arap d\u00fcnyas\u0131nda ya\u015fanmakta olan dipl<img loading=\"lazy\" class=\"alignright wp-image-8178\" src=\"https:\/\/www.enerjigazetesi.ist\/wp-content\/uploads\/2013\/03\/Brent_petrol-505x313-300x185.jpg\" alt=\"Brent_petrol-505x313\" width=\"300\" height=\"207\" \/>omatik kriz piyasalar\u0131 da etkiledi.<\/span><\/strong><\/p>\n<p>Suudi Arabistan, Birle\u015fik Arap Emirlikleri (BAE), M\u0131s\u0131r, Yemen ve Bahreyn\u2019in Katar ile diplomatik ili\u015fkileri kesme karar\u0131n\u0131n ard\u0131ndan petrol fiyatlar\u0131 y\u00fckseli\u015fe ge\u00e7ti. Brent petrol\u00fcn varil fiyat\u0131 y\u00fczde 1.1 art\u0131\u015f ile 50.48 dolara \u00e7\u0131kt\u0131.<\/p>\n<p>D\u00fcnyan\u0131n en b\u00fcy\u00fck s\u0131v\u0131la\u015ft\u0131r\u0131lm\u0131\u015f do\u011falgaz (LNG) ihracat\u00e7\u0131s\u0131 olan Katar\u2019la ya\u015fanan diplomatik krizin, d\u00fcnyada LNG ithalat\u0131nda da sars\u0131nt\u0131 olu\u015fturmas\u0131\u00a0beklenmektedir.\u00a0Uzmanlara g\u00f6re ise Katar\u2019\u0131n Asya \u00fclkelerine enerji ihracat\u0131 gerilimden fazla etkilenmeyecektir.<\/p>","protected":false},"excerpt":{"rendered":"<p>Sorry, this entry is only available in Turkish. For the sake of viewer convenience, the content is shown below in the alternative language. You may click the link to switch the active language.Arap d\u00fcnyas\u0131nda ya\u015fanmakta olan diplomatik kriz piyasalar\u0131 da etkiledi. Suudi Arabistan, Birle\u015fik Arap Emirlikleri (BAE), M\u0131s\u0131r, Yemen ve Bahreyn\u2019in Katar ile diplomatik ili\u015fkileri [&hellip;]<\/p>\n","protected":false},"author":1,"featured_media":8178,"comment_status":"open","ping_status":"open","sticky":false,"template":"","format":"standard","meta":[],"categories":[53,44],"tags":[4846,63,67,1009,2698,165,2016,2012,9068,59,79,347,2388,887,2522],"views":790,"_links":{"self":[{"href":"https:\/\/www.enerjigazetesi.ist\/en\/wp-json\/wp\/v2\/posts\/64715"}],"collection":[{"href":"https:\/\/www.enerjigazetesi.ist\/en\/wp-json\/wp\/v2\/posts"}],"about":[{"href":"https:\/\/www.enerjigazetesi.ist\/en\/wp-json\/wp\/v2\/types\/post"}],"author":[{"embeddable":true,"href":"https:\/\/www.enerjigazetesi.ist\/en\/wp-json\/wp\/v2\/users\/1"}],"replies":[{"embeddable":true,"href":"https:\/\/www.enerjigazetesi.ist\/en\/wp-json\/wp\/v2\/comments?post=64715"}],"version-history":[{"count":1,"href":"https:\/\/www.enerjigazetesi.ist\/en\/wp-json\/wp\/v2\/posts\/64715\/revisions"}],"predecessor-version":[{"id":64716,"href":"https:\/\/www.enerjigazetesi.ist\/en\/wp-json\/wp\/v2\/posts\/64715\/revisions\/64716"}],"wp:featuredmedia":[{"embeddable":true,"href":"https:\/\/www.enerjigazetesi.ist\/en\/wp-json\/wp\/v2\/media\/8178"}],"wp:attachment":[{"href":"https:\/\/www.enerjigazetesi.ist\/en\/wp-json\/wp\/v2\/media?parent=64715"}],"wp:term":[{"taxonomy":"category","embeddable":true,"href":"https:\/\/www.enerjigazetesi.ist\/en\/wp-json\/wp\/v2\/categories?post=64715"},{"taxonomy":"post_tag","embeddable":true,"href":"https:\/\/www.enerjigazetesi.ist\/en\/wp-json\/wp\/v2\/tags?post=64715"}],"curies":[{"name":"wp","href":"https:\/\/api.w.org\/{rel}","templated":true}]}}