{"id":64703,"date":"2017-06-06T13:17:17","date_gmt":"2017-06-06T10:17:17","guid":{"rendered":"https:\/\/www.enerjigazetesi.ist\/?p=64703"},"modified":"2017-06-06T13:17:55","modified_gmt":"2017-06-06T10:17:55","slug":"enerjisali-sabanci-gonullulerinin-ikinci-deneyim-paylasim-bulusmasi","status":"publish","type":"post","link":"https:\/\/www.enerjigazetesi.ist\/en\/enerjisali-sabanci-gonullulerinin-ikinci-deneyim-paylasim-bulusmasi\/","title":{"rendered":"(Turkish) Enerjisa\u2019l\u0131 Sabanc\u0131 G\u00f6n\u00fcll\u00fclerinin Deneyim Payla\u015f\u0131m Bulu\u015fmas\u0131"},"content":{"rendered":"<p class=\"qtranxs-available-languages-message qtranxs-available-languages-message-en\">Sorry, this entry is only available in <a href=\"https:\/\/www.enerjigazetesi.ist\/tr\/wp-json\/wp\/v2\/posts\/64703\" class=\"qtranxs-available-language-link qtranxs-available-language-link-tr\" title=\"Turkish\">Turkish<\/a>. For the sake of viewer convenience, the content is shown below in the alternative language. You may click the link to switch the active language.<\/p><p><strong>Sabanc\u0131 G\u00f6n\u00fcll\u00fcleri Program\u0131 kapsam\u0131nda kad\u0131nlar\u0131n hayat\u0131na dokunmay\u0131 s\u00fcrd\u00fcren Enerjisa\u2019l\u0131 Sabanc\u0131 G\u00f6n\u00fcll\u00fcleri, G\u00f6rmedi\u011fin Olamazs\u0131n Projesi kapsam\u0131nda 2016 y\u0131l\u0131 Kas\u0131m ay\u0131nda ilkini d\u00fczenledi\u011fi ilham verici kad\u0131n bulu\u015fmalar\u0131n\u0131n ikincisini 29 May\u0131s\u2019ta Ba\u015fkent Kule\u2019de 100 ki\u015finin kat\u0131l\u0131m\u0131 ile ger\u00e7ekle\u015ftirdi.<\/strong><\/p>\n<p>Diyet Uzman\u0131 \u00d6zge Naile Kazan Demirta\u015f ve ekibinin, Gen\u00e7 Osman Anadolu Lisesi \u00f6\u011frencileri ile sa\u011fl\u0131kl\u0131 b<a href=\"https:\/\/www.enerjigazetesi.ist\/wp-content\/uploads\/2017\/06\/enerjisali-sabanci-gonullulerinin-ikinci-deneyim-paylasim-bulusmasi.jpg\"><img loading=\"lazy\" class=\"alignright size-medium wp-image-64704\" src=\"https:\/\/www.enerjigazetesi.ist\/wp-content\/uploads\/2017\/06\/enerjisali-sabanci-gonullulerinin-ikinci-deneyim-paylasim-bulusmasi-300x225.jpg\" alt=\"enerjisali-sabanci-gonullulerinin-ikinci-deneyim-paylasim-bulusmasi\" width=\"300\" height=\"225\" srcset=\"https:\/\/www.enerjigazetesi.ist\/wp-content\/uploads\/2017\/06\/enerjisali-sabanci-gonullulerinin-ikinci-deneyim-paylasim-bulusmasi-300x225.jpg 300w, https:\/\/www.enerjigazetesi.ist\/wp-content\/uploads\/2017\/06\/enerjisali-sabanci-gonullulerinin-ikinci-deneyim-paylasim-bulusmasi-500x375.jpg 500w, https:\/\/www.enerjigazetesi.ist\/wp-content\/uploads\/2017\/06\/enerjisali-sabanci-gonullulerinin-ikinci-deneyim-paylasim-bulusmasi-66x50.jpg 66w, https:\/\/www.enerjigazetesi.ist\/wp-content\/uploads\/2017\/06\/enerjisali-sabanci-gonullulerinin-ikinci-deneyim-paylasim-bulusmasi.jpg 650w\" sizes=\"(max-width: 300px) 100vw, 300px\" \/><\/a>eslenme, diyet, beslenme bozukluklar\u0131 \u00fczerine sohbet ettikleri etkinlikte kad\u0131nlar gelecek ile ilgili hedeflerinden bahsettiler\u00a0ve beslenmeye dair do\u011fru bilinen yanl\u0131\u015flar hakk\u0131ndaki sorular\u0131na cevap buldular. Kendi hikayesi ile birlikte pek \u00e7ok ilham verici ba\u015far\u0131 hikayesini kat\u0131l\u0131mc\u0131lar ile payla\u015fan \u00d6zge Demirta\u015f, Ba\u015fkent EDA\u015e \u00e7al\u0131\u015fanlar\u0131n\u0131n da kat\u0131l\u0131m g\u00f6sterdi\u011fi etkinlikte beslenme bozukluklar\u0131n\u0131n kad\u0131nlarda erkeklere oranla 10 kat daha s\u0131k g\u00f6r\u00fcld\u00fc\u011f\u00fc, g\u00fcn\u00fcm\u00fczde kad\u0131nlar\u0131n d\u0131\u015f g\u00f6r\u00fcn\u00fc\u015fleri ile ilgili kayg\u0131lar\u0131n\u0131n endi\u015fe verici boyutlara ula\u015ft\u0131\u011f\u0131na dikkat \u00e7ekti.<\/p>\n<p>Enerjisa\u2019l\u0131 Sabanc\u0131 G\u00f6n\u00fcll\u00fcleri; 2015 y\u0131l\u0131ndan beri kad\u0131n, e\u011fitim, sa\u011fl\u0131k gibi konularda 11 farkl\u0131 proje ger\u00e7ekle\u015ftirdi. \u0130lham perileri, G\u00f6rmedi\u011fin Olamazs\u0131n Projesi ile kad\u0131n ki\u015fisel geli\u015fimi ve cinsiyet e\u015fitsizli\u011fi ile ilgili fark\u0131ndal\u0131k yaratmay\u0131 ama\u00e7lamaktad\u0131r. Proje ile \u00e7evredeki bir\u00e7ok kad\u0131na \u00f6rnek ve yard\u0131mc\u0131 olmak ama\u00e7lanmaktad\u0131r. \u0130lham perilerinin bir deneyim payla\u015f\u0131m platformu olu\u015fturmak i\u00e7in yola \u00e7\u0131kt\u0131\u011f\u0131 bu projede daha fazla kad\u0131na ula\u015f\u0131lmas\u0131 hedeflenmektedir.<\/p>","protected":false},"excerpt":{"rendered":"<p>Sorry, this entry is only available in Turkish. For the sake of viewer convenience, the content is shown below in the alternative language. You may click the link to switch the active language.Sabanc\u0131 G\u00f6n\u00fcll\u00fcleri Program\u0131 kapsam\u0131nda kad\u0131nlar\u0131n hayat\u0131na dokunmay\u0131 s\u00fcrd\u00fcren Enerjisa\u2019l\u0131 Sabanc\u0131 G\u00f6n\u00fcll\u00fcleri, G\u00f6rmedi\u011fin Olamazs\u0131n Projesi kapsam\u0131nda 2016 y\u0131l\u0131 Kas\u0131m ay\u0131nda ilkini d\u00fczenledi\u011fi ilham verici [&hellip;]<\/p>\n","protected":false},"author":1,"featured_media":64704,"comment_status":"open","ping_status":"open","sticky":false,"template":"","format":"standard","meta":[],"categories":[53],"tags":[63,67,1009,2698,165,422,34197],"views":999,"_links":{"self":[{"href":"https:\/\/www.enerjigazetesi.ist\/en\/wp-json\/wp\/v2\/posts\/64703"}],"collection":[{"href":"https:\/\/www.enerjigazetesi.ist\/en\/wp-json\/wp\/v2\/posts"}],"about":[{"href":"https:\/\/www.enerjigazetesi.ist\/en\/wp-json\/wp\/v2\/types\/post"}],"author":[{"embeddable":true,"href":"https:\/\/www.enerjigazetesi.ist\/en\/wp-json\/wp\/v2\/users\/1"}],"replies":[{"embeddable":true,"href":"https:\/\/www.enerjigazetesi.ist\/en\/wp-json\/wp\/v2\/comments?post=64703"}],"version-history":[{"count":2,"href":"https:\/\/www.enerjigazetesi.ist\/en\/wp-json\/wp\/v2\/posts\/64703\/revisions"}],"predecessor-version":[{"id":64706,"href":"https:\/\/www.enerjigazetesi.ist\/en\/wp-json\/wp\/v2\/posts\/64703\/revisions\/64706"}],"wp:featuredmedia":[{"embeddable":true,"href":"https:\/\/www.enerjigazetesi.ist\/en\/wp-json\/wp\/v2\/media\/64704"}],"wp:attachment":[{"href":"https:\/\/www.enerjigazetesi.ist\/en\/wp-json\/wp\/v2\/media?parent=64703"}],"wp:term":[{"taxonomy":"category","embeddable":true,"href":"https:\/\/www.enerjigazetesi.ist\/en\/wp-json\/wp\/v2\/categories?post=64703"},{"taxonomy":"post_tag","embeddable":true,"href":"https:\/\/www.enerjigazetesi.ist\/en\/wp-json\/wp\/v2\/tags?post=64703"}],"curies":[{"name":"wp","href":"https:\/\/api.w.org\/{rel}","templated":true}]}}