{"id":64682,"date":"2017-06-05T14:34:18","date_gmt":"2017-06-05T11:34:18","guid":{"rendered":"https:\/\/www.enerjigazetesi.ist\/?p=64682"},"modified":"2017-06-05T14:34:58","modified_gmt":"2017-06-05T11:34:58","slug":"5-bin-minik-cevre-dedektifi-geliyor","status":"publish","type":"post","link":"https:\/\/www.enerjigazetesi.ist\/en\/5-bin-minik-cevre-dedektifi-geliyor\/","title":{"rendered":"(Turkish) 5 Bin Minik \u00c7evre Dedektifi Geliyor!"},"content":{"rendered":"<p class=\"qtranxs-available-languages-message qtranxs-available-languages-message-en\">Sorry, this entry is only available in <a href=\"https:\/\/www.enerjigazetesi.ist\/tr\/wp-json\/wp\/v2\/posts\/64682\" class=\"qtranxs-available-language-link qtranxs-available-language-link-tr\" title=\"Turkish\">Turkish<\/a>. For the sake of viewer convenience, the content is shown below in the alternative language. You may click the link to switch the active language.<\/p><p><strong>D\u0130KKAT! \u00c7evre Dedektiflerine\u00a0Yakalanmay\u0131n&#8230;<\/strong><\/p>\n<p><strong>\u00c7evrenin \u00e7ocuklara emanet edilmesi gerekti\u011fini d\u00fc\u015f\u00fcnen Samsun Avdan, \u00c7evre Dedektifi projesine D\u00fcnya \u00c7evre G\u00fcn\u00fc\u2019nde ba\u015flad\u0131. Proje kapsam\u0131nda ilk y\u0131lda 5 bin \u00c7evre Dedektifi yeti\u015ftirilecek.<\/strong><\/p>\n<p>At\u0131klardan enerji \u00fcreterek \u00e7evreye ve ekonomiye katma de\u011fer sa\u011flayan Samsun Avdan Enerji, 5 Haziran D\u00fcnya \u00c7evre G\u00fcn\u00fc\u2019nde, \u00f6\u011frencilerin \u00e7evre bilinci kazanmas\u0131 amac\u0131yla \u201c\u00c7evre Dedektifi\u201d projesini ba\u015flatt\u0131. \u00d6\u011frencilerin \u00e7evreye kar\u015f\u0131 <a href=\"https:\/\/www.enerjigazetesi.ist\/wp-content\/uploads\/2017\/06\/5-bin-minik-cevre-dedektifi-geliyor.jpg\"><img loading=\"lazy\" class=\"alignleft size-medium wp-image-64683\" src=\"https:\/\/www.enerjigazetesi.ist\/wp-content\/uploads\/2017\/06\/5-bin-minik-cevre-dedektifi-geliyor-300x168.jpg\" alt=\"5-bin-minik-cevre-dedektifi-geliyor\" width=\"300\" height=\"168\" srcset=\"https:\/\/www.enerjigazetesi.ist\/wp-content\/uploads\/2017\/06\/5-bin-minik-cevre-dedektifi-geliyor-300x168.jpg 300w, https:\/\/www.enerjigazetesi.ist\/wp-content\/uploads\/2017\/06\/5-bin-minik-cevre-dedektifi-geliyor-500x280.jpg 500w, https:\/\/www.enerjigazetesi.ist\/wp-content\/uploads\/2017\/06\/5-bin-minik-cevre-dedektifi-geliyor-80x44.jpg 80w, https:\/\/www.enerjigazetesi.ist\/wp-content\/uploads\/2017\/06\/5-bin-minik-cevre-dedektifi-geliyor.jpg 550w\" sizes=\"(max-width: 300px) 100vw, 300px\" \/><\/a>duyarl\u0131l\u0131klar\u0131n\u0131 art\u0131rmak amac\u0131yla onlara g\u00f6revler veren proje kapsam\u0131nda, bir y\u0131lda 5 bin \u00f6\u011frenciye ula\u015f\u0131lmas\u0131 hedefleniyor.<\/p>\n<p><strong>Pilot \u00e7al\u0131\u015fma ba\u015flad\u0131<\/strong><\/p>\n<p>S\u00fcrd\u00fcr\u00fclebilir \u00e7evre bilinci felsefesiyle, T\u00fcrkiye\u2019nin ilk D\u00f6n\u00fc\u015f\u00fcm M\u00fczesi\u2019ni kuran Samsun Avdan Enerji, D\u00fcnya \u00c7evre G\u00fcn\u00fc\u2019nde \u00f6\u011frencilere ula\u015fmak i\u00e7in yeni bir sosyal sorumluluk projesine daha imza att\u0131. Samsun Yunus Emre \u0130lk\u00f6\u011fretim Okulu\u2019nda 5 Haziran D\u00fcnya \u00c7evre G\u00fcn\u00fc\u2019nde pilot \u00e7al\u0131\u015fman\u0131n ba\u015flat\u0131ld\u0131\u011f\u0131 proje ile ilk g\u00fcnde yakla\u015f\u0131k 300 \u00f6\u011frenci nas\u0131l \u00c7evre Dedektifi olabilece\u011fi hakk\u0131nda bilgi ald\u0131.<\/p>\n<p><strong>\u00c7evremizi \u00e7ocuklar koruyacak<\/strong><\/p>\n<p>\u00c7evre sorunlar\u0131n\u0131n olu\u015fmas\u0131nda insan fakt\u00f6r\u00fcn\u00fcn etkili oldu\u011funa dikkat \u00e7eken <strong>Samsun Avdan Enerji Y\u00f6netici Orta\u011f\u0131 Erol \u0130ren<\/strong>, k\u00fc\u00e7\u00fck ya\u015fta kazan\u0131lan \u00e7evre bilincinin gelecek y\u0131llarda \u00e7evre sorunlar\u0131n\u0131n \u00f6nlenmesi i\u00e7in en \u00f6nemli al\u0131\u015fkanl\u0131k oldu\u011funu s\u00f6yledi. S\u00fcrd\u00fcr\u00fclebilir \u00e7evre bilinciyle ba\u015flatt\u0131klar\u0131 \u00c7evre Dedektifi projesi kapsam\u0131nda \u00f6\u011frencilere yapabilecekleri 15 g\u00f6rev verdiklerini belirten Erol \u0130ren, \u00f6\u011frencilerin daha bu ya\u015fta bile \u00e7evre i\u00e7in yapabilecekleri bir\u00e7ok \u015fey oldu\u011funu fark\u0131na varmalar\u0131n\u0131 istediklerini a\u00e7\u0131klad\u0131. \u0130lk y\u0131l 5 bin \u00f6\u011frenciye \u00e7evre bilinci kazand\u0131rmay\u0131 ama\u00e7lad\u0131klar\u0131n\u0131 vurgulayan Erol \u0130ren, projeye her y\u0131l \u00f6\u011frencilere ula\u015fabilecekleri yeni ara\u00e7lar da ekleyerek devam edeceklerini ifade etti.<\/p>\n<p><strong>\u00c7evre Dedektifleri \u00e7evreyi koruduk\u00e7a puan topluyor<\/strong><\/p>\n<p>Proje kapsam\u0131nda; \u00f6\u011frencilere odadan en son \u00e7\u0131kt\u0131klar\u0131nda \u0131\u015f\u0131klar\u0131 kapatmaktan, yerde bulduklar\u0131 pet \u015fi\u015feleri d\u00f6n\u00fc\u015f\u00fcm kutusuna atmaya, ailecek yak\u0131n mesafedeki yerlere y\u00fcr\u00fcyerek gitmekten, evdeki plastik, cam ve ka\u011f\u0131t at\u0131klar\u0131n ayr\u0131\u015ft\u0131rmas\u0131nda ailelerine yard\u0131mc\u0131 olmaya kadar 15 g\u00f6rev veriliyor. \u00d6\u011frencilerin kolayca hayatlar\u0131n\u0131n bir par\u00e7as\u0131 haline getirebilecekleri bu g\u00f6revlerin yaz\u0131l\u0131 oldu\u011fu kartlar \u00f6\u011frencilere da\u011f\u0131t\u0131l\u0131yor ve her g\u00fcn yapt\u0131klar\u0131 bu g\u00f6revleri i\u015faretledik\u00e7e \u00f6\u011frenciler puan topluyor ve \u00c7evre Dedektifi olmaya bir ad\u0131m daha yakla\u015f\u0131yorlar.<\/p>","protected":false},"excerpt":{"rendered":"<p>Sorry, this entry is only available in Turkish. For the sake of viewer convenience, the content is shown below in the alternative language. You may click the link to switch the active language.D\u0130KKAT! \u00c7evre Dedektiflerine\u00a0Yakalanmay\u0131n&#8230; \u00c7evrenin \u00e7ocuklara emanet edilmesi gerekti\u011fini d\u00fc\u015f\u00fcnen Samsun Avdan, \u00c7evre Dedektifi projesine D\u00fcnya \u00c7evre G\u00fcn\u00fc\u2019nde ba\u015flad\u0131. Proje kapsam\u0131nda ilk y\u0131lda 5 [&hellip;]<\/p>\n","protected":false},"author":1,"featured_media":64683,"comment_status":"open","ping_status":"open","sticky":false,"template":"","format":"standard","meta":[],"categories":[53],"tags":[23065,34189,34188,63,67,1009,2698,165,25282],"views":805,"_links":{"self":[{"href":"https:\/\/www.enerjigazetesi.ist\/en\/wp-json\/wp\/v2\/posts\/64682"}],"collection":[{"href":"https:\/\/www.enerjigazetesi.ist\/en\/wp-json\/wp\/v2\/posts"}],"about":[{"href":"https:\/\/www.enerjigazetesi.ist\/en\/wp-json\/wp\/v2\/types\/post"}],"author":[{"embeddable":true,"href":"https:\/\/www.enerjigazetesi.ist\/en\/wp-json\/wp\/v2\/users\/1"}],"replies":[{"embeddable":true,"href":"https:\/\/www.enerjigazetesi.ist\/en\/wp-json\/wp\/v2\/comments?post=64682"}],"version-history":[{"count":2,"href":"https:\/\/www.enerjigazetesi.ist\/en\/wp-json\/wp\/v2\/posts\/64682\/revisions"}],"predecessor-version":[{"id":64685,"href":"https:\/\/www.enerjigazetesi.ist\/en\/wp-json\/wp\/v2\/posts\/64682\/revisions\/64685"}],"wp:featuredmedia":[{"embeddable":true,"href":"https:\/\/www.enerjigazetesi.ist\/en\/wp-json\/wp\/v2\/media\/64683"}],"wp:attachment":[{"href":"https:\/\/www.enerjigazetesi.ist\/en\/wp-json\/wp\/v2\/media?parent=64682"}],"wp:term":[{"taxonomy":"category","embeddable":true,"href":"https:\/\/www.enerjigazetesi.ist\/en\/wp-json\/wp\/v2\/categories?post=64682"},{"taxonomy":"post_tag","embeddable":true,"href":"https:\/\/www.enerjigazetesi.ist\/en\/wp-json\/wp\/v2\/tags?post=64682"}],"curies":[{"name":"wp","href":"https:\/\/api.w.org\/{rel}","templated":true}]}}