{"id":64672,"date":"2017-06-05T13:07:36","date_gmt":"2017-06-05T10:07:36","guid":{"rendered":"https:\/\/www.enerjigazetesi.ist\/?p=64672"},"modified":"2017-06-05T13:07:36","modified_gmt":"2017-06-05T10:07:36","slug":"iklim-icin-yesil-ekonomi-politikalari-raporu-aciklandi","status":"publish","type":"post","link":"https:\/\/www.enerjigazetesi.ist\/en\/iklim-icin-yesil-ekonomi-politikalari-raporu-aciklandi\/","title":{"rendered":"(Turkish) \u201c\u0130klim \u0130\u00e7in Ye\u015fil Ekonomi Politikalar\u0131\u201d Raporu A\u00e7\u0131kland\u0131"},"content":{"rendered":"<p class=\"qtranxs-available-languages-message qtranxs-available-languages-message-en\">Sorry, this entry is only available in <a href=\"https:\/\/www.enerjigazetesi.ist\/tr\/wp-json\/wp\/v2\/posts\/64672\" class=\"qtranxs-available-language-link qtranxs-available-language-link-tr\" title=\"Turkish\">Turkish<\/a>. For the sake of viewer convenience, the content is shown below in the alternative language. You may click the link to switch the active language.<\/p><p><strong>Sabanc\u0131 \u00dcniversitesi \u0130stanbul Politikalar Merkezi, Ye\u015fil D\u00fc\u015f\u00fcnce Derne\u011fi ve Ye\u015fil Avrupa Vakf\u0131\u2019n\u0131n birlikte y\u00fcr\u00fctt\u00fc\u011f\u00fc \u201cYe\u015fil \u0130klim, Ye\u015fil Ekonomi\u201d projesinin kapan\u0131\u015f toplant\u0131s\u0131 ve projenin ana \u00e7\u0131kt\u0131s\u0131 olan \u201c\u0130klim \u0130\u00e7in Ye\u015fil Ekonomi Politikalar\u0131\u201d raporunun tan\u0131t\u0131m\u0131 1 Haziran 2017, Per\u015fembe g\u00fcn\u00fc Karak\u00f6y\u2019deki Minerva Han\u2019da yap\u0131ld\u0131.<\/strong><\/p>\n<p>Ye\u015fil D\u00fc\u015f\u00fcnce Derne\u011fi ad\u0131na Proje Koordinat\u00f6r\u00fc \u00d6zgecan Kara ve \u0130stanbul Politikalar Merkezi ad\u0131na P<a href=\"https:\/\/www.enerjigazetesi.ist\/wp-content\/uploads\/2017\/06\/iklim-icin-yesil-ekonomi-politikalari-raporu-aciklandi.jpg\"><img loading=\"lazy\" class=\"alignright size-medium wp-image-64673\" src=\"https:\/\/www.enerjigazetesi.ist\/wp-content\/uploads\/2017\/06\/iklim-icin-yesil-ekonomi-politikalari-raporu-aciklandi-300x199.jpg\" alt=\"iklim-icin-yesil-ekonomi-politikalari-raporu-aciklandi\" width=\"300\" height=\"199\" srcset=\"https:\/\/www.enerjigazetesi.ist\/wp-content\/uploads\/2017\/06\/iklim-icin-yesil-ekonomi-politikalari-raporu-aciklandi-300x199.jpg 300w, https:\/\/www.enerjigazetesi.ist\/wp-content\/uploads\/2017\/06\/iklim-icin-yesil-ekonomi-politikalari-raporu-aciklandi-500x333.jpg 500w, https:\/\/www.enerjigazetesi.ist\/wp-content\/uploads\/2017\/06\/iklim-icin-yesil-ekonomi-politikalari-raporu-aciklandi-75x50.jpg 75w, https:\/\/www.enerjigazetesi.ist\/wp-content\/uploads\/2017\/06\/iklim-icin-yesil-ekonomi-politikalari-raporu-aciklandi.jpg 800w\" sizes=\"(max-width: 300px) 100vw, 300px\" \/><\/a>roje Bilimsel Koordinat\u00f6r\u00fc \u00dcmit \u015eahin\u2019in a\u00e7\u0131l\u0131\u015f konu\u015fmalar\u0131ndan sonra raporun ana yazar\u0131 Ahmet At\u0131l A\u015f\u0131c\u0131 rapor tan\u0131t\u0131m\u0131n\u0131 yapt\u0131.<\/p>\n<p>\u0130klim de\u011fi\u015fikli\u011finin etkilerine kar\u015f\u0131 \u00e7e\u015fitli ba\u015fl\u0131klarda \u00e7al\u0131\u015fmalar y\u00fcr\u00fcten ve politika \u00f6nerileri geli\u015ftiren \u00fc\u00e7 kurumun ortak projesi; iklim dostu kent, iklim dostu enerji ve iklim dostu toprak ba\u015fl\u0131klar\u0131 \u00f6zelinde \u00e7e\u015fitli politika \u00f6nerileri sunuyor. Rapor; yenilenebilir enerjinin kentsel d\u00f6n\u00fc\u015f\u00fcm projeleriyle entegrasyonunu ve bunun \u00f6n\u00fcndeki mevzuat engellerinin kald\u0131r\u0131lmas\u0131n\u0131, onar\u0131c\u0131 tar\u0131m mevzuat\u0131n\u0131n olu\u015fturulmas\u0131n\u0131, enerji t\u00fcketimi ve sera gaz\u0131 sal\u0131m\u0131n\u0131 en aza indiren pasif binalar\u0131n te\u015fvikini, 6360 say\u0131l\u0131 B\u00fcy\u00fck\u015fehir Yasas\u0131\u2019n\u0131n revize edilmesini ve b\u00fcy\u00fck\u015fehirlerde, il\u00e7e i\u00e7i ula\u015f\u0131m\u0131n bisikletlere de uygun olarak planlanmas\u0131n\u0131 \u00f6neriyor. Kemerburgaz \u00dcniversitesi\u2019nden Sevil Acar, ODT\u00dc\u2019den Osman Balaban, Bo\u011fazi\u00e7i \u00dcniversitesi\u2019nden Bar\u0131\u015f Karap\u0131nar ve Solarbaba\u2019dan Ate\u015f U\u011furel de proje s\u00fcrecine dan\u0131\u015fman olarak katk\u0131 verdi.<\/p>\n<p><strong>\u201c\u0130klim de\u011fi\u015fikli\u011fine kar\u015f\u0131 \u00f6nlemlerin maliyeti kar\u015f\u0131lanamaz d\u00fc\u015f\u00fcncesi mevcut\u201d<\/strong><strong><br \/>\n<\/strong>Toplant\u0131n\u0131n a\u00e7\u0131\u015f konu\u015fmas\u0131n\u0131 yapan Ye\u015fil D\u00fc\u015f\u00fcnce Derne\u011fi Proje Koordinat\u00f6r\u00fc \u00d6zgecan Kara, raporun olu\u015fturulma s\u00fcrecinde yap\u0131lan toplant\u0131lar\u0131, g\u00f6r\u00fc\u015f\u00fclen bireylerin katk\u0131s\u0131n\u0131, ve projenin kat\u0131l\u0131mc\u0131 karakterini anlatt\u0131.<\/p>\n<p>\u0130stanbul Politikalar Merkezi Proje Bilimsel Koordinat\u00f6r\u00fc \u00dcmit \u015eahin, iklim de\u011fi\u015fikli\u011fine y\u00f6nelik \u00e7\u00f6z\u00fcmlerin getirece\u011fi maliyet y\u00fck\u00fcn\u00fcn kar\u015f\u0131lanamayaca\u011f\u0131 y\u00f6n\u00fcndeki d\u00fc\u015f\u00fcncenin yayg\u0131n oldu\u011funu belirtti. \u015eahin \u201cBu yayg\u0131n kan\u0131yla m\u00fccadele etmek i\u00e7in \u00e7\u00f6z\u00fcmlerin ekonomik kar\u015f\u0131l\u0131klar\u0131n\u0131 i\u00e7eren analizler yapmal\u0131y\u0131z. Bug\u00fcn sundu\u011fumuz rapor, \u0130stanbul Politikalar Merkezi\u2019nin daha \u00f6nce haz\u0131rlad\u0131\u011f\u0131 \u201cT\u00fcrkiye i\u00e7in D\u00fc\u015f\u00fck Karbonlu Kalk\u0131nma Yollar\u0131 ve \u00d6ncelikleri Raporu\u201dnun da bir anlamda devam\u0131 niteli\u011finde.\u201d dedi.<\/p>\n<p><strong>\u201cS\u00fcrd\u00fcr\u00fclebilirlik i\u00e7in b\u00fct\u00fcnc\u00fcl politikalar gerekli\u201d<\/strong><strong><br \/>\n<\/strong>\u0130stanbul Teknik \u00dcniversitesi \u00d6\u011fretim \u00dcyesi ve raporun ana yazar\u0131 Ahmet At\u0131l A\u015f\u0131c\u0131; konu\u015fmas\u0131nda oransal olarak T\u00fcrkiye\u2019nin sera gaz\u0131 sal\u0131m\u0131n\u0131 en \u00e7ok art\u0131ran \u00fclkelerden biri oldu\u011funu belirtti. A\u015f\u0131\u00e7\u0131, devletin ekonomideki a\u011f\u0131rl\u0131\u011f\u0131n\u0131n azalt\u0131lmas\u0131 ve d\u00fczenleyici rol\u00fcn\u00fcn g\u00fc\u00e7lendirilmesi perspektifiyle ye\u015fil ekonomi d\u00f6n\u00fc\u015f\u00fcm\u00fcn\u00fcn ger\u00e7ekle\u015ftirilmesi gerekti\u011fini ifade etti. Ekonomi politikas\u0131 tercihlerine de\u011finen A\u015f\u0131c\u0131, ekonomik ve ekolojik s\u00fcrd\u00fcr\u00fclebilirlik i\u00e7in b\u00fct\u00fcnc\u00fcl politikalar izlenmesinin \u00f6nemine vurgu yapt\u0131.<\/p>\n<p><strong>\u201cD\u00f6n\u00fc\u015f\u00fcm\u00fcn \u00f6n\u00fcnde engeller de var\u201d<\/strong><strong><br \/>\n<\/strong>Ahmet At\u0131l A\u015f\u0131c\u0131, ye\u015fil ekonomiye ge\u00e7i\u015fin \u00f6n\u00fcnde engelleri \u015f\u00f6yle aktard\u0131 \u201cBu engellerden en \u00f6nemlisi fosil yak\u0131tlara verilen te\u015fvik. B\u00fct\u00fcnc\u00fcll\u00fckten uzak yakla\u015f\u0131mlar nedeniyle Enerji ve Tar\u0131m Bakanl\u0131klar\u0131\u2019n\u0131n hedefleri \u00e7eli\u015fiyor. Karar alma s\u00fcre\u00e7leri, politika ve stratejiler kat\u0131l\u0131mc\u0131l\u0131ktan uzak belirleniyor ve y\u00fcr\u00fct\u00fcl\u00fcyor, bu da \u00e7\u0131kar \u00e7at\u0131\u015fmas\u0131 yarat\u0131yor\u201d.<\/p>\n<p><strong>Merkeziyet\u00e7i olmayan, yenilenebilir enerji \u00e7\u00f6z\u00fcmleri, kentin metala\u015fmas\u0131 ve topra\u011fa yat\u0131r\u0131m<\/strong><strong><br \/>\n<\/strong>Kemerburgaz \u00dcniversitesi\u2019nden Sevil Acar, projenin savundu\u011fu ye\u015fil ekonomi anlay\u0131\u015f\u0131n\u0131n k\u00fc\u00e7\u00fck \u00f6l\u00e7ekli ve adem-i merkeziyet\u00e7i oldu\u011funu, kat\u0131l\u0131mc\u0131 mekanizmalara dayand\u0131\u011f\u0131n\u0131 kaydetti. Acar, \u201cYe\u015fil ekonomi d\u00f6n\u00fc\u015f\u00fcm\u00fc i\u00e7in T\u00fcrkiye \u00e7ok ideal. Dinamik bir \u00f6zel sekt\u00f6re sahip ve yenilenebilir enerji ihalelerine talep \u00e7ok b\u00fcy\u00fck.\u201d dedi.<\/p>\n<p>Projenin bir di\u011fer dan\u0131\u015fman\u0131 olan Osman Balaban, \u201cYerel y\u00f6netimlerin yetkilerini art\u0131ran ve mali yap\u0131lar\u0131n\u0131 kuvvetlendiren desantralizasyon program\u0131 gerekiyor. Kentsel d\u00f6n\u00fc\u015f\u00fcme bak\u0131\u015f a\u00e7\u0131m\u0131z\u0131 da de\u011fi\u015ftirmemiz gerekiyor\u201d dedi.<\/p>\n<p>Bar\u0131\u015f Karap\u0131nar ise iklim de\u011fi\u015fikli\u011fine kar\u015f\u0131 m\u00fccadelede topra\u011f\u0131n \u00f6nemine ve sahip oldu\u011fu potansiyele de\u011findi. Bu potansiyelden yararlan\u0131lamad\u0131\u011f\u0131n\u0131 belirten Karap\u0131nar \u015f\u00f6yle konu\u015ftu: \u201cTopra\u011f\u0131n organik madde varl\u0131\u011f\u0131n\u0131 art\u0131racak yat\u0131r\u0131mlar karbon tutma a\u00e7\u0131s\u0131ndan etkili ve daha ucuz. Bu yat\u0131r\u0131mlar ayr\u0131ca toprak verimlili\u011fini de art\u0131rabilir.\u201d<\/p>\n<p>\u0130\u015flemesiz tar\u0131ma da de\u011finen Karap\u0131nar, topra\u011f\u0131n derinlemesine de\u011fil y\u00fczeye yak\u0131n i\u015flemesine dayanan bu y\u00f6ntemin; topra\u011f\u0131n su tutma kapasitesini, biyo\u00e7e\u015fitlili\u011fini ve karbon tutma kabiliyetini de art\u0131rd\u0131\u011f\u0131n\u0131 belirtti. Karap\u0131nar ayr\u0131ca, topra\u011f\u0131n iklim de\u011fi\u015fikli\u011fi anlam\u0131nda hem etki azaltmada hem de adaptasyonda b\u00fcy\u00fck potansiyele sahip oldu\u011funu ve siyasal olarak daha az tart\u0131\u015fmal\u0131 bir alan oldu\u011funun alt\u0131n\u0131 \u00e7izdi.<\/p>","protected":false},"excerpt":{"rendered":"<p>Sorry, this entry is only available in Turkish. For the sake of viewer convenience, the content is shown below in the alternative language. You may click the link to switch the active language.Sabanc\u0131 \u00dcniversitesi \u0130stanbul Politikalar Merkezi, Ye\u015fil D\u00fc\u015f\u00fcnce Derne\u011fi ve Ye\u015fil Avrupa Vakf\u0131\u2019n\u0131n birlikte y\u00fcr\u00fctt\u00fc\u011f\u00fc \u201cYe\u015fil \u0130klim, Ye\u015fil Ekonomi\u201d projesinin kapan\u0131\u015f toplant\u0131s\u0131 ve projenin [&hellip;]<\/p>\n","protected":false},"author":1,"featured_media":64673,"comment_status":"open","ping_status":"open","sticky":false,"template":"","format":"standard","meta":[],"categories":[53],"tags":[63,67,1009,2698,165,34184,1075,90,34185],"views":747,"_links":{"self":[{"href":"https:\/\/www.enerjigazetesi.ist\/en\/wp-json\/wp\/v2\/posts\/64672"}],"collection":[{"href":"https:\/\/www.enerjigazetesi.ist\/en\/wp-json\/wp\/v2\/posts"}],"about":[{"href":"https:\/\/www.enerjigazetesi.ist\/en\/wp-json\/wp\/v2\/types\/post"}],"author":[{"embeddable":true,"href":"https:\/\/www.enerjigazetesi.ist\/en\/wp-json\/wp\/v2\/users\/1"}],"replies":[{"embeddable":true,"href":"https:\/\/www.enerjigazetesi.ist\/en\/wp-json\/wp\/v2\/comments?post=64672"}],"version-history":[{"count":1,"href":"https:\/\/www.enerjigazetesi.ist\/en\/wp-json\/wp\/v2\/posts\/64672\/revisions"}],"predecessor-version":[{"id":64674,"href":"https:\/\/www.enerjigazetesi.ist\/en\/wp-json\/wp\/v2\/posts\/64672\/revisions\/64674"}],"wp:featuredmedia":[{"embeddable":true,"href":"https:\/\/www.enerjigazetesi.ist\/en\/wp-json\/wp\/v2\/media\/64673"}],"wp:attachment":[{"href":"https:\/\/www.enerjigazetesi.ist\/en\/wp-json\/wp\/v2\/media?parent=64672"}],"wp:term":[{"taxonomy":"category","embeddable":true,"href":"https:\/\/www.enerjigazetesi.ist\/en\/wp-json\/wp\/v2\/categories?post=64672"},{"taxonomy":"post_tag","embeddable":true,"href":"https:\/\/www.enerjigazetesi.ist\/en\/wp-json\/wp\/v2\/tags?post=64672"}],"curies":[{"name":"wp","href":"https:\/\/api.w.org\/{rel}","templated":true}]}}