{"id":64641,"date":"2017-06-03T16:36:59","date_gmt":"2017-06-03T13:36:59","guid":{"rendered":"https:\/\/www.enerjigazetesi.ist\/?p=64641"},"modified":"2017-06-03T16:36:59","modified_gmt":"2017-06-03T13:36:59","slug":"arcelik-a-s-den-dunya-cevre-gununde-onemli-adim","status":"publish","type":"post","link":"https:\/\/www.enerjigazetesi.ist\/en\/arcelik-a-s-den-dunya-cevre-gununde-onemli-adim\/","title":{"rendered":"(Turkish) Ar\u00e7elik A.\u015e.\u2019den D\u00fcnya \u00c7evre G\u00fcn\u00fc\u2019nde \u00d6nemli Ad\u0131m"},"content":{"rendered":"<p class=\"qtranxs-available-languages-message qtranxs-available-languages-message-en\">Sorry, this entry is only available in <a href=\"https:\/\/www.enerjigazetesi.ist\/tr\/wp-json\/wp\/v2\/posts\/64641\" class=\"qtranxs-available-language-link qtranxs-available-language-link-tr\" title=\"Turkish\">Turkish<\/a>. For the sake of viewer convenience, the content is shown below in the alternative language. You may click the link to switch the active language.<\/p><p><strong>\u201cD\u00fcnyaya Sayg\u0131l\u0131, D\u00fcnyada Sayg\u0131n\u201d vizyonuyla k\u00fcresel iklim de\u011fi\u015fikli\u011fiyle m\u00fccadelede \u00f6nc\u00fc rol oynayan Ar\u00e7elik A.\u015e., bu alandaki \u00e7abalar\u0131n\u0131 bir ad\u0131m daha ileri ta\u015f\u0131d\u0131. Birle\u015fmi\u015f Milletler\u2019in ortaklar\u0131 aras\u0131nda oldu\u011fu \u201cBilim Temelli Hedefler Giri\u015fimi\u201dni (Science Based Targets) imzalayarak, \u00fcretimde sera gaz\u0131 sal\u0131m\u0131n\u0131 bilimsel verilere g\u00f6re azaltmay\u0131 taahh\u00fct etti. <\/strong><\/p>\n<p><em>Ar\u00e7elik A.\u015e. Genel M\u00fcd\u00fcr\u00fc Hakan Bulgurlu, \u201c21\u2019inci y\u00fczy\u0131l\u0131n lider \u015firketleri ye\u015fil teknolojiyi kucaklayanla<a href=\"https:\/\/www.enerjigazetesi.ist\/wp-content\/uploads\/2017\/06\/arcelik-a-s-den-dunya-cevre-gununde-onemli-adim.jpg\"><img loading=\"lazy\" class=\"alignright size-medium wp-image-64642\" src=\"https:\/\/www.enerjigazetesi.ist\/wp-content\/uploads\/2017\/06\/arcelik-a-s-den-dunya-cevre-gununde-onemli-adim-300x200.jpg\" alt=\"arcelik-a-s-den-dunya-cevre-gununde-onemli-adim\" width=\"300\" height=\"200\" srcset=\"https:\/\/www.enerjigazetesi.ist\/wp-content\/uploads\/2017\/06\/arcelik-a-s-den-dunya-cevre-gununde-onemli-adim-300x200.jpg 300w, https:\/\/www.enerjigazetesi.ist\/wp-content\/uploads\/2017\/06\/arcelik-a-s-den-dunya-cevre-gununde-onemli-adim-500x333.jpg 500w, https:\/\/www.enerjigazetesi.ist\/wp-content\/uploads\/2017\/06\/arcelik-a-s-den-dunya-cevre-gununde-onemli-adim-74x50.jpg 74w, https:\/\/www.enerjigazetesi.ist\/wp-content\/uploads\/2017\/06\/arcelik-a-s-den-dunya-cevre-gununde-onemli-adim.jpg 650w\" sizes=\"(max-width: 300px) 100vw, 300px\" \/><\/a>r, enerji verimlili\u011fine yat\u0131r\u0131m yapanlar olacak. Ar\u00e7elik A.\u015e. olarak 2010\u2019dan bu yana \u00fcretimden kaynaklanan sera gaz\u0131 emisyonlar\u0131m\u0131z\u0131 yar\u0131 yar\u0131ya azaltt\u0131k. Yeni giri\u015fimle belirledi\u011fimiz ad\u0131mlarla \u00fcretimden kaynaklanan sera gaz\u0131 emisyonlar\u0131m\u0131z\u0131 daha da a\u015fa\u011f\u0131ya \u00e7ekmeye s\u00f6z veriyoruz\u201d dedi.<\/em><i><br \/>\n<\/i><i><\/i><\/p>\n<p>S\u00fcrd\u00fcr\u00fclebilir bir gelecek i\u00e7in \u00e7al\u0131\u015fan Ar\u00e7elik A.\u015e., k\u00fcresel \u00f6l\u00e7ekte devam etti\u011fi iklim de\u011fi\u015fikli\u011fiyle m\u00fccadele \u00e7abalar\u0131 \u00e7er\u00e7evesinde \u00f6nemli bir anla\u015fmaya daha imza att\u0131. Ar\u00e7elik A.\u015e., \u00fcretimden kaynaklanan sera gaz\u0131 sal\u0131m azalt\u0131m hedeflerini daha iddial\u0131 seviyelere \u00e7ekmeyi taahh\u00fct edenBilim Temelli Hedefler Giri\u015fimi\u2019ne taraf oldu. Bu kapsamda Ar\u00e7elik A.\u015e., bilimsel verilere dayal\u0131 olarak \u00fcretimden kaynaklanan sera gaz\u0131 azalt\u0131m\u0131nda yeni hedeflerini belirleyerek gerekli \u00e7al\u0131\u015fmalar\u0131 y\u00fcr\u00fctecek.<\/p>\n<p>Karbon Saydaml\u0131k Projesi (CDP), Birle\u015fmi\u015f Milletler K\u00fcresel \u0130lkeler S\u00f6zle\u015fmesi (UNGC), D\u00fcnya Do\u011fal Kaynaklar Enstit\u00fcs\u00fc (WRI) ve Do\u011fal Hayat\u0131 Koruma Vakf\u0131 (WWF) taraf\u0131ndan ba\u015flat\u0131lan ortak bir giri\u015fim olan Bilim Temelli Hedefler Giri\u015fimi, \u015firketlerin k\u00fcresel \u0131s\u0131nma art\u0131\u015f\u0131n\u0131 2\u00b0C ile s\u0131n\u0131rland\u0131rmak \u00fczere bilim temelli azalt\u0131m hedefleri belirlemelerini ve iklim de\u011fi\u015fikli\u011fi ile m\u00fccadelede aktif rol almalar\u0131n\u0131 te\u015fvik etmeyi ama\u00e7l\u0131yor.<\/p>\n<p><strong>Hakan Bulgurlu: \u201c2010 y\u0131l\u0131ndan bu yana sera gaz\u0131 emisyonlar\u0131m\u0131z\u0131 yar\u0131 yar\u0131ya azaltt\u0131k\u201d<\/strong><\/p>\n<p>Birle\u015fmi\u015f Milletler\u2018in 2030 S\u00fcrd\u00fcr\u00fclebilir Kalk\u0131nma Hedefleri\u2019ne ula\u015f\u0131lmas\u0131nda iklim de\u011fi\u015fikli\u011fiyle m\u00fccadelenin \u00f6nemini ve i\u015f d\u00fcnyas\u0131n\u0131n rol\u00fcn\u00fc vurgulayan Ar\u00e7elik A.\u015e. CEO\u2019su Hakan Bulgurlu; \u201cAvrupa\u2019dan Asya\u2019ya, Afrika\u2019dan Kuzey Amerika\u2019ya kadar k\u00fcresel \u00f6l\u00e7ekte faaliyet g\u00f6steren bir \u015firket olarak \u00e7evreye kar\u015f\u0131 sorumlulu\u011fumuzun bilincindeyiz. K\u00fcresel \u0131s\u0131nmaya kar\u015f\u0131 uluslararas\u0131 \u00e7abalardaki \u00f6nc\u00fc rol\u00fcm\u00fcz\u00fc Bilim Temelli Hedefler Giri\u015fimi\u2019ne taraf olarak peki\u015ftirdik. \u00dcretimden kaynaklanan sera gaz\u0131 emisyonlar\u0131m\u0131z\u0131 2010 y\u0131l\u0131ndan bu yana yar\u0131 yar\u0131ya azaltt\u0131k. Ye\u015fil enerji kullan\u0131m oran\u0131m\u0131z\u0131 ayn\u0131 d\u00f6nemde %1\u2019den %88\u2019e y\u00fckselttik. Yeni giri\u015fimle belirledi\u011fimiz ad\u0131mlarla, \u00fcretimden kaynaklanan sera gaz\u0131 emisyonlar\u0131m\u0131z\u0131 daha da azaltmaya s\u00f6z veriyoruz\u201d dedi.<\/p>\n<p>Bulgurlu, 5 Haziran D\u00fcnya \u00c7evre G\u00fcn\u00fc nedeniyle yapt\u0131\u011f\u0131 a\u00e7\u0131klamada k\u00fcresel \u0131s\u0131nman\u0131n ekonomi ve kalk\u0131nma i\u00e7in en b\u00fcy\u00fck tehditler aras\u0131nda oldu\u011funa dikkat \u00e7ekerek s\u00f6zlerini \u015f\u00f6yle s\u00fcrd\u00fcrd\u00fc: \u201c21\u2019inci y\u00fczy\u0131l\u0131n lider \u015firketleri ye\u015fil teknolojiyi kucaklayanlar, enerji verimlili\u011fine yat\u0131r\u0131m yapanlar olacak. D\u00fcnyan\u0131n gelece\u011fi i\u00e7in daha fazla i\u015fbirli\u011fini, yat\u0131r\u0131m\u0131, inovasyonu hayata ge\u00e7irmeyi ve daha fazla hanede d\u00f6n\u00fc\u015f\u00fcm sa\u011flamay\u0131 hedefliyoruz.\u201d<\/p>\n<p><strong>Ar\u00e7elik A.\u015e.\u2019nin k\u00fcresel iklim de\u011fi\u015fikli\u011fi ile m\u00fccadele karnesi <\/strong><\/p>\n<p>S\u00fcrd\u00fcr\u00fclebilirlik kapsam\u0131nda Ar-Ge ve inovasyona kesintisiz yat\u0131r\u0131m yapan Ar\u00e7elik A.\u015e. enerji verimli, \u00e7evre dostu \u00fcr\u00fcnler \u00fcretiyor. Ar\u00e7elik A.\u015e\u2019nin bu alanda sa\u011flad\u0131\u011f\u0131 \u00f6nemli ilerlemelerin baz\u0131lar\u0131 \u015f\u00f6yle:<\/p>\n<p>&#8211; K\u00fcresel \u0131s\u0131nmaya kar\u015f\u0131 tesis ve ofislerinde uygulad\u0131\u011f\u0131 \u00f6nlemlerle karbon sal\u0131m\u0131n\u0131 2010 y\u0131l\u0131ndan bu yana yakla\u015f\u0131k y\u00fczde 55 oran\u0131nda azaltt\u0131.<br \/>\n&#8211; Son 5 y\u0131lda enerji verimlili\u011fi projeleri ile toplamda 620.000 GJ enerji tasarrufu sa\u011flad\u0131. Bu rakam 60.000 konutun 1 y\u0131ll\u0131k toplam elektrik t\u00fcketimine kar\u015f\u0131l\u0131k geliyor. Bu tasarruf sayesinde 55.500 ton CO<sub>2<\/sub> e\u015fde\u011feri sera gaz\u0131n\u0131n atmosfere sal\u0131m\u0131n\u0131 engellemi\u015f oldu.<br \/>\n&#8211; Su verimlili\u011fi \u00e7al\u0131\u015fmalar\u0131yla son 5 y\u0131lda 1 milyon m<sup>3<\/sup> su tasarrufu sa\u011flad\u0131, 1 milyon 200 bin hanenin g\u00fcnl\u00fck su t\u00fcketimine e\u015fde\u011fer suyu tasarruf etti.<\/p>\n<p>2014-2016 aras\u0131nda eski teknolojiye sahip \u00fcr\u00fcnlerin \u00e7evre dostu yeni \u00fcr\u00fcnlerle de\u011fi\u015ftirilmesi, eski \u00fcr\u00fcnlerin Eski\u015fehir ve Bolu\u2019da d\u00f6n\u00fc\u015ft\u00fcr\u00fclmesiyle, \u00fclke ekonomisinde 108,3 GWh bir ba\u015fka deyi\u015fle 14 milyon hanenin g\u00fcnl\u00fck elektrik t\u00fcketimi kadar tasarruf sa\u011flad\u0131.<\/p>\n<p>T\u00fcrkiye\u2019de t\u00fcketti\u011fi elektri\u011fin y\u00fczde 88\u2019ini yenilenebilir enerji kaynaklar\u0131ndan elde eden \u015firket, bu alanda yeni yat\u0131r\u0131mlar yapmak i\u00e7in \u00e7al\u0131\u015fmalar\u0131n\u0131 h\u0131zland\u0131rd\u0131.<\/p>\n<p>D\u00fcnyan\u0131n en b\u00fcy\u00fck k\u00fcresel iklim de\u011fi\u015fikli\u011fi verisine sahip, ba\u011f\u0131ms\u0131z uluslararas\u0131 kurulu\u015f olan Karbon Saydaml\u0131k Projesi\u2019nden (Carbon Disclosure Project-CDP), 2012 y\u0131l\u0131ndan bu yana her y\u0131l \u00f6d\u00fcller alan Ar\u00e7elik A.\u015e., d\u00fcnyada CDP\u2019de en y\u00fcksek performansa sahip \u015firketlerin yer ald\u0131\u011f\u0131 Global A Listesi\u2019ne girmeye ikinci kez hak kazanan ilk T\u00fcrk sanayi \u015firketi oldu.Ar\u00e7elik A.\u015e.\u2019nin Kuzey Amerika\u2019da faaliyet g\u00f6steren Beko US Inc., enerji verimlili\u011findeki ba\u015far\u0131lar\u0131yla ABD \u00c7evre Koruma Ajans\u0131 (EPA) taraf\u0131ndan 2017 ENERGY STAR\u00ae Y\u0131l\u0131n Partneri se\u00e7ildi.<\/p>\n<p>&#8211; Avrupa \u0130\u015f \u00d6d\u00fclleri (European Business Awards 2016\/2017) kapsam\u0131nda \u201c\u00c7evresel ve Kurumsal S\u00fcrd\u00fcr\u00fclebilirlik\u201d alan\u0131nda ilk 10 \u015firket aras\u0131na girdi ve onur ni\u015fan\u0131na lay\u0131k g\u00f6r\u00fcld\u00fc.<br \/>\n&#8211; Pi\u015firici Cihazlar \u0130\u015fletmesi, Enerji ve Tabii Kaynaklar Bakanl\u0131\u011f\u0131\u2019n\u0131n \u201cSanayide Enerji Verimlili\u011finin Art\u0131r\u0131lmas\u0131 Projeleri\u201d kategorisinde birincilik \u00f6d\u00fcl\u00fcn\u00fc ald\u0131.<\/p>","protected":false},"excerpt":{"rendered":"<p>Sorry, this entry is only available in Turkish. For the sake of viewer convenience, the content is shown below in the alternative language. You may click the link to switch the active language.\u201cD\u00fcnyaya Sayg\u0131l\u0131, D\u00fcnyada Sayg\u0131n\u201d vizyonuyla k\u00fcresel iklim de\u011fi\u015fikli\u011fiyle m\u00fccadelede \u00f6nc\u00fc rol oynayan Ar\u00e7elik A.\u015e., bu alandaki \u00e7abalar\u0131n\u0131 bir ad\u0131m daha ileri ta\u015f\u0131d\u0131. Birle\u015fmi\u015f [&hellip;]<\/p>\n","protected":false},"author":1,"featured_media":64642,"comment_status":"open","ping_status":"open","sticky":false,"template":"","format":"standard","meta":[],"categories":[53,52],"tags":[2350,5720,63,67,1009,2698,165,2533],"views":959,"_links":{"self":[{"href":"https:\/\/www.enerjigazetesi.ist\/en\/wp-json\/wp\/v2\/posts\/64641"}],"collection":[{"href":"https:\/\/www.enerjigazetesi.ist\/en\/wp-json\/wp\/v2\/posts"}],"about":[{"href":"https:\/\/www.enerjigazetesi.ist\/en\/wp-json\/wp\/v2\/types\/post"}],"author":[{"embeddable":true,"href":"https:\/\/www.enerjigazetesi.ist\/en\/wp-json\/wp\/v2\/users\/1"}],"replies":[{"embeddable":true,"href":"https:\/\/www.enerjigazetesi.ist\/en\/wp-json\/wp\/v2\/comments?post=64641"}],"version-history":[{"count":1,"href":"https:\/\/www.enerjigazetesi.ist\/en\/wp-json\/wp\/v2\/posts\/64641\/revisions"}],"predecessor-version":[{"id":64643,"href":"https:\/\/www.enerjigazetesi.ist\/en\/wp-json\/wp\/v2\/posts\/64641\/revisions\/64643"}],"wp:featuredmedia":[{"embeddable":true,"href":"https:\/\/www.enerjigazetesi.ist\/en\/wp-json\/wp\/v2\/media\/64642"}],"wp:attachment":[{"href":"https:\/\/www.enerjigazetesi.ist\/en\/wp-json\/wp\/v2\/media?parent=64641"}],"wp:term":[{"taxonomy":"category","embeddable":true,"href":"https:\/\/www.enerjigazetesi.ist\/en\/wp-json\/wp\/v2\/categories?post=64641"},{"taxonomy":"post_tag","embeddable":true,"href":"https:\/\/www.enerjigazetesi.ist\/en\/wp-json\/wp\/v2\/tags?post=64641"}],"curies":[{"name":"wp","href":"https:\/\/api.w.org\/{rel}","templated":true}]}}