{"id":64629,"date":"2017-06-02T18:41:29","date_gmt":"2017-06-02T15:41:29","guid":{"rendered":"https:\/\/www.enerjigazetesi.ist\/?p=64629"},"modified":"2017-06-02T18:41:29","modified_gmt":"2017-06-02T15:41:29","slug":"dogalgazin-kalbi-istanbulda-atacak","status":"publish","type":"post","link":"https:\/\/www.enerjigazetesi.ist\/en\/dogalgazin-kalbi-istanbulda-atacak\/","title":{"rendered":"(Turkish) \u201cDo\u011falgaz\u2019\u0131n Kalbi \u0130stanbul\u2019da Atacak\u201d"},"content":{"rendered":"<p class=\"qtranxs-available-languages-message qtranxs-available-languages-message-en\">Sorry, this entry is only available in <a href=\"https:\/\/www.enerjigazetesi.ist\/tr\/wp-json\/wp\/v2\/posts\/64629\" class=\"qtranxs-available-language-link qtranxs-available-language-link-tr\" title=\"Turkish\">Turkish<\/a>. For the sake of viewer convenience, the content is shown below in the alternative language. You may click the link to switch the active language.<\/p><p><strong>D\u00fcnyadaki do\u011falgaz ve petrol rezervlerine olan yak\u0131nl\u0131\u011f\u0131 sebebiyle stratejik bir role sahip olan T\u00fcrkiye; <em>TANAP ve T\u00fcrk Ak\u0131m\u0131 Projelerinde<\/em> \u00f6nemli bir payda\u015f olarak, b\u00f6lgedeki enerji talebini kar\u015f\u0131lamak ve s\u00fcrd\u00fcr\u00fclebilirlik sa\u011flamak i\u00e7in b\u00fcy\u00fck bir ad\u0131m att\u0131.<\/strong><\/p>\n<p>7.sinin ger\u00e7ekle\u015ftirilece\u011fi do\u011falgaz sekt\u00f6r\u00fcnde T\u00fcrkiye\u2019deki tek Kongre ve Fuar olma \u00f6zelli\u011fi ta\u015f\u0131yan <strong><em>INGAS 2017,<\/em><\/strong> Uluslararas\u0131 Gaz Birli\u011fi (IGU) ve Avrupa Gaz Ara\u015ft\u0131rma Grubu (GERG) \u00fcyesi olan \u0130GDA\u015e\u2019\u0131n ev sahipli\u011finde, T.C. Enerji ve Tabii Kaynaklar <a href=\"https:\/\/www.enerjigazetesi.ist\/wp-content\/uploads\/2017\/06\/dogalgazin-kalbi-istanbulda-atacak.jpg\"><img loading=\"lazy\" class=\"alignleft size-medium wp-image-64630\" src=\"https:\/\/www.enerjigazetesi.ist\/wp-content\/uploads\/2017\/06\/dogalgazin-kalbi-istanbulda-atacak-300x159.jpg\" alt=\"dogalgazin-kalbi-istanbulda-atacak\" width=\"300\" height=\"159\" srcset=\"https:\/\/www.enerjigazetesi.ist\/wp-content\/uploads\/2017\/06\/dogalgazin-kalbi-istanbulda-atacak-300x159.jpg 300w, https:\/\/www.enerjigazetesi.ist\/wp-content\/uploads\/2017\/06\/dogalgazin-kalbi-istanbulda-atacak-500x265.jpg 500w, https:\/\/www.enerjigazetesi.ist\/wp-content\/uploads\/2017\/06\/dogalgazin-kalbi-istanbulda-atacak-80x42.jpg 80w, https:\/\/www.enerjigazetesi.ist\/wp-content\/uploads\/2017\/06\/dogalgazin-kalbi-istanbulda-atacak.jpg 640w\" sizes=\"(max-width: 300px) 100vw, 300px\" \/><\/a>Bakanl\u0131\u011f\u0131 ve Enerji Piyasas\u0131 D\u00fczenleme Kurumu destekleriyle <strong>2-3 Kas\u0131m 2017<\/strong> tarihlerinde, 10.000 metrekarelik fuar alan\u0131nda, 250\u2019yi a\u015fk\u0131n yerli ve yabanc\u0131 firmalar\u0131n ve 5000 ziyaret\u00e7inin kat\u0131l\u0131m\u0131yla Hali\u00e7 Kongre Merkezinde ger\u00e7ekle\u015ftirilecektir.<\/p>\n<p>Sekt\u00f6r payda\u015flar\u0131n\u0131 \u0130stanbul\u2019da biraraya getirecek bu uluslararas\u0131 platformda do\u011falgaz jeopoliti\u011fi ve arz g\u00fcvenli\u011fi, do\u011falgaz sekt\u00f6r\u00fcnde risk ve f\u0131rsat y\u00f6netimi, do\u011falgaz piyasas\u0131nda hukuki d\u00fczenlemeler, iklim ve \u00e7evre, do\u011falgaz ve insan, \u00fcretim-depolama-LNG-CNG, ak\u0131ll\u0131 \u015febekeler ve siber g\u00fcvenlik, s\u00fcrd\u00fcr\u00fclebilir i\u00e7 tesisat y\u00f6netimi, do\u011falgaz sekt\u00f6r\u00fcnde finans ve finans kaynaklar\u0131na eri\u015fim, do\u011falgaz i\u015fletmecili\u011fi ve yeni yakla\u015f\u0131mlar, yeni teknolojiler, inovasyon ve Ar-Ge gibi \u00a0\u00e7ok \u00e7e\u015fitli konular tart\u0131\u015f\u0131lacakt\u0131r.<\/p>\n<p>T<strong>\u00fc<\/strong><strong>rkiye\u2019nin Do\u011falgaz Hub\u0131 Olma Konusunda \u00d6nemli Stratejiler Masaya Yat\u0131r\u0131lacak<\/strong><\/p>\n<p>Fuarla e\u015f zamanl\u0131 ger\u00e7ekle\u015fecek olan Kongrede iki g\u00fcn boyunca, ikili g\u00f6r\u00fc\u015fmeler, paneller ve oturumlar uzman ki\u015filerin y\u00f6netiminde ger\u00e7ekle\u015ftirilecektir. T\u00fcrkiye\u2019nin do\u011falgaz hub\u0131 olmas\u0131n\u0131 ama\u00e7layan ve bu ba\u011flamda \u00f6nemli staratejilerin masaya yat\u0131r\u0131laca\u011f\u0131 <strong><em>INGAS 2017\u2019de<\/em><\/strong> bir\u00e7ok yabanc\u0131 bakan\u0131n a\u00e7\u0131l\u0131\u015f konu\u015fmalar\u0131na kat\u0131l\u0131m\u0131 da olacakt\u0131r.<\/p>\n<p>Amerika Birle\u015fik Devletleri, Almanya, Azerbaycan, Avusturya, Bahreyn, Belarus,Bosna Hersek, Birle\u015fik Arap Emirlikleri, Bulgaristan, Cezayir, Cape Town, Cibuti, \u00c7in, Fas, Fransa Etiyopya, Gana, G\u00fcrcistan, G\u00fcney Sudan, Hollanda, Hindistan, Irak, \u0130ngiltere, \u0130ran, \u0130sve\u00e7, \u0130talya, Kanada, Kazakistan, K\u0131rg\u0131zistan, Katar, Kenya, Kuveyt, Makedonya, Nijerya, Oman, \u00d6zbekistan,\u00a0 Rusya, Romanya, Suudi Arabistan, \u00dcrd\u00fcn, Ukrayna, ve Yunanistan \u00dclkelerinden gelen devlet temsilcilerinin, \u00fcst d\u00fczey delegasyonun ve uluslararas\u0131 bas\u0131n\u0131nda yer alaca\u011f\u0131 <strong><em>INGAS 2017<\/em><\/strong>; iki g\u00fcn boyunca \u0130stanbul\u2019da \u00f6nemli ticari anla\u015fmalara ve ikili g\u00f6r\u00fc\u015fmelere \u00a0ev sahipli\u011fi yapacakt\u0131r.<\/p>","protected":false},"excerpt":{"rendered":"<p>Sorry, this entry is only available in Turkish. For the sake of viewer convenience, the content is shown below in the alternative language. You may click the link to switch the active language.D\u00fcnyadaki do\u011falgaz ve petrol rezervlerine olan yak\u0131nl\u0131\u011f\u0131 sebebiyle stratejik bir role sahip olan T\u00fcrkiye; TANAP ve T\u00fcrk Ak\u0131m\u0131 Projelerinde \u00f6nemli bir payda\u015f olarak, [&hellip;]<\/p>\n","protected":false},"author":1,"featured_media":64630,"comment_status":"open","ping_status":"open","sticky":false,"template":"","format":"standard","meta":[],"categories":[46,53],"tags":[92,226,19761,2092,2677,63,67,1009,2698,165,34161],"views":1174,"_links":{"self":[{"href":"https:\/\/www.enerjigazetesi.ist\/en\/wp-json\/wp\/v2\/posts\/64629"}],"collection":[{"href":"https:\/\/www.enerjigazetesi.ist\/en\/wp-json\/wp\/v2\/posts"}],"about":[{"href":"https:\/\/www.enerjigazetesi.ist\/en\/wp-json\/wp\/v2\/types\/post"}],"author":[{"embeddable":true,"href":"https:\/\/www.enerjigazetesi.ist\/en\/wp-json\/wp\/v2\/users\/1"}],"replies":[{"embeddable":true,"href":"https:\/\/www.enerjigazetesi.ist\/en\/wp-json\/wp\/v2\/comments?post=64629"}],"version-history":[{"count":1,"href":"https:\/\/www.enerjigazetesi.ist\/en\/wp-json\/wp\/v2\/posts\/64629\/revisions"}],"predecessor-version":[{"id":64631,"href":"https:\/\/www.enerjigazetesi.ist\/en\/wp-json\/wp\/v2\/posts\/64629\/revisions\/64631"}],"wp:featuredmedia":[{"embeddable":true,"href":"https:\/\/www.enerjigazetesi.ist\/en\/wp-json\/wp\/v2\/media\/64630"}],"wp:attachment":[{"href":"https:\/\/www.enerjigazetesi.ist\/en\/wp-json\/wp\/v2\/media?parent=64629"}],"wp:term":[{"taxonomy":"category","embeddable":true,"href":"https:\/\/www.enerjigazetesi.ist\/en\/wp-json\/wp\/v2\/categories?post=64629"},{"taxonomy":"post_tag","embeddable":true,"href":"https:\/\/www.enerjigazetesi.ist\/en\/wp-json\/wp\/v2\/tags?post=64629"}],"curies":[{"name":"wp","href":"https:\/\/api.w.org\/{rel}","templated":true}]}}