{"id":64608,"date":"2017-06-01T15:12:03","date_gmt":"2017-06-01T12:12:03","guid":{"rendered":"https:\/\/www.enerjigazetesi.ist\/?p=64608"},"modified":"2017-06-01T15:17:20","modified_gmt":"2017-06-01T12:17:20","slug":"enerji-burokrasisinde-bazi-gorev-degisiklikleri-yapildi","status":"publish","type":"post","link":"https:\/\/www.enerjigazetesi.ist\/en\/enerji-burokrasisinde-bazi-gorev-degisiklikleri-yapildi\/","title":{"rendered":"(Turkish) Enerji B\u00fcrokrasisinde Baz\u0131 G\u00f6rev De\u011fi\u015fiklikleri Yap\u0131ld\u0131"},"content":{"rendered":"<p class=\"qtranxs-available-languages-message qtranxs-available-languages-message-en\">Sorry, this entry is only available in <a href=\"https:\/\/www.enerjigazetesi.ist\/tr\/wp-json\/wp\/v2\/posts\/64608\" class=\"qtranxs-available-language-link qtranxs-available-language-link-tr\" title=\"Turkish\">Turkish<\/a>. For the sake of viewer convenience, the content is shown below in the alternative language. You may click the link to switch the active language.<\/p><p><strong><span style=\"color: #0a0a0a;\">Kamuda Enerji ve Tabii Kaynaklar Bakanl\u0131\u011f\u0131\u2019na ba\u011fl\u0131 baz\u0131 kurumlarda g\u00f6rev alma ve g\u00f6rev de\u011fi\u015fimi i\u015flemleri\u00a0ger\u00e7ekle\u015ftirildi.<\/span><\/strong><\/p>\n<p>Resmi Gazete\u2019nin ilgili\u00a0say\u0131<a href=\"https:\/\/www.enerjigazetesi.ist\/wp-content\/uploads\/2016\/06\/enerji-bakanliginin-atamalari-resmi-gazetede-yayimlandi.jpg\"><img loading=\"lazy\" class=\"alignleft size-medium wp-image-54471\" src=\"https:\/\/www.enerjigazetesi.ist\/wp-content\/uploads\/2016\/06\/enerji-bakanliginin-atamalari-resmi-gazetede-yayimlandi-300x168.jpg\" alt=\"enerji-bakanligi\" width=\"300\" height=\"168\" srcset=\"https:\/\/www.enerjigazetesi.ist\/wp-content\/uploads\/2016\/06\/enerji-bakanliginin-atamalari-resmi-gazetede-yayimlandi-300x168.jpg 300w, https:\/\/www.enerjigazetesi.ist\/wp-content\/uploads\/2016\/06\/enerji-bakanliginin-atamalari-resmi-gazetede-yayimlandi-500x280.jpg 500w, https:\/\/www.enerjigazetesi.ist\/wp-content\/uploads\/2016\/06\/enerji-bakanliginin-atamalari-resmi-gazetede-yayimlandi-80x44.jpg 80w, https:\/\/www.enerjigazetesi.ist\/wp-content\/uploads\/2016\/06\/enerji-bakanliginin-atamalari-resmi-gazetede-yayimlandi.jpg 696w\" sizes=\"(max-width: 300px) 100vw, 300px\" \/><\/a>s\u0131nda yay\u0131mlanan atama kararlar\u0131na g\u00f6re, T\u00fcrkiye Elektrik Ticaret ve Taahh\u00fct A\u015e (TETA\u015e) Genel M\u00fcd\u00fcr Yard\u0131mc\u0131s\u0131 \u00d6zcan Alt\u0131nda\u011f, Elektrik \u00dcretim A\u015e (E\u00dcA\u015e) Genel M\u00fcd\u00fcr Yard\u0131mc\u0131s\u0131 Mehmet Bi\u00e7er, Petrol \u0130\u015fleri Genel M\u00fcd\u00fcr Yard\u0131mc\u0131s\u0131 Salim Ko\u015far ve Yenilenebilir Enerji Genel M\u00fcd\u00fcr Yard\u0131mc\u0131s\u0131 Hayati \u00c7etin ba\u015fka bir g\u00f6reve atanmak \u00fczere g\u00f6revden al\u0131nd\u0131.<\/p>\n<p>Kararlar kapsam\u0131nda, Eti Maden Genel M\u00fcd\u00fcr\u00fc ve Y\u00f6netim Kurulu Ba\u015fkan\u0131 Elmas Ya\u015far Bostanc\u0131, TETA\u015e Genel M\u00fcd\u00fcr ve Y\u00f6netim Kurulu Ba\u015fkan\u0131 Mehmet Ayerden ile T\u00fcrkiye Elektrik \u0130letim A\u015e (TE\u0130A\u015e) Y\u00f6netim Kurulu \u00dcyesi Do\u011fanbey Akg\u00fcl, Enerji ve Tabii Kaynaklar Bakanl\u0131\u011f\u0131 m\u00fc\u015favirliklerine\u00a0geldi.<\/p>","protected":false},"excerpt":{"rendered":"<p>Sorry, this entry is only available in Turkish. For the sake of viewer convenience, the content is shown below in the alternative language. You may click the link to switch the active language.Kamuda Enerji ve Tabii Kaynaklar Bakanl\u0131\u011f\u0131\u2019na ba\u011fl\u0131 baz\u0131 kurumlarda g\u00f6rev alma ve g\u00f6rev de\u011fi\u015fimi i\u015flemleri\u00a0ger\u00e7ekle\u015ftirildi. Resmi Gazete\u2019nin ilgili\u00a0say\u0131s\u0131nda yay\u0131mlanan atama kararlar\u0131na g\u00f6re, T\u00fcrkiye [&hellip;]<\/p>\n","protected":false},"author":1,"featured_media":54471,"comment_status":"open","ping_status":"open","sticky":false,"template":"","format":"standard","meta":[],"categories":[53],"tags":[63,29833,67,1009,2698,165,1972,1033,33256,1274,1388,3499],"views":999,"_links":{"self":[{"href":"https:\/\/www.enerjigazetesi.ist\/en\/wp-json\/wp\/v2\/posts\/64608"}],"collection":[{"href":"https:\/\/www.enerjigazetesi.ist\/en\/wp-json\/wp\/v2\/posts"}],"about":[{"href":"https:\/\/www.enerjigazetesi.ist\/en\/wp-json\/wp\/v2\/types\/post"}],"author":[{"embeddable":true,"href":"https:\/\/www.enerjigazetesi.ist\/en\/wp-json\/wp\/v2\/users\/1"}],"replies":[{"embeddable":true,"href":"https:\/\/www.enerjigazetesi.ist\/en\/wp-json\/wp\/v2\/comments?post=64608"}],"version-history":[{"count":2,"href":"https:\/\/www.enerjigazetesi.ist\/en\/wp-json\/wp\/v2\/posts\/64608\/revisions"}],"predecessor-version":[{"id":64610,"href":"https:\/\/www.enerjigazetesi.ist\/en\/wp-json\/wp\/v2\/posts\/64608\/revisions\/64610"}],"wp:featuredmedia":[{"embeddable":true,"href":"https:\/\/www.enerjigazetesi.ist\/en\/wp-json\/wp\/v2\/media\/54471"}],"wp:attachment":[{"href":"https:\/\/www.enerjigazetesi.ist\/en\/wp-json\/wp\/v2\/media?parent=64608"}],"wp:term":[{"taxonomy":"category","embeddable":true,"href":"https:\/\/www.enerjigazetesi.ist\/en\/wp-json\/wp\/v2\/categories?post=64608"},{"taxonomy":"post_tag","embeddable":true,"href":"https:\/\/www.enerjigazetesi.ist\/en\/wp-json\/wp\/v2\/tags?post=64608"}],"curies":[{"name":"wp","href":"https:\/\/api.w.org\/{rel}","templated":true}]}}