{"id":64574,"date":"2017-05-31T12:07:14","date_gmt":"2017-05-31T09:07:14","guid":{"rendered":"https:\/\/www.enerjigazetesi.ist\/?p=64574"},"modified":"2017-05-31T12:15:27","modified_gmt":"2017-05-31T09:15:27","slug":"turkiyenin-2023-enerji-hedefleri","status":"publish","type":"post","link":"https:\/\/www.enerjigazetesi.ist\/en\/turkiyenin-2023-enerji-hedefleri\/","title":{"rendered":"(Turkish) T\u00fcrkiye\u2019nin 2023 Enerji Hedefleri"},"content":{"rendered":"<p class=\"qtranxs-available-languages-message qtranxs-available-languages-message-en\">Sorry, this entry is only available in <a href=\"https:\/\/www.enerjigazetesi.ist\/tr\/wp-json\/wp\/v2\/posts\/64574\" class=\"qtranxs-available-language-link qtranxs-available-language-link-tr\" title=\"Turkish\">Turkish<\/a>. For the sake of viewer convenience, the content is shown below in the alternative language. You may click the link to switch the active language.<\/p><p><strong>T\u00fcrkiye\u2019nin, D\u00fcnyan\u0131n en b\u00fcy\u00fck 10 ekonomisinden biri olmay\u0131 hedefledi\u011fi 2023 Vizyonu\u2019nu \u00e7er\u00e7evesinde enerji sekt\u00f6r\u00fc alan\u0131nda da \u00e7ok ciddi \u00e7al\u0131\u015fmalar ger\u00e7ekle\u015ftirilecektir.<\/strong><\/p>\n<p><strong>H\u0130DROELEKTR\u0130K <\/strong><\/p>\n<p>&#8211; 2023 y\u0131l\u0131na kadar teknik ve ekonomik olarak de\u011ferlendirilebilecek hidroelektrik potansiyelimizin tamam\u0131n\u0131n elektrik enerjisi \u00fcretiminde kullan\u0131lmas\u0131 sa\u011flanacakt\u0131r.<a href=\"https:\/\/www.enerjigazetesi.ist\/wp-content\/uploads\/2016\/02\/enerji-yatirimlari-yakin-takip-altinda.jpg\"><img loading=\"lazy\" class=\"alignright size-medium wp-image-50879\" src=\"https:\/\/www.enerjigazetesi.ist\/wp-content\/uploads\/2016\/02\/enerji-yatirimlari-yakin-takip-altinda-300x235.jpg\" alt=\"enerji-yatirimlari\" width=\"300\" height=\"235\" srcset=\"https:\/\/www.enerjigazetesi.ist\/wp-content\/uploads\/2016\/02\/enerji-yatirimlari-yakin-takip-altinda-300x235.jpg 300w, https:\/\/www.enerjigazetesi.ist\/wp-content\/uploads\/2016\/02\/enerji-yatirimlari-yakin-takip-altinda-500x392.jpg 500w, https:\/\/www.enerjigazetesi.ist\/wp-content\/uploads\/2016\/02\/enerji-yatirimlari-yakin-takip-altinda-63x50.jpg 63w, https:\/\/www.enerjigazetesi.ist\/wp-content\/uploads\/2016\/02\/enerji-yatirimlari-yakin-takip-altinda.jpg 764w\" sizes=\"(max-width: 300px) 100vw, 300px\" \/><\/a><\/p>\n<p><strong>R\u00dcZGAR<\/strong><\/p>\n<p>&#8211; R\u00fczgar enerjisi kurulu g\u00fcc\u00fcn\u00fcn 2023 y\u0131l\u0131na kadar 20.000 MW\u2019a \u00e7\u0131kar\u0131lmas\u0131 hedeflenmektedir.<\/p>\n<p><strong>JEOTERMAL<\/strong><\/p>\n<p>&#8211; Elektrik enerjisi \u00fcretimi i\u00e7in uygun oldu\u011fu bu a\u015famada belirlenmi\u015f olan 600 MW\u2019l\u0131k jeotermal potansiyelimizin t\u00fcm\u00fcn\u00fcn 2023 y\u0131l\u0131na kadar i\u015fletmeye girmesi sa\u011flanacakt\u0131r.<\/p>\n<p><strong>G\u00dcNE\u015e<\/strong><\/p>\n<p>&#8211; Hedef, g\u00fcne\u015f enerjisinin elektrik \u00fcretimi i\u00e7in de kullan\u0131lmas\u0131 uygulamas\u0131n\u0131 yayg\u0131nla\u015ft\u0131rmak, \u00fclke potansiyelinin azami \u00f6l\u00e7\u00fcde de\u011ferlendirilmesini sa\u011flamakt\u0131r.<\/p>\n<p><strong>YEN\u0130LENEB\u0130L\u0130R ENERJ\u0130<\/strong><\/p>\n<p>&#8211; 2023 y\u0131l\u0131na kadar yenilenebilir enerji kaynaklar\u0131n\u0131n enerji arz\u0131 i\u00e7indeki pay\u0131n\u0131n y\u00fczde 30\u2019a \u00e7\u0131kar\u0131lacak.<\/p>\n<p><strong>DO\u011eALGAZ<\/strong><\/p>\n<p><strong>&#8211; Y<\/strong>erli ve yenilenebilir enerji kaynaklar\u0131n\u0131n kullan\u0131m\u0131 i\u00e7in al\u0131nacak tedbirler sonucunda, elektrik \u00fcretiminde do\u011fal gaz\u0131n pay\u0131n\u0131n %30\u2019un alt\u0131na d\u00fc\u015f\u00fcr\u00fclmesi hedeflenecektir<\/p>\n<p><strong>\u0130THAL K\u00d6M\u00dcR<\/strong><\/p>\n<p>&#8211; Elektrik enerjisi ihtiyac\u0131n\u0131n kar\u015f\u0131lanmas\u0131nda yerli ve yenilenebilir kaynaklar \u00f6ncelikli olup, bu kaynaklar\u0131n kullan\u0131m\u0131 konusundaki geli\u015fmeler ve arz g\u00fcvenli\u011fi dikkate al\u0131narak kaliteli ithal k\u00f6m\u00fcre dayal\u0131 santrallerden de yararlan\u0131lacakt\u0131r.<\/p>","protected":false},"excerpt":{"rendered":"<p>Sorry, this entry is only available in Turkish. For the sake of viewer convenience, the content is shown below in the alternative language. You may click the link to switch the active language.T\u00fcrkiye\u2019nin, D\u00fcnyan\u0131n en b\u00fcy\u00fck 10 ekonomisinden biri olmay\u0131 hedefledi\u011fi 2023 Vizyonu\u2019nu \u00e7er\u00e7evesinde enerji sekt\u00f6r\u00fc alan\u0131nda da \u00e7ok ciddi \u00e7al\u0131\u015fmalar ger\u00e7ekle\u015ftirilecektir. H\u0130DROELEKTR\u0130K &#8211; 2023 [&hellip;]<\/p>\n","protected":false},"author":1,"featured_media":50879,"comment_status":"open","ping_status":"open","sticky":false,"template":"","format":"standard","meta":[],"categories":[46,53,49,47,48,24649],"tags":[92,63,67,1009,2698,165,227,35370,1374,69,105],"views":4108,"_links":{"self":[{"href":"https:\/\/www.enerjigazetesi.ist\/en\/wp-json\/wp\/v2\/posts\/64574"}],"collection":[{"href":"https:\/\/www.enerjigazetesi.ist\/en\/wp-json\/wp\/v2\/posts"}],"about":[{"href":"https:\/\/www.enerjigazetesi.ist\/en\/wp-json\/wp\/v2\/types\/post"}],"author":[{"embeddable":true,"href":"https:\/\/www.enerjigazetesi.ist\/en\/wp-json\/wp\/v2\/users\/1"}],"replies":[{"embeddable":true,"href":"https:\/\/www.enerjigazetesi.ist\/en\/wp-json\/wp\/v2\/comments?post=64574"}],"version-history":[{"count":2,"href":"https:\/\/www.enerjigazetesi.ist\/en\/wp-json\/wp\/v2\/posts\/64574\/revisions"}],"predecessor-version":[{"id":64578,"href":"https:\/\/www.enerjigazetesi.ist\/en\/wp-json\/wp\/v2\/posts\/64574\/revisions\/64578"}],"wp:featuredmedia":[{"embeddable":true,"href":"https:\/\/www.enerjigazetesi.ist\/en\/wp-json\/wp\/v2\/media\/50879"}],"wp:attachment":[{"href":"https:\/\/www.enerjigazetesi.ist\/en\/wp-json\/wp\/v2\/media?parent=64574"}],"wp:term":[{"taxonomy":"category","embeddable":true,"href":"https:\/\/www.enerjigazetesi.ist\/en\/wp-json\/wp\/v2\/categories?post=64574"},{"taxonomy":"post_tag","embeddable":true,"href":"https:\/\/www.enerjigazetesi.ist\/en\/wp-json\/wp\/v2\/tags?post=64574"}],"curies":[{"name":"wp","href":"https:\/\/api.w.org\/{rel}","templated":true}]}}