{"id":64558,"date":"2017-05-30T17:25:26","date_gmt":"2017-05-30T14:25:26","guid":{"rendered":"https:\/\/www.enerjigazetesi.ist\/?p=64558"},"modified":"2017-05-30T17:25:26","modified_gmt":"2017-05-30T14:25:26","slug":"ab-destekli-climate-launchpad-yarismasi-yeniden-turkiyede","status":"publish","type":"post","link":"https:\/\/www.enerjigazetesi.ist\/en\/ab-destekli-climate-launchpad-yarismasi-yeniden-turkiyede\/","title":{"rendered":"(Turkish) AB Destekli Climate Launchpad Yar\u0131\u015fmas\u0131 Yeniden T\u00fcrkiye\u2019de!"},"content":{"rendered":"<p class=\"qtranxs-available-languages-message qtranxs-available-languages-message-en\">Sorry, this entry is only available in <a href=\"https:\/\/www.enerjigazetesi.ist\/tr\/wp-json\/wp\/v2\/posts\/64558\" class=\"qtranxs-available-language-link qtranxs-available-language-link-tr\" title=\"Turkish\">Turkish<\/a>. For the sake of viewer convenience, the content is shown below in the alternative language. You may click the link to switch the active language.<\/p><p><strong>Avrupa Birli\u011fi \u0130novasyon ve Teknoloji Enstit\u00fcs\u00fc taraf\u0131ndan organize edilen, d\u00fcnyan\u0131n en geni\u015f kat\u0131l\u0131ml\u0131 \u00e7evreci fikir yar\u0131\u015fmas\u0131 bu yil yeniden ClimateTurkey ekibi liderliginde T\u00fcrkiye&#8217;de! <\/strong><\/p>\n<p><strong>D\u00fcnya finalinde ilk 10\u2019a girecek i\u015f fikirleri 95.000 Avro yat\u0131r\u0131m f\u0131rsat\u0131 ve 18 aylik girisim kampina katilma hakki kazanacak. 33 ulkeyi kapsayan yar\u0131\u015fmaya son ba\u015fvuru tarihi ise 18 Haziran 2017.<\/strong><\/p>\n<p>Avrupa Birli\u011fi taraf\u0131ndan fonlanan, Avrupa Birli\u011fi \u0130novasyon ve Teknoloji Enstit\u00fcs\u00fc ve Horizon 2020 ile koordineli \u00e7al\u0131\u015fan Climate-KIC taraf\u0131ndan organize edilen ve d\u00fcnyada 2015 y\u0131l\u0131ndan bu yana d\u00fczenlenen Climate Launchpad Yar\u0131\u015fmas\u0131, <a href=\"https:\/\/www.enerjigazetesi.ist\/wp-content\/uploads\/2017\/05\/ab-destekli-climate-launchpad-yarismasi-yeniden-turkiyede.jpg\"><img loading=\"lazy\" class=\"alignleft size-medium wp-image-64559\" src=\"https:\/\/www.enerjigazetesi.ist\/wp-content\/uploads\/2017\/05\/ab-destekli-climate-launchpad-yarismasi-yeniden-turkiyede-300x199.jpg\" alt=\"ab-destekli-climate-launchpad-yarismasi-yeniden-turkiyede\" width=\"300\" height=\"199\" srcset=\"https:\/\/www.enerjigazetesi.ist\/wp-content\/uploads\/2017\/05\/ab-destekli-climate-launchpad-yarismasi-yeniden-turkiyede-300x199.jpg 300w, https:\/\/www.enerjigazetesi.ist\/wp-content\/uploads\/2017\/05\/ab-destekli-climate-launchpad-yarismasi-yeniden-turkiyede-500x332.jpg 500w, https:\/\/www.enerjigazetesi.ist\/wp-content\/uploads\/2017\/05\/ab-destekli-climate-launchpad-yarismasi-yeniden-turkiyede-75x50.jpg 75w, https:\/\/www.enerjigazetesi.ist\/wp-content\/uploads\/2017\/05\/ab-destekli-climate-launchpad-yarismasi-yeniden-turkiyede.jpg 850w\" sizes=\"(max-width: 300px) 100vw, 300px\" \/><\/a>d\u00f6rd\u00fcnc\u00fc y\u0131l\u0131nda kap\u0131lar\u0131n\u0131 yeniden T\u00fcrkiye\u2019yi temsil edecek i\u015f fikri ba\u015fvurular\u0131na da a\u00e7\u0131yor. D\u00fcnya finalinin kazananlar\u0131na 10.000 Euro,\u00a0 5.000 Avro ve 2.500 Avro nakit \u00f6d\u00fcl ve ayn\u0131 zamanda finalde ilk 10\u2019a giren t\u00fcm i\u015f fikirlerine, Climate KIC Accelerator Program\u0131\u2019na girerek 95.000 Avro yat\u0131r\u0131m f\u0131rsat\u0131na eri\u015fme imkan\u0131 sunuluyor. Avrupa Birli\u011fi taraf\u0131ndan toplamda 950.000 Avro fon ayr\u0131lan yar\u0131\u015fma, 33 ayr\u0131 \u00fclkeden giri\u015fimci kat\u0131l\u0131mc\u0131lar\u0131n bir araya geldi\u011fi ve bulu\u015ftu\u011fu bir platform olarak uluslararas\u0131 bir deneyim f\u0131rsat\u0131 olarak tan\u0131mlan\u0131yor.<\/p>\n<p>ClimateLaunchpad organizasyonunun T\u00fcrkiye aya\u011f\u0131n\u0131 ge\u00e7en seneden bu yana ClimateTurkey ekibi \u00fcstleniyor. Ge\u00e7en y\u0131l T\u00fcrkiye\u2019nin ilk kez kat\u0131lm\u0131\u015f oldu\u011fu ve Talin\u2019de 30 \u00fclkeden 90 i\u015f fikri sahibinin \u00fclkelerini temsil ederek yar\u0131\u015ft\u0131\u011f\u0131 finalde, T\u00fcrkiye finalisiti\u00a0 `Sponge` ekibi hem \u00a0`Seyirici \u00d6zel \u00d6d\u00fcl\u00fc hem de\u00a0 2.likle yurda d\u00f6nd\u00fc. Bu y\u0131l Sabanc\u0131 \u00dcniverisitesinden SuCool ile de i\u015fbirli\u011fi i\u00e7inde olan ClimateTurkey yeni ve \u00e7evreci i\u015f fikirlerini ar\u0131yor.<\/p>\n<p>\u00c7evreci i\u015f fikri olan ve giri\u015fimcili\u011fi benimseyen herkesin ba\u015fvurabilece\u011fi Climate Launchpad 2017\u2019nin s\u00fcreci \u015f\u00f6yle i\u015fliyor:<\/p>\n<p><strong>Ba\u015fvuru \u015fartlar\u0131:<\/strong><\/p>\n<p>&#8211; \u0130\u015f fikirleri \u00fczerinden mevcut kazanc\u0131n bulunmamas\u0131.<br \/>\n&#8211; Daha \u00f6nce i\u015f fikrine ba\u011fl\u0131 herhangi bir \u00fcr\u00fcn\/prototip ya da \u00e7\u00f6z\u00fcm\u00fcn ticari olarak kullan\u0131lmam\u0131\u015f olmas\u0131.<\/p>\n<p><strong>Yar\u0131\u015fma Takvimi: <\/strong><\/p>\n<p><strong>&#8211; 18 Haziran 2017\u00a0\u00a0\u00a0\u00a0 \u00a0\u00a0\u00a0\u00a0\u00a0\u00a0\u00a0\u00a0\u00a0\u00a0\u00a0 : <\/strong>T\u00fcrkiye\u2019den yap\u0131lacak ba\u015fvurular i\u00e7in son tarih.<br \/>\n<strong>&#8211; 8-9 Temmuz 2017\u00a0\u00a0\u00a0\u00a0\u00a0\u00a0\u00a0\u00a0\u00a0\u00a0\u00a0\u00a0\u00a0 : <\/strong>\u00d6n elemeyi ge\u00e7enlerin davet edilece\u011fi ve \u0130stanbul\u2019da giri\u015fimcilik ekosisteminin \u00f6nde gelen isimlerinin kat\u0131l\u0131m\u0131yla ger\u00e7ekle\u015ftirilecek Bootcamp \u00a0(E\u011fitim Kamp\u0131)<br \/>\n<strong>&#8211; 11 A\u011fustos 2017 \u00a0 \u00a0 \u00a0 \u00a0 \u00a0 \u00a0 \u00a0 :<\/strong> T\u00fcrkiye Finali, \u0130stanbul<br \/>\n<strong>&#8211; 18-19 Ekim 2017 \u00a0\u00a0\u00a0\u00a0\u00a0\u00a0\u00a0\u00a0\u00a0\u00a0\u00a0\u00a0\u00a0 : <\/strong>D\u00fcnya Finali \u2013 Limosal, G\u00fcney K\u0131br\u0131s Rum Y\u00f6netimi<\/p>\n<p>18 Haziran 2017\u2019ya dek <a href=\"https:\/\/u2236583.ct.sendgrid.net\/wf\/click?upn=1DuhyjgWMontC6OWatn1ADb3jzI4RxvLaSAtbRnmjE1Bo2YDtW8dEVFOdj-2FzXfYQ_0mkrih5E8dniOahSbEiC-2FPgrX5cwQYx6yTE3EWyHnwieOw83ERSUkhOmdTWQlnkEnxPcSqw5S8NzmtTwYBsyQIGzHNYVs77QWLSYWteOmEWK7-2BfOe-2Bspg6hsXwH-2F4NUx-2BrWOOSa84WhMnlV-2FlxlGyfxGG512nvyHzvTD-2FGSH6FgP-2Fr81cDzxZQa5HooRFdcZk6H1ZN33UXheLIKjBR65P8Jaiz-2BPdU-2BHlWD-2FIFzDnqO6VYdEb66cuwKnTfxT-2Bn9ebdX0UZmO9kwK2HiZTsr2og-3D-3D\">www.climateturkey.com<\/a> yada <a href=\"http:\/\/www.climatelaunchpad.org\">www.climatelaunchpad.org<\/a>\u00a0 adreslerinden\u00a0 ba\u015fvurmak m\u00fcmk\u00fcn.<\/p>","protected":false},"excerpt":{"rendered":"<p>Sorry, this entry is only available in Turkish. For the sake of viewer convenience, the content is shown below in the alternative language. You may click the link to switch the active language.Avrupa Birli\u011fi \u0130novasyon ve Teknoloji Enstit\u00fcs\u00fc taraf\u0131ndan organize edilen, d\u00fcnyan\u0131n en geni\u015f kat\u0131l\u0131ml\u0131 \u00e7evreci fikir yar\u0131\u015fmas\u0131 bu yil yeniden ClimateTurkey ekibi liderliginde T\u00fcrkiye&#8217;de! [&hellip;]<\/p>\n","protected":false},"author":1,"featured_media":64559,"comment_status":"open","ping_status":"open","sticky":false,"template":"","format":"standard","meta":[],"categories":[53],"tags":[34127,34126,63,67,1009,2698,165],"views":600,"_links":{"self":[{"href":"https:\/\/www.enerjigazetesi.ist\/en\/wp-json\/wp\/v2\/posts\/64558"}],"collection":[{"href":"https:\/\/www.enerjigazetesi.ist\/en\/wp-json\/wp\/v2\/posts"}],"about":[{"href":"https:\/\/www.enerjigazetesi.ist\/en\/wp-json\/wp\/v2\/types\/post"}],"author":[{"embeddable":true,"href":"https:\/\/www.enerjigazetesi.ist\/en\/wp-json\/wp\/v2\/users\/1"}],"replies":[{"embeddable":true,"href":"https:\/\/www.enerjigazetesi.ist\/en\/wp-json\/wp\/v2\/comments?post=64558"}],"version-history":[{"count":1,"href":"https:\/\/www.enerjigazetesi.ist\/en\/wp-json\/wp\/v2\/posts\/64558\/revisions"}],"predecessor-version":[{"id":64560,"href":"https:\/\/www.enerjigazetesi.ist\/en\/wp-json\/wp\/v2\/posts\/64558\/revisions\/64560"}],"wp:featuredmedia":[{"embeddable":true,"href":"https:\/\/www.enerjigazetesi.ist\/en\/wp-json\/wp\/v2\/media\/64559"}],"wp:attachment":[{"href":"https:\/\/www.enerjigazetesi.ist\/en\/wp-json\/wp\/v2\/media?parent=64558"}],"wp:term":[{"taxonomy":"category","embeddable":true,"href":"https:\/\/www.enerjigazetesi.ist\/en\/wp-json\/wp\/v2\/categories?post=64558"},{"taxonomy":"post_tag","embeddable":true,"href":"https:\/\/www.enerjigazetesi.ist\/en\/wp-json\/wp\/v2\/tags?post=64558"}],"curies":[{"name":"wp","href":"https:\/\/api.w.org\/{rel}","templated":true}]}}