{"id":64553,"date":"2017-05-30T15:15:58","date_gmt":"2017-05-30T12:15:58","guid":{"rendered":"https:\/\/www.enerjigazetesi.ist\/?p=64553"},"modified":"2017-05-30T15:15:58","modified_gmt":"2017-05-30T12:15:58","slug":"enerjisa-serbestlesmenin-onemine-dikkat-cekti","status":"publish","type":"post","link":"https:\/\/www.enerjigazetesi.ist\/en\/enerjisa-serbestlesmenin-onemine-dikkat-cekti\/","title":{"rendered":"(Turkish) Enerjisa Serbestle\u015fmenin \u00d6nemine Dikkat \u00c7ekti"},"content":{"rendered":"<p class=\"qtranxs-available-languages-message qtranxs-available-languages-message-en\">Sorry, this entry is only available in <a href=\"https:\/\/www.enerjigazetesi.ist\/tr\/wp-json\/wp\/v2\/posts\/64553\" class=\"qtranxs-available-language-link qtranxs-available-language-link-tr\" title=\"Turkish\">Turkish<\/a>. For the sake of viewer convenience, the content is shown below in the alternative language. You may click the link to switch the active language.<\/p><p><strong>Enerji ve Tabii Kaynaklar Bakanl\u0131\u011f\u0131 himayesi, EPDK\u2019n\u0131n destekleriyle d\u00fczenlenen 2. Enerji Ticareti ve Tedari\u011fi Zirvesi (Istrade 2017) 25-26 May\u0131s tarihlerinde \u0130stanbul\u2019da ger\u00e7ekle\u015ftirildi. Zirvenin a\u00e7\u0131l\u0131\u015f konu\u015fmas\u0131nda sekt\u00f6r\u00fc de\u011ferlendiren Enerjisa CEO\u2019su K\u0131van\u00e7 Zaimler <\/strong><strong>EPDK&#8217;n\u0131n oyun kuruculu\u011funda, son 15 y\u0131lda enerji politikas\u0131nda \u00e7ok g\u00fczel \u015feyler yap\u0131ld\u0131\u011f\u0131n\u0131, T\u00fcrkiye piyasalar\u0131n\u0131n bu anlamda do\u011fru istikamette gitti\u011fini ifade etti.<\/strong><\/p>\n<p>2. Enerji Ticareti ve Tedari\u011fi Zirvesi&#8217;nin (Istr<img loading=\"lazy\" class=\"alignleft size-medium wp-image-64554\" src=\"https:\/\/www.enerjigazetesi.ist\/wp-content\/uploads\/2017\/05\/enerjisa-serbestlesmenin-onemine-dikkat-cekti-300x200.jpg\" alt=\"enerjisa-serbestlesmenin-onemine-dikkat-cekti\" width=\"300\" height=\"200\" srcset=\"https:\/\/www.enerjigazetesi.ist\/wp-content\/uploads\/2017\/05\/enerjisa-serbestlesmenin-onemine-dikkat-cekti-300x200.jpg 300w, https:\/\/www.enerjigazetesi.ist\/wp-content\/uploads\/2017\/05\/enerjisa-serbestlesmenin-onemine-dikkat-cekti-500x333.jpg 500w, https:\/\/www.enerjigazetesi.ist\/wp-content\/uploads\/2017\/05\/enerjisa-serbestlesmenin-onemine-dikkat-cekti-75x50.jpg 75w, https:\/\/www.enerjigazetesi.ist\/wp-content\/uploads\/2017\/05\/enerjisa-serbestlesmenin-onemine-dikkat-cekti.jpg 900w\" sizes=\"(max-width: 300px) 100vw, 300px\" \/>ade 2017) a\u00e7\u0131l\u0131\u015f\u0131nda konu\u015fan <strong>Enerjisa CEO\u2019su K\u0131van\u00e7 Zaimler<\/strong>, Enerji Piyasas\u0131 D\u00fczenleme Kurumunun (EPDK) oyun kuruculu\u011funda son 15 y\u0131lda enerji politikas\u0131nda g\u00fczel \u015feyler yap\u0131ld\u0131\u011f\u0131n\u0131 belirterek, T\u00fcrkiye piyasalar\u0131n\u0131n bu anlamda do\u011fru istikamette ilerledi\u011fini s\u00f6yledi. T\u00fcrkiye\u2019de sanayi kurulu\u015flar\u0131n\u0131n Avrupa\u2019daki en ucuz elektri\u011fi kulland\u0131\u011f\u0131n\u0131 ifade eden Zaimler \u201c\u0130hracat yap\u0131yor ancak \u00f6yle bir fiyat mekanizmam\u0131z var ki verimlili\u011fimizi etkilemiyor. Hatta sanayi kurulu\u015fundan \u00f6te benim evimde bile enerji verimlili\u011fini te\u015fvik eden bir mekanizma olmas\u0131 gerekiyor. Ancak ben bu konuda do\u011fru yolda oldu\u011fumuza inan\u0131yorum, yalpalayarak y\u00fcr\u00fcyece\u011fiz ancak sonra da tecr\u00fcbe ve ders alarak daha iyiye gidece\u011fiz\u201d dedi.<\/p>\n<p><strong>SERBESTLE\u015eME SEKT\u00d6RE \u0130Y\u0130 GELECEK<\/strong><\/p>\n<p>Zaimler, sekt\u00f6re ve t\u00fcm payda\u015flara yarar\u0131 olan yeni vizyonlar\u0131n ortaya konulmas\u0131n\u0131n \u00f6nemli oldu\u011funu ifade etti. Enerji sekt\u00f6r\u00fcnde serbestle\u015fmenin \u00f6nemine dikkat \u00e7eken Zaimler, \u00f6ncelikle t\u00fcm halkalar\u0131yla, \u00fcretimiyle, ticaretiyle, sat\u0131\u015f\u0131yla, da\u011f\u0131t\u0131m\u0131yla b\u00fct\u00fcn dinamikleriyle tamamen serbestle\u015fmi\u015f bir pazara ihtiya\u00e7 duyduklar\u0131n\u0131 belirterek serbestle\u015fme ile birlikte sekt\u00f6r payda\u015flar\u0131n\u0131n do\u011fru yere gelece\u011fini ve t\u00fcm t\u00fcketiciler ve ekonominin lehine bir yap\u0131ya daha fazla i\u015flerlik kazand\u0131r\u0131labilece\u011fini ifade etti. Zaimler, \u00a0Enerjisa olarak serbestle\u015fmeyi \u00fc\u00e7 temel kriter alt\u0131nda i\u015flediklerini ve \u00e7al\u0131\u015fmalar\u0131n\u0131 bu y\u00f6nde y\u00fcr\u00fctt\u00fcklerini belirtti.<\/p>\n<p>\u0130lk olarak; ko\u015fullar\u0131n belirlenen s\u00fcreler i\u00e7erisinde de\u011fi\u015fmedi\u011fi ve analiz yap\u0131lacak verilere her piyasa kat\u0131l\u0131mc\u0131s\u0131n\u0131n e\u015fit \u015fartlarda ula\u015fabilece\u011fi bir piyasa yap\u0131s\u0131yla sa\u011flanan \u201c\u00f6ng\u00f6r\u00fclebilirlik\u201d konusuna de\u011finen Zaimler, bunun alt\u0131nda \u015eeffafl\u0131k ve piyasan\u0131n izlenebilirli\u011fi ile mevzuatlar\u0131n uyumlulu\u011fu ve kamunun d\u00fczenleyici rol\u00fcn\u00fcn iki kritik nokta oldu\u011funu belirtti.<\/p>\n<p>K\u0131van\u00e7 Zaimler, ikinci olarak, al\u0131c\u0131lar\u0131n ve sat\u0131c\u0131lar\u0131n piyasa fiyat\u0131n\u0131 etkileyemeyecek kadar \u00e7ok say\u0131da ve fiyat\u0131 etkileyemeyecek kadar s\u0131n\u0131rl\u0131 g\u00fcce sahip oldu\u011fu bir piyasa yap\u0131s\u0131yla tesis edilen \u201crekabet\u00e7ilik\u201d anlay\u0131\u015f\u0131 oldu\u011funu belirtti. Maliyetlerin do\u011frudan yans\u0131t\u0131labildi\u011fi, arz ve talebi do\u011fru yans\u0131tan Sa\u011fl\u0131kl\u0131 Fiyat Olu\u015fumu i\u00e7in kademeli de olsa tarifelerin kald\u0131r\u0131lmas\u0131n\u0131n \u00f6neminden bahsetti.<\/p>\n<p>Son olarak da al\u0131c\u0131lar\u0131n belirli zorunluluklara maruz b\u0131rak\u0131lmad\u0131\u011f\u0131 ve t\u00fcketicilerin tedarik\u00e7ilerini se\u00e7ebilme ya da \u00e7e\u015fitlendirebilme imkan\u0131n\u0131n oldu\u011fu bir piyasa yap\u0131s\u0131yla ula\u015f\u0131lan \u201cse\u00e7me \u00f6zg\u00fcrl\u00fc\u011f\u00fc\u201d oldu\u011funu belirtti.<\/p>\n<p><strong>L\u0130K\u0130T B\u0130R VADEL\u0130 ELEKTR\u0130K P\u0130YASASI, R\u0130SK Y\u00d6NET\u0130M\u0130 \u0130\u00c7\u0130N EN TEMEL GEREKS\u0130N\u0130M<\/strong><\/p>\n<p>Zirvenin ikinci g\u00fcn\u00fc panelde konu\u015fma yapan <strong>Enerjisa Strateji ve Optimizasyon \u0130\u015f Birimi Ba\u015fkan\u0131 Arman\u00e7 Ekinci<\/strong> de serbestle\u015fmenin \u00f6nemine de\u011finerek Bakanl\u0131\u011f\u0131m\u0131z\u0131n ve EPDK\u2019n\u0131n ataca\u011f\u0131 \u00f6nc\u00fc ad\u0131mlarla aktif enerji tarifesinin kald\u0131r\u0131larak serbest piyasay\u0131 te\u015fvik edecek bir son kaynak tedarik tarifesinin d\u00fczenlendi\u011fi, serbest t\u00fcketici limitinin s\u0131f\u0131rland\u0131\u011f\u0131, elektrikte emreamadelik, esneklik ve yak\u0131t maliyetini i\u00e7eren serbest bir fiyatlama mekanizmas\u0131n\u0131n uygulanabildi\u011fi, do\u011falgazda maliyet bazl\u0131 fiyatland\u0131rman\u0131n yap\u0131larak do\u011falgaz santrallerine y\u0131l i\u00e7erisinde ikincil tedarik\u00e7i ekleme hakk\u0131n\u0131n getirildi\u011fi, m\u00fc\u015fteri memnuniyetinin, kalite beklentisinin \u00fcst d\u00fczeye ta\u015f\u0131nd\u0131\u011f\u0131 bir yap\u0131 i\u00e7erisinde olmay\u0131 arzu ettiklerini belirtti. 2016\u2019n\u0131n do\u011falgaz k\u0131s\u0131nt\u0131lar\u0131yla ge\u00e7en zorlu k\u0131\u015f\u0131 ve 2017 y\u0131l\u0131n\u0131n y\u00fcksek belirsizlik ortam\u0131n\u0131n sebep oldu\u011fu likidite daralmas\u0131 ile ticaret piyasas\u0131n\u0131n zorlu bir d\u00f6nemden ge\u00e7mekte oldu\u011funa de\u011finen Ekinci, mevzuatlarda yap\u0131lan h\u0131zl\u0131 de\u011fi\u015fikliklerin, tarife belirsizli\u011fi ve tarife bask\u0131s\u0131n\u0131n, BOTA\u015e, E\u00dcA\u015e ve TETA\u015e gibi piyasay\u0131 domine eden kamu akt\u00f6rlerinin piyasa etkile\u015fim kurallar\u0131n\u0131n net bir \u015fekilde belirlenmemi\u015f olmas\u0131n\u0131n \u00f6ng\u00f6r\u00fclebilirli\u011fin iyice azalmas\u0131na sebep oldu\u011funu s\u00f6yledi. Arman\u00e7 Ekinci b\u00f6ylesi bir d\u00f6nemde hem kamu uhdesindeki \u00fcretim ve ticaret \u015firketlerinin hem de \u00f6zel sekt\u00f6r\u00fcn OTC ve ikili anla\u015fmalar piyasalar\u0131n\u0131 desteklemelerinin b\u00fcy\u00fck \u00f6nem ta\u015f\u0131d\u0131\u011f\u0131n\u0131 ve vadeli elektrik ticaretinin olmad\u0131\u011f\u0131 bir d\u00fcnyada ne \u00fcreticiler, ne perakendeciler ne de t\u00fcketicilerin gelir ve risk y\u00f6netimlerini yapabileceklerini belirtti.<\/p>","protected":false},"excerpt":{"rendered":"<p>Sorry, this entry is only available in Turkish. For the sake of viewer convenience, the content is shown below in the alternative language. You may click the link to switch the active language.Enerji ve Tabii Kaynaklar Bakanl\u0131\u011f\u0131 himayesi, EPDK\u2019n\u0131n destekleriyle d\u00fczenlenen 2. Enerji Ticareti ve Tedari\u011fi Zirvesi (Istrade 2017) 25-26 May\u0131s tarihlerinde \u0130stanbul\u2019da ger\u00e7ekle\u015ftirildi. Zirvenin [&hellip;]<\/p>\n","protected":false},"author":1,"featured_media":64554,"comment_status":"open","ping_status":"open","sticky":false,"template":"","format":"standard","meta":[],"categories":[53],"tags":[34124,63,67,1009,2698,165,422,34022,21689],"views":1436,"_links":{"self":[{"href":"https:\/\/www.enerjigazetesi.ist\/en\/wp-json\/wp\/v2\/posts\/64553"}],"collection":[{"href":"https:\/\/www.enerjigazetesi.ist\/en\/wp-json\/wp\/v2\/posts"}],"about":[{"href":"https:\/\/www.enerjigazetesi.ist\/en\/wp-json\/wp\/v2\/types\/post"}],"author":[{"embeddable":true,"href":"https:\/\/www.enerjigazetesi.ist\/en\/wp-json\/wp\/v2\/users\/1"}],"replies":[{"embeddable":true,"href":"https:\/\/www.enerjigazetesi.ist\/en\/wp-json\/wp\/v2\/comments?post=64553"}],"version-history":[{"count":1,"href":"https:\/\/www.enerjigazetesi.ist\/en\/wp-json\/wp\/v2\/posts\/64553\/revisions"}],"predecessor-version":[{"id":64555,"href":"https:\/\/www.enerjigazetesi.ist\/en\/wp-json\/wp\/v2\/posts\/64553\/revisions\/64555"}],"wp:featuredmedia":[{"embeddable":true,"href":"https:\/\/www.enerjigazetesi.ist\/en\/wp-json\/wp\/v2\/media\/64554"}],"wp:attachment":[{"href":"https:\/\/www.enerjigazetesi.ist\/en\/wp-json\/wp\/v2\/media?parent=64553"}],"wp:term":[{"taxonomy":"category","embeddable":true,"href":"https:\/\/www.enerjigazetesi.ist\/en\/wp-json\/wp\/v2\/categories?post=64553"},{"taxonomy":"post_tag","embeddable":true,"href":"https:\/\/www.enerjigazetesi.ist\/en\/wp-json\/wp\/v2\/tags?post=64553"}],"curies":[{"name":"wp","href":"https:\/\/api.w.org\/{rel}","templated":true}]}}