{"id":64533,"date":"2017-05-30T10:58:19","date_gmt":"2017-05-30T07:58:19","guid":{"rendered":"https:\/\/www.enerjigazetesi.ist\/?p=64533"},"modified":"2017-05-30T10:58:19","modified_gmt":"2017-05-30T07:58:19","slug":"profilodan-dunya-cevre-gunune-ozel-anlamli-bir-arastirma","status":"publish","type":"post","link":"https:\/\/www.enerjigazetesi.ist\/en\/profilodan-dunya-cevre-gunune-ozel-anlamli-bir-arastirma\/","title":{"rendered":"(Turkish) Profilo\u2019dan D\u00fcnya \u00c7evre G\u00fcn\u00fc\u2019ne \u00d6zel Anlaml\u0131 Bir Ara\u015ft\u0131rma"},"content":{"rendered":"<p class=\"qtranxs-available-languages-message qtranxs-available-languages-message-en\">Sorry, this entry is only available in <a href=\"https:\/\/www.enerjigazetesi.ist\/tr\/wp-json\/wp\/v2\/posts\/64533\" class=\"qtranxs-available-language-link qtranxs-available-language-link-tr\" title=\"Turkish\">Turkish<\/a>. For the sake of viewer convenience, the content is shown below in the alternative language. You may click the link to switch the active language.<\/p><p><strong>Profilo, 5 Haziran D\u00fcnya \u00c7evre G\u00fcn\u00fc\u2019nde su ve enerji tasarrufu ile do\u011fal kaynaklar\u0131n korunmas\u0131n\u0131n \u00f6nemine bir kez daha dikkat \u00e7ekti. Ger\u00e7ekle\u015ftirdi\u011fi bir ara\u015ft\u0131rma ile T\u00fcrkiye\u2019deki ev kad\u0131nlar\u0131n\u0131n tasarruf al\u0131\u015fkanl\u0131klar\u0131n\u0131n haritas\u0131n\u0131 \u00e7\u0131karan Profilo, tasarruf bilinci ve kaynaklar\u0131n verimli kullan\u0131m\u0131 ile ayl\u0131k enerji faturalar\u0131nda ortalama 100 TL bir d\u00fc\u015f\u00fc\u015f sa\u011flanabilece\u011fini ortaya koydu.<\/strong><\/p>\n<p>G\u00fcn\u00fcm\u00fczde do\u011fal kaynaklar\u0131n h\u0131zla t\u00fckeniyor olmas\u0131 ile \u00e7alan tehlike \u00e7anlar\u0131, tasarruf kavram\u0131n\u0131n \u00f6nem<a href=\"https:\/\/www.enerjigazetesi.ist\/wp-content\/uploads\/2017\/05\/profilodan-dunya-cevre-gunune-ozel-anlamli-bir-arastirma.jpg\"><img loading=\"lazy\" class=\"alignright size-medium wp-image-64534\" src=\"https:\/\/www.enerjigazetesi.ist\/wp-content\/uploads\/2017\/05\/profilodan-dunya-cevre-gunune-ozel-anlamli-bir-arastirma-300x166.jpg\" alt=\"profilodan-dunya-cevre-gunune-ozel-anlamli-bir-arastirma\" width=\"300\" height=\"166\" srcset=\"https:\/\/www.enerjigazetesi.ist\/wp-content\/uploads\/2017\/05\/profilodan-dunya-cevre-gunune-ozel-anlamli-bir-arastirma-300x166.jpg 300w, https:\/\/www.enerjigazetesi.ist\/wp-content\/uploads\/2017\/05\/profilodan-dunya-cevre-gunune-ozel-anlamli-bir-arastirma-500x277.jpg 500w, https:\/\/www.enerjigazetesi.ist\/wp-content\/uploads\/2017\/05\/profilodan-dunya-cevre-gunune-ozel-anlamli-bir-arastirma-80x44.jpg 80w, https:\/\/www.enerjigazetesi.ist\/wp-content\/uploads\/2017\/05\/profilodan-dunya-cevre-gunune-ozel-anlamli-bir-arastirma.jpg 562w\" sizes=\"(max-width: 300px) 100vw, 300px\" \/><\/a>ini bir kez daha g\u00fcndeme getiriyor. Uzun y\u0131llard\u0131r tasarruf konusundaki bilin\u00e7lendirme \u00e7al\u0131\u015fmalar\u0131 ile \u00f6ne \u00e7\u0131kan Profilo Dayan\u0131kl\u0131 Ev Aletleri de D\u00fcnya \u00c7evre G\u00fcn\u00fc\u2019ne \u00f6zel olarak yay\u0131nlad\u0131\u011f\u0131 ara\u015ft\u0131rma raporu ile \u00e7arp\u0131c\u0131 sonu\u00e7lar ortaya \u00e7\u0131kard\u0131.<\/p>\n<p>Profilo\u2019nun 2010 y\u0131l\u0131nda ba\u015flatt\u0131\u011f\u0131, kad\u0131nlara enerji tasarrufunun \u00f6nemini ve evdeki tasarruf y\u00f6ntemlerini aktard\u0131\u011f\u0131 T\u00fcrkiye Enerjisini Topluyor (TET) Projesi\u2019nin somut sonu\u00e7lar\u0131n\u0131 da ortaya koyan ara\u015ft\u0131rma, GFK i\u015f birli\u011fi ile ger\u00e7ekle\u015ftirildi.<\/p>\n<p>Bilgisayar destekli telefon g\u00f6r\u00fc\u015fmeleri ile 18-25 ya\u015f aral\u0131\u011f\u0131nda, T\u00fcrkiye\u2019nin her b\u00f6lgesinden 721 kad\u0131n ve 245 TET e\u011fitimlerini tamamlam\u0131\u015f kad\u0131n ile yap\u0131lan ara\u015ft\u0131rma, proje kapsam\u0131nda e\u011fitim alan kad\u0131nlar\u0131n enerji faturalar\u0131nda \u00f6nemli bir d\u00fc\u015f\u00fc\u015f oldu\u011funu ortaya koydu ve tasarrufun \u00f6nemine dikkat \u00e7ekti.<\/p>\n<p><strong>KI\u015e AYLARINDA ORTALAMA 375 TL OLAN ENERJ\u0130 FATURASI E\u011e\u0130T\u0130MLE 286 TL\u2019YE D\u00dc\u015eT\u00dc<\/strong><\/p>\n<p>Alt\u0131 y\u0131l s\u00fcren TET Projesi ve D\u00fcnya \u00c7evre G\u00fcn\u00fc ilgili olarak Profilo Pazarlama M\u00fcd\u00fcr\u00fc Burcu Se\u00e7kin \u201cT\u00fcrkiye Enerjisini Topluyor Projesi ile kad\u0131nlara evlerinde nas\u0131l tasarruf yapabileceklerini anlatmak \u00fczere e\u011fitimler verdik. D\u00fcnya \u00c7evre G\u00fcn\u00fc\u2019ne \u00f6zel yay\u0131nlad\u0131\u011f\u0131m\u0131z bu de\u011ferli ara\u015ft\u0131rmada da projenin olumlu sonu\u00e7lar\u0131 ile kar\u015f\u0131la\u015fmak bizi son derece mutlu etti. Ara\u015ft\u0131rma sayesinde T\u00fcrkiye\u2019deki ev kad\u0131nlar\u0131n\u0131n tasarruf al\u0131\u015fkanl\u0131klar\u0131 haritas\u0131n\u0131 \u00e7\u0131kard\u0131k ve bu sayede TET e\u011fitimlerinin de ne \u00f6l\u00e7\u00fcde faydal\u0131 oldu\u011funu g\u00f6rd\u00fck. Bunun en somut \u00f6rne\u011fi de ara\u015ft\u0131rma sonu\u00e7lar\u0131na g\u00f6re, T\u00fcrkiye genelinin k\u0131\u015f aylar\u0131nda ortalama 375 TL elektrik, su ve do\u011fal gaz faturas\u0131 \u00f6demesine kar\u015f\u0131n TET Projesi kapsam\u0131nda e\u011fitim alan kad\u0131nlar\u0131n ayl\u0131k ortalama enerji faturas\u0131n\u0131n ortalama 286 TL olmas\u0131.\u201d dedi.<\/p>\n<p>Ara\u015ft\u0131rmada b\u00f6lge k\u0131r\u0131l\u0131mlar\u0131na bak\u0131ld\u0131\u011f\u0131nda ise Marmara B\u00f6lgesi\u2019nin ortalama 413 TL ile en y\u00fcksek, Karadeniz ve G\u00fcneydo\u011fu Anadolu\u2019nun ise ortalama 306 TL ile en d\u00fc\u015f\u00fck enerji faturas\u0131 \u00f6deyen b\u00f6lgeler oldu\u011fu ortaya \u00e7\u0131kt\u0131.<\/p>\n<p><strong>TET E\u011e\u0130T\u0130M\u0130 ALAN KADINLAR \u00c7AMA\u015eIRLARINI B\u0130R\u0130KT\u0130RD\u0130K\u00c7E YIKIYOR<\/strong><\/p>\n<p>T\u00fcrkiye\u2019de ev kad\u0131nlar\u0131n\u0131n \u00e7ama\u015f\u0131r y\u0131kama s\u0131kl\u0131\u011f\u0131na bak\u0131ld\u0131\u011f\u0131nda y\u00fczde 88\u2019inin haftada ortalama 3-4 kez \u00e7ama\u015f\u0131r y\u0131kad\u0131\u011f\u0131 g\u00f6r\u00fcl\u00fcyor. Buna kar\u015f\u0131l\u0131k TET e\u011fitimi sonras\u0131 tasarruf bilinci kazanan kad\u0131nlar\u0131n \u00e7ama\u015f\u0131rlar\u0131n\u0131 biriktirerek y\u0131kad\u0131\u011f\u0131 ve y\u00fczde 92\u2019sinin haftada ortalama 3,1 kez \u00e7ama\u015f\u0131r y\u0131kayarak tasarruf yapmay\u0131 al\u0131\u015fkanl\u0131klar\u0131 aras\u0131na katt\u0131\u011f\u0131 g\u00f6r\u00fcn\u00fcyor.<\/p>\n<p>Buna ek olarak ara\u015ft\u0131rmaya kat\u0131lan ev kad\u0131nlar\u0131n\u0131n yakla\u015f\u0131k yar\u0131s\u0131, \u00e7ama\u015f\u0131r makinelerini maksimum yar\u0131s\u0131na kadar doldururken, Profilo e\u011fitimine kat\u0131lan kad\u0131nlar\u0131n y\u00fczde 76\u2019s\u0131n\u0131n \u00e7ama\u015f\u0131r makinelerinin y\u00fckleme kapasitesini tam olarak doldurdu\u011fu g\u00f6r\u00fcn\u00fcyor.<\/p>\n<p>Uzmanlar, 8 kg\u2019l\u0131k bir \u00e7ama\u015f\u0131r makinesinin tek seferde 56 litre su harcad\u0131\u011f\u0131n\u0131 ve makinenin haftada 1 kere bile az \u00e7al\u0131\u015ft\u0131r\u0131lmas\u0131n\u0131n y\u0131lda 3 ton su tasarrufunu beraberinde getirece\u011fine dikkat \u00e7ekiyor.<\/p>\n<p><strong>EV KADINLARI BEYAZLARINI ORTALAMA 60 DERECEDE, RENKL\u0130LER\u0130N\u0130 40 DERECEDE YIKIYOR<\/strong><\/p>\n<p>Ara\u015ft\u0131rmada dikkat \u00e7eken bir di\u011fer veri de ev kad\u0131nlar\u0131n\u0131n yar\u0131s\u0131n\u0131n daha \u00e7ok hijyen sa\u011flayabilmek i\u00e7in y\u00fcksek \u0131s\u0131da \u00e7ama\u015f\u0131r ve bula\u015f\u0131k y\u0131k\u0131yor olmas\u0131. T\u00fcrkiye genelinde ev kad\u0131nlar\u0131 beyazlar\u0131n\u0131 ortalama 60 derecede, renklilerini ise 40 derecede y\u0131karken, \u00f6zellikle Karadeniz ve Do\u011fu Anadolu b\u00f6lgelerinde beyazlar\u0131 y\u0131kama derecesinin ortalama 70 dereceye kadar \u00e7\u0131kt\u0131\u011f\u0131 g\u00f6r\u00fcl\u00fcyor.<\/p>\n<p>Ara\u015ft\u0131rmaya g\u00f6re, ev kad\u0131nlar\u0131n\u0131n y\u00fczde 36\u2019s\u0131 beyaz e\u015fya al\u0131rken en \u00e7ok enerji verimlili\u011fini dikkate al\u0131rken, TET Projesi ile e\u011fitim alm\u0131\u015f kad\u0131nlar\u0131n bu konuda daha bilin\u00e7li oldu\u011fu ve y\u00fczde 82\u2019sinin A s\u0131n\u0131f\u0131 ve \u00fczeri bir \u00fcr\u00fcn kulland\u0131\u011f\u0131 g\u00f6r\u00fcl\u00fcyor.<\/p>\n<p><strong>BUZDOLABI RAFLARINA \u00d6RT\u00dcLEN \u00d6RT\u00dcLER FATURALARI Y\u00dcKSELT\u0130YOR<\/strong><\/p>\n<p>Ev kad\u0131nlar\u0131n\u0131n sadece y\u00fczde 22\u2019si, evinde en \u00e7ok elektrik t\u00fcketen cihaz\u0131n buzdolab\u0131 oldu\u011funu biliyor. Profilo e\u011fitimini alan kad\u0131nlarda ise bu oran y\u00fczde 34\u2019e \u00e7\u0131k\u0131yor.<\/p>\n<p>Ara\u015ft\u0131rma s\u0131ras\u0131nda ortaya \u00e7\u0131kan enteresan verilerden biri de kad\u0131nlar\u0131n %22\u2019sinin buzdolaplar\u0131n\u0131n raflar\u0131na \u00f6rt\u00fc sermesi. Bu al\u0131\u015fkanl\u0131k, Do\u011fu Anadolu b\u00f6lgesinde daha yayg\u0131n g\u00f6r\u00fcl\u00fcrken, 18-24 ya\u015f aras\u0131 ev kad\u0131nlar\u0131nda bu oran y\u00fczde 43\u2019e kadar \u00e7\u0131k\u0131yor. Bu da en \u00e7ok elektrik t\u00fcketen beyaz e\u015fya olan buzdolab\u0131na daha fazla enerji t\u00fckettiriyor, faturay\u0131 art\u0131r\u0131yor.<\/p>\n<p>Buzdolab\u0131n\u0131n kolay \u0131s\u0131 al\u0131\u015fveri\u015fi yapabilmesi i\u00e7in duvar ile aras\u0131nda en az 10 cm mesafe olmas\u0131 gerekiyor oysa ki yap\u0131lan ara\u015ft\u0131rmada kad\u0131nlar\u0131n sadece y\u00fczde 17\u2019sinin bu kural\u0131 uygulad\u0131\u011f\u0131 g\u00f6r\u00fcl\u00fcyor. Profilo TET e\u011fitimini alm\u0131\u015f kad\u0131nlar\u0131n ise y\u00fczde 90\u2019\u0131n\u0131n buzdolaplar\u0131n\u0131, duvardan bir kar\u0131\u015f mesafe uza\u011fa yerle\u015ftirerek do\u011fru uygulamay\u0131 yapt\u0131\u011f\u0131 g\u00f6r\u00fcl\u00fcyor.<\/p>\n<p><strong>ELDE YIKAYIP MAK\u0130NEYE KOYUYORUZ<\/strong><\/p>\n<p>Ev kad\u0131nlar\u0131n\u0131n y\u00fczde 89\u2019unun bula\u015f\u0131klar\u0131 \u00f6nce elde y\u0131kay\u0131p sonra makineye koymas\u0131 da ara\u015ft\u0131rman\u0131n \u00f6nemli sonu\u00e7lar\u0131 aras\u0131nda yer al\u0131yor. T\u00fcrkiye\u2019deki ev kad\u0131nlar\u0131n\u0131n y\u00fczde 81\u2019i bula\u015f\u0131k makinesinin elde y\u0131kamaya g\u00f6re daha az enerji t\u00fcketti\u011fini, y\u00fczde 91\u2019inin de daha az su t\u00fcketti\u011fini bilmedi\u011fi g\u00f6r\u00fcl\u00fcyor. Bu konuda bilin\u00e7 d\u00fczeyinin en d\u00fc\u015f\u00fck oldu\u011fu ya\u015f grubu ise 45 ya\u015f \u00fczeri.<\/p>\n<p>TET e\u011fitimi alm\u0131\u015f kad\u0131nlar\u0131n ise bu konuda daha bilin\u00e7li davrand\u0131\u011f\u0131 ve bula\u015f\u0131klar\u0131 elde y\u0131kay\u0131p makineye yerle\u015ftirme oran\u0131n\u0131n y\u00fczde 77\u2019de kald\u0131\u011f\u0131 g\u00f6r\u00fcl\u00fcyor.<\/p>\n<p><strong>S\u0130FONDA SU TASARRUFUNA PET \u015e\u0130\u015eEL\u0130 \u00c7\u00d6Z\u00dcM<\/strong><\/p>\n<p>Ara\u015ft\u0131rma kapsam\u0131nda ev kad\u0131nlar\u0131n\u0131n yar\u0131s\u0131n\u0131n sifona 1,5 litrelik su \u015fi\u015fesi koydu\u011fu ve su tasarrufunu bu \u015fekilde sa\u011flad\u0131\u011f\u0131 dikkat \u00e7ekiyor. Bu ilgin\u00e7 \u00e7\u00f6z\u00fcm\u00fc 18-24 ya\u015f aras\u0131 ev kad\u0131nlar\u0131n\u0131n y\u00fczde 60\u2019\u0131 uygularken, TET e\u011fitimi alan kad\u0131nlarda bu oran y\u00fczde 63\u2019e \u00e7\u0131k\u0131yor.<\/p>\n<p><strong>KULLANACA\u011eINIZ KADAR SU DOLDURUN<\/strong><\/p>\n<p>G\u00fcnl\u00fck ev i\u015fleri s\u0131ras\u0131nda en s\u0131k kullan\u0131lan k\u00fc\u00e7\u00fck ev aletlerinden biri olan elektrikli su \u0131s\u0131t\u0131c\u0131lar ile ilgili sonu\u00e7lar da ilgin\u00e7. Enerji tasarrufu i\u00e7in elektrikli su \u0131s\u0131t\u0131c\u0131lar\u0131na ihtiya\u00e7 duyulan, kullan\u0131lacak kadar su doldurulmas\u0131 gerekirken, ev kad\u0131nlar\u0131n\u0131n yar\u0131s\u0131ndan fazlas\u0131 (y\u00fczde 57) elektrikli su \u0131s\u0131t\u0131c\u0131lar\u0131n\u0131n en az \u00fc\u00e7te birini su ile dolduruyor.<\/p>\n<p><strong>\u00c7EVRE DOSTU PROF\u0130LO<\/strong><\/p>\n<p>Hem \u00e7evrenin korunmas\u0131na hem de aile b\u00fct\u00e7esine destek sa\u011flayan Profilo, \u00fcretimden sat\u0131\u015f sonras\u0131na kadar ge\u00e7en t\u00fcm s\u00fcre\u00e7te \u00e7evre dostu olma konusuna b\u00fcy\u00fck \u00f6nem verdi\u011fini bu ara\u015ft\u0131rma ile de g\u00f6sterdi. Markan\u0131n \u00f6z\u00fcnde yer alan &#8220;\u00f6denen paraya de\u011fer&#8221; anlay\u0131\u015f\u0131, \u00f6zellikle \u00e7evre konusunda t\u00fcketicisine gerek sat\u0131n al\u0131rken gerekse kullan\u0131rken kazan\u00e7 sa\u011flama bilincini beraberinde getiriyor. Profilo&#8217;nun bu felsefeyle ger\u00e7ekle\u015ftirdi\u011fi \u00fcr\u00fcn geli\u015ftirme faaliyetleri de \u00e7evre koruma \u00fczerinde uzun y\u0131llard\u0131r yo\u011funla\u015f\u0131yor.<\/p>","protected":false},"excerpt":{"rendered":"<p>Sorry, this entry is only available in Turkish. For the sake of viewer convenience, the content is shown below in the alternative language. You may click the link to switch the active language.Profilo, 5 Haziran D\u00fcnya \u00c7evre G\u00fcn\u00fc\u2019nde su ve enerji tasarrufu ile do\u011fal kaynaklar\u0131n korunmas\u0131n\u0131n \u00f6nemine bir kez daha dikkat \u00e7ekti. Ger\u00e7ekle\u015ftirdi\u011fi bir ara\u015ft\u0131rma [&hellip;]<\/p>\n","protected":false},"author":1,"featured_media":64534,"comment_status":"open","ping_status":"open","sticky":false,"template":"","format":"standard","meta":[],"categories":[53],"tags":[15555,63,67,1009,2698,165,4694,3992,34113],"views":857,"_links":{"self":[{"href":"https:\/\/www.enerjigazetesi.ist\/en\/wp-json\/wp\/v2\/posts\/64533"}],"collection":[{"href":"https:\/\/www.enerjigazetesi.ist\/en\/wp-json\/wp\/v2\/posts"}],"about":[{"href":"https:\/\/www.enerjigazetesi.ist\/en\/wp-json\/wp\/v2\/types\/post"}],"author":[{"embeddable":true,"href":"https:\/\/www.enerjigazetesi.ist\/en\/wp-json\/wp\/v2\/users\/1"}],"replies":[{"embeddable":true,"href":"https:\/\/www.enerjigazetesi.ist\/en\/wp-json\/wp\/v2\/comments?post=64533"}],"version-history":[{"count":1,"href":"https:\/\/www.enerjigazetesi.ist\/en\/wp-json\/wp\/v2\/posts\/64533\/revisions"}],"predecessor-version":[{"id":64535,"href":"https:\/\/www.enerjigazetesi.ist\/en\/wp-json\/wp\/v2\/posts\/64533\/revisions\/64535"}],"wp:featuredmedia":[{"embeddable":true,"href":"https:\/\/www.enerjigazetesi.ist\/en\/wp-json\/wp\/v2\/media\/64534"}],"wp:attachment":[{"href":"https:\/\/www.enerjigazetesi.ist\/en\/wp-json\/wp\/v2\/media?parent=64533"}],"wp:term":[{"taxonomy":"category","embeddable":true,"href":"https:\/\/www.enerjigazetesi.ist\/en\/wp-json\/wp\/v2\/categories?post=64533"},{"taxonomy":"post_tag","embeddable":true,"href":"https:\/\/www.enerjigazetesi.ist\/en\/wp-json\/wp\/v2\/tags?post=64533"}],"curies":[{"name":"wp","href":"https:\/\/api.w.org\/{rel}","templated":true}]}}