{"id":64515,"date":"2017-05-29T12:28:52","date_gmt":"2017-05-29T09:28:52","guid":{"rendered":"https:\/\/www.enerjigazetesi.ist\/?p=64515"},"modified":"2017-05-29T12:28:52","modified_gmt":"2017-05-29T09:28:52","slug":"uedas-kizilay-yararina-konser-duzenledi","status":"publish","type":"post","link":"https:\/\/www.enerjigazetesi.ist\/en\/uedas-kizilay-yararina-konser-duzenledi\/","title":{"rendered":"(Turkish) UEDA\u015e, K\u0131z\u0131lay Yarar\u0131na Konser D\u00fczenledi"},"content":{"rendered":"<p class=\"qtranxs-available-languages-message qtranxs-available-languages-message-en\">Sorry, this entry is only available in <a href=\"https:\/\/www.enerjigazetesi.ist\/tr\/wp-json\/wp\/v2\/posts\/64515\" class=\"qtranxs-available-language-link qtranxs-available-language-link-tr\" title=\"Turkish\">Turkish<\/a>. For the sake of viewer convenience, the content is shown below in the alternative language. You may click the link to switch the active language.<\/p><p><strong>Uluda\u011f Elektrik Da\u011f\u0131t\u0131m A.\u015e. (UEDA\u015e) \u00e7al\u0131\u015fanlar\u0131n\u0131n olu\u015fturdu\u011fu T\u00fcrk Halk M\u00fczi\u011fi Korosu etkinli\u011fi Merinos Atat\u00fcrk K\u00fclt\u00fcr Merkezi&#8217;nde L\u0130MAK Enerji CEO&#8217;su \u0130smail Erg\u00fcne\u015f ve Bursa B\u00fcy\u00fck\u015fehir Belediyesi Ba\u015fkanvekili Muhsin \u00d6zl\u00fckurt&#8217;un kat\u0131l\u0131m\u0131yla ger\u00e7ekle\u015fti. <\/strong><\/p>\n<p>Etkinli\u011fe &#8220;Ben Yoruldum Hayat\u201d \u015fark\u0131s\u0131yla ses getiren sanat\u00e7\u0131 M\u00fcmin Sar\u0131kaya konuk sanat\u00e7\u0131 olarak kat\u0131ld\u0131. Uluda\u011f Elektrik Da\u011f\u0131t\u0131m A.\u015e.\u2019nin yan\u0131 s\u0131ra, Limak Holding, Elmak Enerji, Kartel Metal ve Astor Transformat\u00f6r\u2019\u00fcn sponsorlu\u011funda <a href=\"https:\/\/www.enerjigazetesi.ist\/wp-content\/uploads\/2017\/05\/uedas-kizilay-yararina-konser-duzenledi.jpg\"><img loading=\"lazy\" class=\"alignleft size-medium wp-image-64516\" src=\"https:\/\/www.enerjigazetesi.ist\/wp-content\/uploads\/2017\/05\/uedas-kizilay-yararina-konser-duzenledi-300x200.jpg\" alt=\"uedas-kizilay-yararina-konser-duzenledi\" width=\"300\" height=\"200\" srcset=\"https:\/\/www.enerjigazetesi.ist\/wp-content\/uploads\/2017\/05\/uedas-kizilay-yararina-konser-duzenledi-300x200.jpg 300w, https:\/\/www.enerjigazetesi.ist\/wp-content\/uploads\/2017\/05\/uedas-kizilay-yararina-konser-duzenledi-500x333.jpg 500w, https:\/\/www.enerjigazetesi.ist\/wp-content\/uploads\/2017\/05\/uedas-kizilay-yararina-konser-duzenledi-75x50.jpg 75w, https:\/\/www.enerjigazetesi.ist\/wp-content\/uploads\/2017\/05\/uedas-kizilay-yararina-konser-duzenledi.jpg 900w\" sizes=\"(max-width: 300px) 100vw, 300px\" \/><\/a>ger\u00e7ekle\u015ftirilen konserden elde edilen t\u00fcm sponsorluk geliri ve deste\u011fi T\u00fcrk K\u0131z\u0131lay\u2019a ba\u011f\u0131\u015fland\u0131.<\/p>\n<p><strong>Erg\u00fcne\u015f: \u201cGurur duydum\u201d <\/strong><\/p>\n<p>UEDA\u015e \u00e7al\u0131\u015fanlar\u0131n\u0131n ve yak\u0131nlar\u0131n\u0131n da kat\u0131ld\u0131\u011f\u0131 konserde izleyiciler unutulmaz bir gece ya\u015fad\u0131.\u00a0 UEDA\u015e korosu farkl\u0131 y\u00f6relere ait, T\u00fcrk sanat ve halk m\u00fczi\u011fi par\u00e7alar\u0131n\u0131 \u00dcmit Akta\u015f \u015fefli\u011finde icra etti. Konserin ikinci b\u00f6l\u00fcm\u00fcnde sahne alan &#8216;Ben Yoruldum Hayat&#8217; \u015fark\u0131s\u0131yla tan\u0131nan M\u00fcmin Sar\u0131kaya ise performans\u0131yla izleyicileri kendine hayran b\u0131rakt\u0131. \u0130zleyicilerin \u015fark\u0131lara e\u015flik etti\u011fi konserde renkli g\u00f6r\u00fcnt\u00fcler ya\u015fand\u0131.<\/p>\n<p>UEDA\u015e T\u00fcrk Halk M\u00fczi\u011fi Korosu, T\u00fcrk halk m\u00fczi\u011fine g\u00f6n\u00fcl vermi\u015f 20 UEDA\u015e \u00e7al\u0131\u015fan\u0131ndan olu\u015furken, \u00e7al\u0131\u015fanlar konsere 3 ayl\u0131k s\u00fcre boyunca \u00e7al\u0131\u015ft\u0131. Konserde konu\u015fan Limak Enerji CEO&#8217;su \u0130smail Erg\u00fcne\u015f, UEDA\u015e \u00e7al\u0131\u015fanlar\u0131yla gurur duydu\u011funu ifade ederek &#8220;Arkada\u015flar\u0131m\u0131z\u0131n bu kabiliyetini ve sanat sevgisini g\u00f6rmek bizi \u00e7ok mutlu etti. Kendileriyle gurur duydum. UEDA\u015e olarak toplumsal duyarl\u0131l\u0131k bilinciyle \u00f6n\u00fcm\u00fczdeki s\u00fcre\u00e7te de projeler geli\u015ftirmeye devam edece\u011fiz&#8221; \u015feklinde konu\u015ftu.<\/p>","protected":false},"excerpt":{"rendered":"<p>Sorry, this entry is only available in Turkish. For the sake of viewer convenience, the content is shown below in the alternative language. You may click the link to switch the active language.Uluda\u011f Elektrik Da\u011f\u0131t\u0131m A.\u015e. (UEDA\u015e) \u00e7al\u0131\u015fanlar\u0131n\u0131n olu\u015fturdu\u011fu T\u00fcrk Halk M\u00fczi\u011fi Korosu etkinli\u011fi Merinos Atat\u00fcrk K\u00fclt\u00fcr Merkezi&#8217;nde L\u0130MAK Enerji CEO&#8217;su \u0130smail Erg\u00fcne\u015f ve Bursa [&hellip;]<\/p>\n","protected":false},"author":1,"featured_media":64516,"comment_status":"open","ping_status":"open","sticky":false,"template":"","format":"standard","meta":[],"categories":[51,53],"tags":[68,61,19638,1451,2873,63,67,1009,2698,165,3221,2497,2227,10698],"views":1034,"_links":{"self":[{"href":"https:\/\/www.enerjigazetesi.ist\/en\/wp-json\/wp\/v2\/posts\/64515"}],"collection":[{"href":"https:\/\/www.enerjigazetesi.ist\/en\/wp-json\/wp\/v2\/posts"}],"about":[{"href":"https:\/\/www.enerjigazetesi.ist\/en\/wp-json\/wp\/v2\/types\/post"}],"author":[{"embeddable":true,"href":"https:\/\/www.enerjigazetesi.ist\/en\/wp-json\/wp\/v2\/users\/1"}],"replies":[{"embeddable":true,"href":"https:\/\/www.enerjigazetesi.ist\/en\/wp-json\/wp\/v2\/comments?post=64515"}],"version-history":[{"count":1,"href":"https:\/\/www.enerjigazetesi.ist\/en\/wp-json\/wp\/v2\/posts\/64515\/revisions"}],"predecessor-version":[{"id":64517,"href":"https:\/\/www.enerjigazetesi.ist\/en\/wp-json\/wp\/v2\/posts\/64515\/revisions\/64517"}],"wp:featuredmedia":[{"embeddable":true,"href":"https:\/\/www.enerjigazetesi.ist\/en\/wp-json\/wp\/v2\/media\/64516"}],"wp:attachment":[{"href":"https:\/\/www.enerjigazetesi.ist\/en\/wp-json\/wp\/v2\/media?parent=64515"}],"wp:term":[{"taxonomy":"category","embeddable":true,"href":"https:\/\/www.enerjigazetesi.ist\/en\/wp-json\/wp\/v2\/categories?post=64515"},{"taxonomy":"post_tag","embeddable":true,"href":"https:\/\/www.enerjigazetesi.ist\/en\/wp-json\/wp\/v2\/tags?post=64515"}],"curies":[{"name":"wp","href":"https:\/\/api.w.org\/{rel}","templated":true}]}}