{"id":64479,"date":"2017-05-27T15:37:00","date_gmt":"2017-05-27T12:37:00","guid":{"rendered":"https:\/\/www.enerjigazetesi.ist\/?p=64479"},"modified":"2017-05-28T16:57:50","modified_gmt":"2017-05-28T13:57:50","slug":"7-uluslararasi-yuzde-100-yenilenebilir-enerji-konferansi-sonuc-raporu","status":"publish","type":"post","link":"https:\/\/www.enerjigazetesi.ist\/en\/7-uluslararasi-yuzde-100-yenilenebilir-enerji-konferansi-sonuc-raporu\/","title":{"rendered":"(Turkish) 7. Uluslararas\u0131 %100 Yenilenebilir Enerji Konferans\u0131 Sonu\u00e7 Raporu"},"content":{"rendered":"<p class=\"qtranxs-available-languages-message qtranxs-available-languages-message-en\">Sorry, this entry is only available in <a href=\"https:\/\/www.enerjigazetesi.ist\/tr\/wp-json\/wp\/v2\/posts\/64479\" class=\"qtranxs-available-language-link qtranxs-available-language-link-tr\" title=\"Turkish\">Turkish<\/a>. For the sake of viewer convenience, the content is shown below in the alternative language. You may click the link to switch the active language.<\/p><p><\/p>\n<p style=\"color: #515151;\"><strong>Birle\u015fmi\u015f Milletler \u00c7evre Program\u0131 (UNEP- \u00a0United Nations Environment Programme\u00a0) kapsam\u0131ndaki\u00a0\u00a0 21. Y\u00fczy\u0131l Yenilenebilir Enerji Politikalar\u0131 A\u011f\u0131 &#8211; Renewables\u00a0 Energy Policy Network\u00a0 for 21 st Century (REN21),\u00a0 Y\u00fczde 100 yenilenebilir enerjiye y\u00f6nelik D\u00fcnyan\u0131n d\u00f6rt bir k\u00f6\u015fesinden 114\u00a0yenilenebilir enerji\u00a0uzman\u0131n kat\u0131ld\u0131\u011f\u0131 ve 21. y\u00fczy\u0131l\u0131n ortalar\u0131na do\u011fru y\u00fczde 100 yenilenebilir enerji kullan\u0131lmas\u0131na ula\u015fmada f\u0131rsatlar ve zorluklar hakk\u0131nda tart\u0131\u015fma zemini olu\u015fturarak zaafiyet ve f\u0131rsatlar\u0131 i\u00e7eren fizibiliteyi yans\u0131tan \u00a0REN21 Renewables Global Futures Report (GFR)\u00a0\u00a0\u201cYenilenebilirlerin K\u00fcresel Gelecek Raporu:\u00a0[i]Renewables Global Futures Report: Great debates towards 100 per cent renewable energy\u201d ba\u015fl\u0131\u011f\u0131 ile yay\u0131mlad\u0131.<\/strong><\/p>\n<p style=\"color: #515151;\"><a style=\"color: #8224e3;\" target=\"\" rel=\"\">[ii]<\/a>\u00a0Sadece m\u00fcspet\u00a0 dileklerin hedefe ula\u015f\u0131lmada yetersiz kalaca\u011f\u0131n\u0131, h\u00fck\u00fcmetlerin ancak zorluklar\u0131n neler oldu\u011fu ve bunlar\u0131n \u00fcstesinden ne \u015fekilde\u00a0 gelinebilece\u011fi tam olarak anlamalar\u0131 durumunda yenilenebilir enerji i\u00e7in do\u011fru politikalar ve mali giri\u015fimleri benimseyeceklerini vurgul<a href=\"https:\/\/www.enerjigazetesi.ist\/wp-content\/uploads\/2017\/05\/irenec-2017-ile-yuzde-100-yenilenebilir-enerjiye-gecis-masaya-yatirilacak.jpg\"><img loading=\"lazy\" class=\"alignleft  wp-image-64112\" src=\"https:\/\/www.enerjigazetesi.ist\/wp-content\/uploads\/2017\/05\/irenec-2017-ile-yuzde-100-yenilenebilir-enerjiye-gecis-masaya-yatirilacak-300x131.jpg\" alt=\"irenec-2017-ile-yuzde-100-yenilenebilir-enerjiye-gecis-masaya-yatirilacak\" width=\"300\" height=\"158\" \/><\/a>ayan REN21 \u00dcst D\u00fczey \u0130cra Sekreteri Christine Lins,\u00a0<a style=\"color: #8224e3;\" target=\"\" rel=\"\">[iii]<\/a>2016 y\u0131l\u0131nda da son 3 y\u0131ld\u0131r oldu\u011fu gibi k\u00fcresel ekonominin b\u00fcy\u00fcmeye devam etti\u011fini, ancak enerji sekt\u00f6r\u00fcndeki emisyonlar\u0131n azald\u0131\u011f\u0131n\u0131, d\u00fcnyan\u0131n enerji t\u00fcketiminin y\u00fczde 20\u2019sinin yenilebilir enerjiden elde edildi\u011fini belirtti. 114 enerji uzman\u0131n\u0131n g\u00f6r\u00fc\u015flerine yer verilen rapor, uzmanlar\u0131n yenilebilir enerji maliyetinin gelecek 10 y\u0131lda t\u00fcm fosil yak\u0131tlardan daha ucuz seviyeye gelerek d\u00fc\u015fmesini beklediklerini, Uzmanlar\u0131n y\u00fczde 70\u2019inin \u00a0y\u00fczde 100 yenilebilir enerji kullanman\u0131n hem ger\u00e7ek\u00e7i hem de tatbiki m\u00fcmk\u00fcn oldu\u011funu benimsedi\u011fini ve \u00f6zellikle Avrupa \u00fclkeleri ve Avustralya\u2019dan olanlar\u0131n \u00a0bu g\u00f6r\u00fc\u015f\u00fc destekledi\u011fini\u00a0 ortaya koydu. Y\u00fczde 100 yenilenebilir enerjiye eri\u015filmesinde kar\u015f\u0131la\u015f\u0131labilecek zorluklar\u0131n da \u00a0yer ald\u0131\u011f\u0131 raporda, konvansiyonel enerji sanayinin \u00e7\u0131karlar\u0131n\u0131n yaratt\u0131\u011f\u0131 \u015f\u00fcphe nedeniyle \u00f6zellikle Afrika, ABD ve Japonya\u2019da 2050 y\u0131l\u0131nda kadar y\u00fczde 100\u2019e ula\u015fma konusuna temkinli yakla\u015f\u0131l\u0131yor. Di\u011fer yandan uzun vadeli politikalar\u0131n eksikli\u011fi ve enerji etkinli\u011fi ve yenilenebilir enerjiye yat\u0131r\u0131m i\u00e7in istikrarl\u0131 ortam olmamas\u0131 da baz\u0131 \u00fclkelerde bu konuda ilerlemenin \u00f6n\u00fcnde engel te\u015fkil ediyor. REN21 kapsam\u0131nda h\u00fck\u00fcmetlerin yan\u0131 s\u0131ra, uluslararas\u0131 kurulu\u015flar, sanayi dernekleri, bilim ve akademi \u00e7evresi, sivil toplum kurulu\u015flar\u0131 ve BM kurulu\u015flar\u0131ndan Kalk\u0131nma Program\u0131 (UNDP) ve S\u0131nai Kalk\u0131nma \u00d6rg\u00fct\u00fc (UNIDO) de bulunmaktad\u0131r.<\/p>\n<p style=\"color: #515151;\">T\u00fcrkiye Cumhuriyeti Enerji ve Tabii Kaynaklar Bakanl\u0131\u011f\u0131 taraf\u0131ndan haz\u0131rlanan 2015-2019 stratejik plan\u0131 do\u011frultusunda T\u00fcrkiye\u2019nin yenilenebilir enerji \u00fcretimi ile ilgili koydu\u011fu hedefler R\u00fczgara dayal\u0131 kurulu g\u00fc\u00e7 i\u00e7in 2019 y\u0131l\u0131nda 10.000 MW, G\u00fcne\u015fe dayal\u0131 kurulu g\u00fc\u00e7 i\u00e7in ise 3.000 MW olarak hedefleri 2016 ger\u00e7ekle\u015fmeleri incelendi\u011finde r\u00fczgar enerjisinde kurulu g\u00fc\u00e7 art\u0131\u015f\u0131 yakla\u015f\u0131k iki kat ve\u00a0 g\u00fcne\u015f enerjisinde\u00a0 yakla\u015f\u0131k d\u00f6rt kat kurulu g\u00fc\u00e7 art\u0131\u015f\u0131na tekab\u00fcl etmektedir.<\/p>\n<p style=\"color: #515151;\">Fosil yak\u0131tlara olan ba\u011f\u0131ml\u0131l\u0131\u011f\u0131 ve buna ba\u011fl\u0131 riskleri azaltmak amac\u0131yla yenilenebilir enerji \u00fcretim ve t\u00fcketimin te\u015fvik edilmesi, yenilenebilir enerji kaynaklar\u0131 (HES dahil) ile elektrik \u00fcretiminin pay\u0131n\u0131n asgari\u00a0 y\u00fczde 30 seviyelerinde tutulmas\u0131, tar\u0131m sekt\u00f6r\u00fc potansiyellerinden daha fazla istifade ederek biyoyak\u0131t enerjisi kullan\u0131m\u0131n\u0131 art\u0131rmak, mevcut yenilenebilir enerji kaynaklar\u0131 ile yap\u0131lan \u00fcretim miktarlar\u0131n\u0131 art\u0131rmak T\u00fcrkiye\u2019de\u00a0 yenilenebilir enerji politika ve stratejilerinin\u00a0 temelleri aras\u0131nda yer almaktad\u0131r. Yenilenebilir enerjinin \u0131s\u0131 enerjisi elde etmede ve so\u011futmada kullan\u0131m\u0131n\u0131n artt\u0131r\u0131lmas\u0131na y\u00f6nelik tedbirler tasalanamas\u0131,yenilenebilir enerjinin te\u015fvikinde Yenilenebilir Enerji Kaynaklar\u0131 Destekleme Mekanizmas\u0131\u2019na (YEKDEM) devam edilmesi, Jeotermalde arama a\u015famas\u0131 i\u00e7in uygun te\u015fvik yap\u0131s\u0131n\u0131n tasarlanmas\u0131 ve di\u011fer tedbirlerle birlikte hayata ge\u00e7irilmesinin \u00a0sa\u011flanmas\u0131da bu stratejilerin esas\u0131 kapsam\u0131ndad\u0131r.<\/p>\n<p style=\"color: #515151;\">Uluslararas\u0131 denetim ve dan\u0131\u015fmanl\u0131k firmas\u0131 Ernst&amp;Young\u2019\u0131n\u00a0 2017 May\u0131s\u00a0<a style=\"color: #8224e3;\" target=\"\" rel=\"\">[iv]<\/a>\u00a0itibar\u0131 ile haz\u0131rlad\u0131\u011f\u0131\u00a0Yenilenebilir\u00a0Enerji \u00dclke \u00c7ekicili\u011fi Endeksi(Renewable Energy Country Attractiveness Index\u00a0-RECAI)\u2019ne 2016 y\u0131l\u0131 Ekim ay\u0131nda\u00a0<a style=\"color: #8224e3;\" target=\"\" rel=\"\">[v]<\/a>y\u0131l\u0131nda 21 s\u0131rada olan T\u00fcrkiye, \u00a0\u00a017\u2019nci basama\u011fa y\u00fckseldi Bu ba\u011flamda 2016\u00a0 ve 2017 de T\u00fcrkiye\u2019de e YE Mevzuat\u00a0 Yasa Y\u00f6netmeliklerde\u00a0 ne gibi de\u011fiiklik ve d\u00fczenlemeler oldu diye bakt\u0131\u011f\u0131m\u0131zda;<\/p>\n<p style=\"color: #515151;\">\u00a023 \u015eubat 2017 tarihli ve 29988\u00a0 say\u0131l\u0131 Resm\u00ee Gazete\u2019de yay\u0131mlanan Yenilenebilir\u00a0Enerji Kaynaklar\u0131n\u0131n Belgelendirilmesi ve Desteklenmesine \u0130li\u015fkin Y\u00f6netmelik , 1\/10\/2013 tarihli ve 28782 say\u0131l\u0131 Resm\u00ee Gazete\u2019de yay\u0131mlanan\u00a0Yenilenebilir\u00a0Enerji Kaynaklar\u0131n\u0131n Belgelendirilmesi ve Desteklenmesine \u0130li\u015fkin Y\u00f6netmeli\u011fe Kamu kurum ve kurulu\u015flar\u0131n\u0131n m\u00fclkiyetindeki YEK Destekleme Mekanizmas\u0131na tabi olan \u00fcretim tesisinin\u00a024\/11\/1994\u00a0tarihli ve 4046 say\u0131l\u0131 \u00d6zelle\u015ftirme Uygulamalar\u0131 Hakk\u0131nda Kanun h\u00fck\u00fcmleri \u00e7er\u00e7evesinde \u00f6zelle\u015ftirilmesi halinde; \u00f6zelle\u015ftirme sonras\u0131nda s\u00f6z konusu \u00fcretim tesisine ili\u015fkin YEK Destekleme Mekanizmas\u0131 kapsam\u0131ndaki hak ve y\u00fck\u00fcml\u00fcl\u00fckler, \u00f6zelle\u015ftirme yoluyla \u00fcretim tesisini devralan t\u00fczel ki\u015finin \u00fcretim lisans\u0131 almas\u0131 kayd\u0131yla, devralan ilgili t\u00fczel ki\u015fi nam ve hesab\u0131na ilgili takvim y\u0131l\u0131n\u0131n sonuna kadar devam eder.\u201d \u015feklinde de\u011fi\u015fiklikleri g\u00f6rmekteyiz \u00a0<a style=\"color: #8224e3;\" target=\"\" rel=\"\">[vi]<\/a><\/p>\n<p style=\"color: #515151;\">EPKD \u2018den (Enerji Piyasas\u0131 D\u00fczenleme Kurumundan: 3 Mart 2016\u00a0 tarihli ve 29662\u00a0 say\u0131l\u0131 Resm\u00ee Gazete\u2019de yay\u0131mlanan Elektrik Piyasas\u0131nda Lisanss\u0131z Elektrik \u00dcretimine \u0130li\u015fkin Y\u00f6netmeli\u011fin ilk maddesinin \u00a02\/10\/2013\u00a0tarihli ve 28783 say\u0131l\u0131 Resm\u00ee Gazete\u2019de yay\u0131mlanan Elektrik Piyasas\u0131nda Lisanss\u0131z Elektrik \u00dcretimine \u0130li\u015fkin Y\u00f6netmeli\u011fin 4 \u00fcnc\u00fc maddesinin birinci f\u0131kras\u0131n\u0131n (c) bendi y\u00fcr\u00fcrl\u00fckten kald\u0131r\u0131rken .ayn\u0131 Y\u00f6netmeli\u011fin 6\u00a0nc\u0131\u00a0maddesinin ikinci f\u0131kras\u0131 a\u015fa\u011f\u0131daki \u015fekilde de\u011fi\u015ftirilmi\u015f ve ayn\u0131 maddeye a\u015fa\u011f\u0131daki f\u0131kralar eklenmi\u015ftir. \u201cBu Y\u00f6netmelik kapsam\u0131nda YG seviyesinden da\u011f\u0131t\u0131m sistemine ba\u011flanmak isteyen\u00a0r\u00fczgar\u00a0ve\/veya g\u00fcne\u015f enerjisine dayal\u0131 \u00fcretim tesisi ba\u011flant\u0131 ba\u015fvurular\u0131 i\u00e7in, 5 inci maddenin d\u00f6rd\u00fcnc\u00fc f\u0131kras\u0131 h\u00fck\u00fcmleri sakl\u0131 kalmak kayd\u0131yla, bir transformat\u00f6r merkezine y\u00f6nlendirilebilecek toplam kapasite i\u00e7in ilgili da\u011f\u0131t\u0131m \u015firketi veya OSB da\u011f\u0131t\u0131m lisans\u0131 sahibi t\u00fczel ki\u015fi\u00a0TE\u0130A\u015e\u2019a\u00a0kaynak baz\u0131nda ayr\u0131\u00a0ayr\u0131\u00a0ba\u011flant\u0131 kapasite bildiriminde bulunur ve\u00a0TE\u0130A\u015e\u2019\u0131n\u00a0g\u00f6r\u00fc\u015fleri al\u0131n\u0131r. Da\u011f\u0131t\u0131m \u015firketi veya OSB da\u011f\u0131t\u0131m lisans\u0131 sahibi t\u00fczel ki\u015fi,\u00a0TE\u0130A\u015e\u2019\u0131n\u00a0bildirece\u011fi ba\u011flanabilir kapasiteyi ba\u011flant\u0131 g\u00f6r\u00fc\u015flerinin sonu\u00e7land\u0131r\u0131lmas\u0131na esas al\u0131r. TE\u0130A\u015e,talepleri kendisine geli\u015f tarihinden itibaren bir ay i\u00e7inde sonu\u00e7land\u0131r\u0131r.\u201d\u00a0<a style=\"color: #8224e3;\" target=\"\" rel=\"\">[vii]<\/a><\/p>\n<p style=\"color: #515151;\">T\u00fcm bu de\u011fi\u015fikliklerin irdelendi\u011fi bir platform idi <strong>18-20 May\u0131s 2017<\/strong> tarihleri aras\u0131nda ger\u00e7ekle\u015fen IRENEC 2017 . \u00a0\u201c7. Uluslararas\u0131 %100 Yenilenebilir Enerji Konferans\u0131.<\/p>\n<p style=\"color: #515151;\">Panelist ve kat\u0131l\u0131mc\u0131lar\u0131n\u00a0 bilgi, g\u00f6r\u00fc\u015f ve deneyimlerin\u00a0 etkin ve yap\u0131c\u0131 olarak sunmalar\u0131n\u0131 sa\u011flayan\u00a0 bir\u00a0 platform sunan, T\u00fcrkiye Yenilenebilir Enerji Birli\u011fi (EUROSOLAR T\u00fcrkiye) vizyonu ve Eurosolar T\u00fcrkiye Ba\u015fkan\u0131, Marmara \u00dcniversitesi &#8211; M\u00fchendislik Fak\u00fcltesi \/ Makine M\u00fchendisli\u011fi B\u00f6l\u00fcm\u00fc\u00a0\u00f6\u011fretim \u00fcyesi Prof. Dr. Tanay S\u0131dk\u0131 Uyar\u2019 \u00f6nc\u00fcl\u00fc\u011f\u00fcnde organize edilen , enerji alan\u0131ndaki ye\u015fil \u00e7\u00f6z\u00fcmde, mevcut en iyi teknolojilerin kullan\u0131ld\u0131\u011f\u0131 ak\u0131ll\u0131 \u015febekelerin, yenilenebilir enerji depolama sistemlerinin ve enerjinin son kullan\u0131m verimlili\u011finin entegrasyonuyla %100 yenilenebilir enerji hedefine ula\u015f\u0131lmas\u0131n\u0131 merkeze alan\u00a0 ve mevcut enerji a\u011f\u0131n\u0131 gelecekte t\u00fcm\u00fcyle %100 Yenilenebilir Enerjiye d\u00f6n\u00fc\u015ft\u00fcrme y\u00f6n\u00fcndeki k\u00fcresel hedefi , ana temas\u0131\u00a0 olarak belirleyen, k\u00fcresel ya\u015fam alan\u0131m\u0131zda gelece\u011fin enerji sistemlerinin gelece\u011fin teknolojileriyle planlanmas\u0131 ve eski teknolojilerin mevcut \u00a0pazardan bir \u00a0di\u011ferine kayd\u0131r\u0131lmas\u0131n\u0131n \u00f6n\u00fcne ge\u00e7ilmesi i\u00e7in enerji-ekonomi-ekoloji alan\u0131nda karar verme modelleri ve d\u0131\u015f maliyetlerin i\u00e7selle\u015ftirilmesi gereklili\u011fini \u00f6nemseyen, do\u011fru bir perspektif ve enstr\u00fcmanlarla yukar\u0131da bahsedilen Yenilenebilirlerin K\u00fcresel Gelecek Raporundaki vizyondan daha iyimser bir gelecek yaratma kararl\u0131l\u0131\u011f\u0131nda olan\u00a0\u00a0\u00a0 IRENEC 2017 \u201c7. Uluslararas\u0131 %100 Yenilenebilir Enerji Konferans\u0131- International 100% Renewable Energy Conference\u201d \u0130stanbul Maltepe Belediyesi T\u00fcrkan Saylan K\u00fclt\u00fcr Merkezi\u2019nde ger\u00e7ekle\u015fti ve \u00fc\u00e7 g\u00fcn\u00fcn nihayetinde son oturumun da\u00a0\u00a0 kat\u0131l\u0131mc\u0131lar\u0131n g\u00f6r\u00fc\u015f ve \u00f6nerilerini de Sonu\u00e7 Bildirgesi\u2019nin tasla\u011f\u0131na dahil ederek tamamland\u0131. Konferans program tema ve oturum konu\u015fmac\u0131lar\u0131na dair genel bilgilere\u00a0<a style=\"color: #8224e3;\" target=\"\" rel=\"\">[viii]<\/a>resmi sitesinden ula\u015f\u0131labilir.<\/p>\n<p style=\"color: #515151;\">YEK \u2018in, YEKA , Lisansl\u0131 ve Lisanss\u0131z Elektrik \u00dcretimi olmak \u00fczere 3 farkl\u0131 kapsamda de\u011ferlendirildi\u011fi oturumda panelistler , YEGM Uzman Yardimcisi Hakan Sener Akata R\u00fczgar ve G\u00fcne\u015f Enerjisi YEKA Projeleri, EPDK Enerji Uzman Yrd Mehmet Yal\u0131l\u0131\u00a0 R\u00fczgar\u00a0 ve G\u00fcne\u015f Enerjisine (RES \u2013 GES )\u00a0 dayal\u0131 Lisansland\u0131rma\u00a0 ve EPDK Y\u00f6netim Hizmetleri Uzman\u0131 Hac\u0131 Hasan Atug ,Elektrik piyasasinda lisanss\u0131z Elektrik \u00dcretimi\u00a0 konulu sunumlar\u0131n\u0131 izleyici ve kat\u0131l\u0131mc\u0131larla payla\u015ft\u0131lar.<\/p>\n<p style=\"color: #515151;\">Yenilenebilir Enerji Kaynaklar\u0131 Destekleme Mekanizmas\u0131(YEKDEM) yenilenebilir Enerji Kaynaklar\u0131na Dayal\u0131 \u00dcretim Tesisleri \u0130\u00e7in Lisans Alma S\u00fcre\u00e7lerine istinaden ,R\u00fczgar ve G\u00fcne\u015f Enerjisine Dayal\u0131 Lisans Ba\u015fvurular\u0131n\u0131n Teknik De\u011ferlendirilmesi Hakk\u0131nda Y\u00f6netmelik Gere\u011fi \u0130stenen bilgiler , belgeler s\u00fcre\u00e7ler , g\u00fcne\u015f ve r\u00fczgar enerjisinde belli bir b\u00f6lgede a\u00e7\u0131k eksiltme ile belli bir kapasiteyi kuracak firmalara yerli Ar-Ge \u015fart\u0131 koyarak ihale a\u00e7\u0131lmas\u0131 konusu de\u011ferlendirildi T\u00fcrkiye&#8217;nin enerjide d\u0131\u015fa ba\u011f\u0131ml\u0131l\u0131\u011f\u0131 asgariye indirmek,, enerji talep art\u0131\u015f\u0131n\u0131 problemsiz kar\u015f\u0131lama ve arz g\u00fcvenli\u011fini sa\u011flama hedefleri de esas al\u0131narak yenilenebilir enerji alan\u0131nda teknoloji transferi, AR-GE yat\u0131r\u0131m\u0131 ve yerli \u00fcretimi \u00f6nceleyen yeni ihale modelinin dinami\u011fi de ele al\u0131nd\u0131.<\/p>\n<p style=\"color: #515151;\">Di\u011fer yandan Enerji ve Tabii Kaynaklar Bakanl\u0131\u011f\u0131&#8217;n\u0131n T\u00fcrkiye&#8217;nin enerji ihtiyac\u0131n\u0131 kar\u015f\u0131lamada yerli ve yenilenebilir kaynaklar\u0131n\u00a0a\u011f\u0131rl\u0131\u011f\u0131n\u0131 art\u0131rmaya y\u00f6nelik d\u00f6n\u00fc\u015f\u00fcm hedefinin en \u00f6nemli bile\u015fenlerinnden biri\u00a0 ve T\u00fcrkiye g\u00fcne\u015f enerjisi sekt\u00f6r\u00fc i\u00e7in \u00f6nemli bir s\u0131\u00e7rama noktas\u0131 yaratmas\u0131 beklenen Enerji \u0130htisas End\u00fcstri B\u00f6lgesi\u2019nin g\u00fcne\u015f enerjisine dayal\u0131 elektrik \u00fcretim tesislerinin MW baz\u0131nda tahsis edilmesi sa\u011flanmas\u0131\u00a0 kapsam\u0131ndaki AR-GE s\u00fcresi 10 y\u0131l olan Konya-Karap\u0131nar<a style=\"color: #8224e3;\" target=\"\" rel=\"\">[ix]<\/a>\u00a0de sunumlar aras\u0131nda idi. T\u00fcrkiye&#8217;nin en b\u00fcy\u00fck g\u00fcne\u015f enerjisi santrali olacak\u00a0<a style=\"color: #8224e3;\" href=\"https:\/\/www.haberler.com\/karapinar\/\" target=\"\" rel=\"\">Karap\u0131nar<\/a>\u00a0YEKA-1 GES, enerji sekt\u00f6r\u00fcnde yerlile\u015ftirme \u015fart\u0131na ve YEKA bazl\u0131 fiyat belirlenmesi esas\u0131na dayal\u0131 ilk uygulama olmas\u0131, gelecek y\u0131llarda yenilenebilir elektrik ve ekipman \u00fcretiminin art\u0131r\u0131lmas\u0131, teknoloji transferi yap\u0131lmas\u0131 ve d\u0131\u015fa ba\u011f\u0131ml\u0131l\u0131\u011f\u0131n\u0131n azalt\u0131lmas\u0131na \u00f6nemli katk\u0131lar sa\u011flanmas\u0131 hedefine y\u00f6nelik\u00a0 olmas\u0131 hasebiyle \u00f6nemine de\u011finildi<\/p>\n<p style=\"color: #515151;\">\u00a0Enerji ve Tabii Kaynaklar Bakanl\u0131\u011f\u0131 D\u0131\u015f \u0130li\u015fkiler ve AB Genel M\u00fcd\u00fcrl\u00fc\u011f\u00fc Daire Ba\u015fkan\u0131\u00a0Ali Murat Becerikli \u2018nin \u00a0oturum ba\u015fkanl\u0131\u011f\u0131n\u0131 yapt\u0131\u011f\u0131 \u201cAccelerating Turkey\u2019 Renewable Energy finance,\u00a0 with GIZ- T\u00fcrkiye&#8217;nin Yenilenebilir Enerji finansman\u0131n\u0131n h\u0131zland\u0131r\u0131lmas\u0131 GIZ isimli \u00f6zel oturumda , Ali Murat BECERIKLI\u00a0 ve GIZ Yenilenebilir Enerji ve Enerji Verimlili\u011fi, Program Direkt\u00f6r\u00fc Alexander Haack Deutsche Gesellschaft f\u00fcr Internationale Zusammenarbeit (GIZ) GmbH, Enerji konular\u0131nda yapt\u0131klar\u0131\u00a0 i\u015fbirli\u011finin \u00f6nemini vurgulad\u0131lar<\/p>\n<p style=\"color: #515151;\">Ayn\u0131 oturumda,\u0130\u015f Bankas\u0131 Proje Finansman\u0131ndan sorumlu M\u00fcd\u00fcr yard\u0131mc\u0131s\u0131 \u0130mge Ko\u00e7\u2019da \u0130\u015f Bankas\u0131n\u0131n \u00f6zellikle YE ve EBRD ile olan \u00e7al\u0131\u015fmalar\u0131na de\u011findi. 2016\u2019n\u0131n son \u00e7eyre\u011finde Avrupa Kalk\u0131nma ve \u0130mar Bankas\u0131 EBRD, \u0130\u015f Bankas\u0131 arac\u0131l\u0131\u011f\u0131 ile yenilenebilir projelere 55 milyon dolar kaynak ay\u0131rd\u0131\u011f\u0131n\u0131 a\u00e7\u0131klam\u0131\u015ft\u0131\u00a0<a style=\"color: #8224e3;\" target=\"\" rel=\"\">[x]<\/a><\/p>\n<p style=\"color: #515151;\">\u0130\u015f Bankas\u0131 ile Avrupa \u0130mar ve Kalk\u0131nma Bankas\u0131 (EBRD), farkl\u0131 ama\u00e7lara y\u00f6nelik imzalad\u0131klar\u0131\u00a0\u00a0 kredi anla\u015fmalar\u0131\u00a0 i\u00e7inde\u00a0 T\u00fcrkiye S\u00fcrd\u00fcr\u00fclebilir Enerji Finansman\u0131 Program\u0131 (TurSEFF) kapsam\u0131nda enerjinin etkin ve verimli kullan\u0131m\u0131 ile yenilenebilir enerji alanlar\u0131ndaki faaliyetlerinin finansman\u0131 mercek alt\u0131na al\u0131nd\u0131 \u00a0\u00a0EBRD\u2019nin T\u00fcrkiye`de finansman sa\u011flad\u0131\u011f\u0131 projelerin \u00f6nemli bir k\u0131sm\u0131\u00a0 s\u00fcrd\u00fcr\u00fclebilir enerji alan\u0131nda.\u00a0\u00a0 EBRD\u2019nin yak\u0131n zaman \u00f6nce geni\u015fletti\u011fi MIDSEFF (Orta-\u00d6l\u00e7ekli S\u00fcrd\u00fcr\u00fclebilir Enerji Finans\u0131 Projesi) kapsam\u0131nda yap\u0131lan yat\u0131r\u0131mlar\u0131n yan\u0131s\u0131ra \u00a0TurSEFF kapsam\u0131nda kategorize edilen kredi t\u00fcrleri, \u00fcst limitleri ve teknik kriterlerine de de\u011finildi\u00a0 Buna g\u00f6re\u00a0\u00a0 5 milyon EUR\u2019a kadar -Maksimum 15 sene basit geri \u00f6deme s\u00fcresi ve Maksimum 15 y\u0131l geri \u00f6deme s\u00fcresi -Net bug\u00fcnk\u00fc de\u011fer\u00a0 (NPV)\u00a0 pozitif (%7 indirim oran\u0131ndan) -Her 1 EUR yat\u0131r\u0131mla minimum 1.3 kWh enerji \u00fcretimi -Hidro ve r\u00fczg\u00e2r projelerinde \u00e7evresel kriterler arand\u0131\u011f\u0131 belirtildi<\/p>\n<p style=\"color: #515151;\">\u00d6zlem Yakut \u201c The Turkish Sustainable Energy Financing Facility-Accelerating Turkey\u2019s Renewable Energy Finance -T\u00fcrkiye S\u00fcrd\u00fcr\u00fclebilir Enerji Finansman\u0131 Olanaklar\u0131 ve i\u00e7inde\u00a0 T\u00fcrkiye\u2019nin Enerji Finansman\u0131n \u0130vmelendirilmesi konulu\u00a0 sunumunda\u00a0 i\u00e7inde\u00a0 T\u00fcrkiye\u2019nin\u00a0 Yenilenebilir Enerji Finansman\u0131n\u0131n SWOT analizini irdeledi ve finansman\u0131n\u00a0 \u00f6n\u00fcndeki en b\u00fcy\u00fck tehdidin \u201c \u00d6ngr\u00fclebilirlik eksikli\u011fi\u201d, enerji ithalat\u0131ndan kaynaklanan enerji fiyatlar\u0131ndaki volatilite\u00a0 oldu\u011funu vurgulad\u0131 Di\u011fer yandan zaafiyet alanlar\u0131 i\u00e7inde Enerji Bankac\u0131l\u0131k Birimleri konusunda eksiklik oldu\u011funu da belirtirken &#8220;Performans Guarantee Insurance&#8217;da&#8221; d\u00fczenlemelerin ve bankalara sa\u011flanacak tevik meknizmalar\u0131n\u0131n da Yenilenebilir Enerji Finansman\u0131n\u0131n \u00f6n\u00fcn\u00fc a\u00e7aca\u011f\u0131n\u0131 s\u00f6yledi .<\/p>\n<p style=\"color: #515151;\">\u0130zledi\u011fimiz sunumlardaki verilere g\u00f6re ; MidSEFF Program\u0131, 2011 den bu yana\u00a0 yedi T\u00fcrk bankas\u0131 arac\u0131l\u0131\u011f\u0131yla 53 proje finanse etmi\u015f, Toplam Yat\u0131r\u0131m Tutar\u0131 1.466 Milyon EUR\u00a0 , G\u00fcncel Kredi Tahsisi 889,6 Milyon EUR , Yenilenebilir Kurulu G\u00fc\u00e7 1003 MW (2010-2017 y\u0131llar\u0131 aras\u0131nda T\u00fcrkiye\u2019deki toplam YE kurulu g\u00fcc\u00fcne %5.6 katk\u0131) .<\/p>\n<p style=\"color: #515151;\">MidSEFF kredili<a style=\"color: #8224e3;\" target=\"\" rel=\"\">[xi]<\/a>\u00a0Soho Solar PV G\u00fcne\u015f Santral\u0131na dair bir sunum da proje tan\u0131t\u0131m\u0131n\u0131, tedbirler ve ba\u015far\u0131l\u0131 uygulamalar\u0131n\u00a0 yan\u0131s\u0131ra \u0130n\u015faat\/i\u015fletme s\u00fcresince kirlilik\/kontaminasyon ve emisyon olu\u015fumu;\u0130n\u015faat ve i\u015fletme d\u00f6nemi boyunca halk\/i\u015f\u00e7i sa\u011fl\u0131k ve g\u00fcvenli\u011fi; Peyzaj Etkisi;Tar\u0131m d\u0131\u015f\u0131 kullan\u0131m izni,Payda\u015flar\u0131n Kat\u0131l\u0131m\u0131;Flora ve fauna \u00fczerine etkiler; Parlama ve Par\u0131ldama etkisigibi\u00a0 temel \u00e7evresel ve sosyal hususlara i\u015faret edildi.<\/p>\n<p style=\"color: #515151;\">\u00a0TurSEFF Kredi Destek Program\u0131 Kategorileri ad\u0131 alt\u0131nda TurSEFF kapsam\u0131nda kategorize edilen kredi t\u00fcrleri, i\u00e7indeki \u00a0<a style=\"color: #8224e3;\" target=\"\" rel=\"\">[xii]<\/a>\u00a0Yenilenebilir Enerji Kredileri \u00fcst limit kriteri 5 milyon EUR\u2019a kadar -Maksimum 15 sene basit geri \u00f6deme s\u00fcresi iken\u00a0\u00a0\u00a0 teknik kriterlerinde\u00a0 maksimum 15 y\u0131l geri \u00f6deme s\u00fcresi -Net bug\u00fcnk\u00fc de\u011fer pozitif (%7 indirim oran\u0131ndan) &#8211; Her 1 EUR yat\u0131r\u0131mla minimum 1.3 kWh enerji \u00fcretimi -Hidro ve r\u00fczg\u00e2r projelerinde \u00e7evresel kriterler) olarak yer almaktad\u0131r.<\/p>\n<p style=\"color: #515151;\">Avrupa \u0130mar ve Kalk\u0131nma Bankas\u0131 (EBRD), 27 Ocak 2015&#8217;te, EBRD&#8217;nin mevcut ve \u00f6ng\u00f6r\u00fclen faaliyetleri ile ilgili konularda g\u00f6r\u00fc\u015fmek \u00fczere \u0130stanbul&#8217;da bir sivil toplum kurulu\u015flar\u0131 (STK) toplant\u0131s\u0131 d\u00fczenlenmi\u015f ve . Banka&#8217;n\u0131n T\u00fcrkiye Stratejisinin g\u00f6zden ge\u00e7irilmesi,Stratejinin amac\u0131, operasyonel ortam\u0131 de\u011ferlendirmek ve Banka&#8217;ya stratejik rehberlik gibi konular\u0131 sivil toplumun \u00f6nerilerine a\u00e7an bu etkinli\u011fe 19 sivil toplum kurulu\u015fundan gelen etkinli\u011fe 21 kat\u0131l\u0131mc\u0131 kat\u0131lm\u0131\u015ft\u0131 EBRD, T\u00fcrkiye Direkt\u00f6r\u00fc Michael Davey ,EBRD Ankara Ofisi Ba\u015fkan\u0131 Engin G\u00f6ksu,;Sivil Toplumun Y\u00f6neticisi Luisa Balbi ile T\u00fcrkiye Sivil Toplum temsilcisi stat\u00fcs\u00fc ile kat\u0131ld\u0131\u011f\u0131m\u00a0<a style=\"color: #8224e3;\" target=\"\" rel=\"\">[xiii]<\/a>\u00a0bu toplant\u0131da\u00a0 IRENEC 2017 de konu edinilen enerji verimlili\u011fi, s\u00fcrd\u00fcr\u00fclebilir enerjinin te\u015fvik edilmesi,iklim de\u011fi\u015fikli\u011finin\u00a0 y\u00f6netilmesi konusu masaya yat\u0131r\u0131lm\u0131\u015ft\u0131, Y\u00fcksek enerji ba\u011f\u0131ml\u0131l\u0131\u011f\u0131n\u0131n a\u015f\u0131lmas\u0131nda . STK&#8217;lar yenilenebilir enerji kaynaklar\u0131n\u0131n geli\u015ftirilmesinde yatt\u0131\u011f\u0131na inand\u0131\u011f\u0131 toplant\u0131da EBRD, TurSEFF (T\u00fcrkiye S\u00fcrd\u00fcr\u00fclebilir Enerji Finansman\u0131 Tesisi) gibi \u00f6zel finansman olanaklar\u0131 yoluyla enerji verimlili\u011fi i\u00e7in kredi sa\u011flamaya devam edece\u011fini do\u011frularken hali haz\u0131rda T\u00fcrkiye\u2019de karbon ekonomisi s\u00fcrd\u00fc\u011f\u00fcnden ye\u015fil bond projelerine y\u00f6nelik bir plan\u0131 bulunmamaktayd\u0131 .Bir s\u00fcre sonra ayn\u0131 y\u0131l\u00a0 Romanya \u2018daki diplomatik temas ziyaretlerim sonras\u0131nda B\u00fckre\u015f Athenee Palace Hilton&#8217;da\u00a0 (EBRD Romanya\u2019da Sustainable Energy Excellence Awards\u00a0(\u00f6d\u00fcl t\u00f6renine )i\u015ftirak ederek EBRD \u2018nin pek \u00e7ok yurtd\u0131\u015f\u0131 temsilcisi ile de tan\u0131\u015farak projeleri dinlemem\u00a0 Avrupa \u0130mar ve Kalk\u0131nma Bankas\u0131 \u00e7al\u0131\u015fmalar\u0131 ve i\u015fbirliktelikleri konusundaki alg\u0131m\u0131n se\u00e7ici olmas\u0131nda etkili. Bu nedenle IRENEC 2017 de g\u00f6r\u00fc\u015f\u00fclen konular i\u00e7inde, Sivil Toplum Kat\u0131l\u0131m\u0131 \u2013 EBRD i\u015fbirli\u011finin T\u00fcrkiye\u2019nin\u00a0\u00a0 %100 Yenilenebiir Enerjiye ge\u00e7i\u015f yolculu\u011funda \u00f6nemli kilometre ta\u015flar\u0131ndan biri oldu\u011funu d\u00fc\u015f\u00fcn\u00fcyorum.<\/p>\n<p style=\"color: #515151;\">Yenilenebilir Enerjinin \u0130ktisadi, \u00c7evre ve politikalara ili\u015fkin meseleleri, YE(Yenilenebilir Enerji)Sistem ve Teknolojileri,\u00a0 Sekt\u00f6rde\u00a0 100% Yenilenebilir Enerjiye nas\u0131l ge\u00e7ilebilece\u011finin y\u00f6ntemleri\u00a0 Enerji Verimlili\u011fi ,\u00a0\u00a0Mimaride \u201cEnerji Verimlili\u011fi\u201d ve \u201cS\u0131f\u0131r\/Art\u0131 Enerji\u201d Kavramlar\u0131 , %100 Yenilenebilire Ge\u00e7i\u015fte Yerel veya K\u00fcresel Faaliyetler,<b>\u00a0\u00a0<\/b>, YE kullanm\u0131n\u0131n makro ekonomik ve sosyal etkileri,\u00a0 YE Proje Finansman\u0131, \u0130hale Y\u00f6ntemleri,\u00a0 Ulusal Biyoenerji Politikalar\u0131 ve Uluslararas\u0131 \u0130\u015fbirli\u011fi Stratejileri.,Biyok\u00fctle ve Teknolojileri, Jeotermal ve Teknolojileri\u00a0, Avrupa\u00b4daki Deneyimler.,K\u00fcresel\u00a0 ve Yerel Deneyimler, Yenilenebilir Enerjinin Ticarile\u015fmesi.,Enerji Politikalar\u0131, Karar Destek Modelleri.Yasal \u00c7er\u00e7eve.YE Enerji Entegrasyonun \u00d6n\u00fcndeki Engeller.\u0130klim De\u011fi\u015fikli\u011finin Etkileri, Azalt\u0131m\u0131 ve Adaptasyonu.,Karbon Y\u00f6netimi ve Finans,K\u00fcresel Is\u0131nmaya Yenilenebilir \u00c7\u00f6z\u00fcmler, Enerji\u00a0 Arz G\u00fcvenli\u011fi,<b>\u00a0<\/b>Solar Enerji ,Jeotermal, Hidrojen Enerji Sistemleri. Hidrojen \u00dcretimi. Hidrojen Tedari\u011fi ve Depolamas\u0131, Hidrojen Son Kullan\u0131mTeknolojisi, Hidrojen \u00dczerine Uluslararas\u0131 Perspektifler,R\u00fczgar Enerjisi Politikalar Saha De\u011ferlendirmeleri ve Tahminleri, A\u00e7\u0131k Deniz R\u00fczgar Enerjisi,R\u00fczgar T\u00fcrbini Teknolojisi,Tesis Tasar\u0131m\u0131 ve Y\u00f6netimi.,\u015eebeke Ba\u011flant\u0131s\u0131 ve Elektrik Sistemleri.,K\u00fc\u00e7\u00fck ila Orta R\u00fczgar T\u00fcrbinleri,B\u00fcy\u00fck R\u00fczgar T\u00fcrbini ve R\u00fczgar \u00c7iftlikleri Uygulamalar\u0131.,R\u00fczgar Enerjisi Aeroakusti\u011fi, Enerji Karmas\u0131,%100 Yenilenebilir i\u00e7in \u0130novatif Depolama Teknolojileri, Y\u00fck Dengeleme ve Metodolojiler.,\u00c7evre ve Havac\u0131l\u0131k ile Uyumlu R\u00fczgar Teknolojisi, Ula\u015f\u0131m Sekt\u00f6r\u00fcnde Yenilenebilir Enerji.,Ula\u015f\u0131m Elektrifikasyonu ve Yenilenebilir Enerjinin Entegrasyonu., Hidrojen ve Yak\u0131t H\u00fccreleriyle\u00a0 Temiz Ula\u015f\u0131m Teknoloji ve Stratejileri,G\u00fcne\u015f Enerjisine dair I\u015f\u0131n\u0131m,\u00a0 Par\u0131ldama \u00f6l\u00e7\u00fcm\u00fc ve enerji potansiyeli hesaplamalar\u0131,g\u00fcne\u015f pilleri, tipleri, S\u0131cakl\u0131k ve I\u015f\u0131n\u0131m D\u00fczeltmeleri, Fotovoltaik G\u00fc\u00e7 Sistem, Bile\u015fen ve Mod\u00fcller Karakteristikleri,Se\u00e7imleri\u00a0 ve Boyutland\u0131r\u0131lmas\u0131 Bile\u015fenlerin Se\u00e7imi ve Boyutland\u0131rma\u015eebeke tasar\u0131m ve planlamaya\u00a0 dair kritik mevzular\u0131n yan\u0131s\u0131ra\u00a0 ,Solar Enerjili Ta\u015f\u0131tlar.,Hidrojen Ta\u015f\u0131tlar\u0131.Yenilenebilir Enerjiye Dayanan S\u00fcrd\u00fcr\u00fclebilir Nakliye.Enerji E\u011fitimi ve \u00d6\u011frenimi. Yenilenebilir Enerjiler ve Toplum., Her Seviyede Kapasite Geli\u015ftirme.,Yenilenebilir Enerji Kaynak De\u011ferlendirmesi.gibi pek \u00e7ok\u00a0 konunun 360 derece\u00a0\u00a0 mercek alt\u0131na al\u0131nd\u0131\u011f\u0131 Konferans\u00a0 sayesinde\u00a0 Temiz ve Yenilenebilir Enerji konusundaki fark\u0131ndal\u0131\u011f\u0131n\u00a0 ve\u00a0 yerel, b\u00f6lgesel, k\u00fcresel \u00e7apta\u00a0Enerji g\u00fcvenli\u011fi, Yenilenebilir, S\u00fcrd\u00fcr\u00fclebilir Enerji meselelerine stratejik, etik\u00a0 ve \u00e7\u00f6z\u00fcm odakl\u0131\u00a0 yakla\u015f\u0131m ve eylemin daha etkin, verimli ekonomik ve sosyal getiriler sa\u011flanabilece\u011finin alt\u0131 \u00e7izilmi\u015f oldu.<\/p>\n<p style=\"color: #515151;\">Yat\u0131r\u0131mc\u0131lar, Uygulay\u0131c\u0131lar, Akademisyenler ve Medya mensuplar\u0131\u00a0 100% Yenilenebilir Enerjiye p\u00fcr\u00fczs\u00fcz ge\u00e7ilebimesinin \u00f6n\u00fcnde engel te\u015fkil etmemesi i\u00e7in\u00a0\u00a0 Enerji Piyasalar\u0131nda \u00d6ng\u00f6r\u00fclebilirli\u011fin art\u0131r\u0131lmas\u0131\u00a0, Yayg\u0131nla\u015ft\u0131rmada Lokalizasyon ve\u00a0 \u0130novasyona\u00a0 dair meseleleri\u00a0 , Enerji Depolamas\u0131 ve Enerji D\u00f6n\u00fc\u015f\u00fcm\u00fcndeki sorunsallar\u0131, Enerji sisteminin fosil yak\u0131tlardan yenilenebilir enerjiye tamamen ge\u00e7i\u015fini sa\u011flamak i\u00e7in\u00a0 fosil yak\u0131tlara te\u015fvik ve s\u00fcbvansiyonlar\u0131n kald\u0131r\u0131lmas\u0131 gereklili\u011fi ,Yerlile\u015ftirme, Yenilenebilir Enerji Kaynak Alanlar\u0131 (YEKA) Y\u00f6netmeli\u011fi\u2019nde\u00a0 YEKA kapsam\u0131nda\u00a0 \u00fcretilecek elektri\u011fin belirlenen fiyattan al\u0131nmas\u0131 taahh\u00fcd\u00fcn\u00fcn s\u00fcresi m\u00fccbir hallere ili\u015fkin\u00a0 d\u00fczenlemeler, Yerli \u00dcr\u00fcn Kullan\u0131m Taahh\u00fcd\u00fc (Y\u00dcKT) ba\u015fvurusu yapacak isteklilerin t\u00fczel ki\u015fi olma \u015fart\u0131 kald\u0131r\u0131larak, 5746 Say\u0131l\u0131 Kanun kapsam\u0131nda ve\/veya ihale \u015fartnamesinde belirlenen ko\u015ful ve s\u00fcrelerde sunacaklar\u0131 Y\u0131ll\u0131k Ar-Ge plan\u0131 \u00e7er\u00e7evesinde AR-GE faaliyetlerinde bulunmalar\u0131na il\u015fkin piyasa realitelerine uygun ge\u00e7i\u015f planlamas\u0131, Milli Fosil yak\u0131t Y.E maliyetleri a\u00e7\u0131s\u0131ndan uygun benchmarklar i\u00e7in\u00a0 gizli maliyet ve d\u0131\u015fsallar\u0131n da hesaba kat\u0131lmas\u0131 gereklili\u011fi, \u00a0Lisansl\u0131 ve Lisanss\u0131z\u00a0 S\u00fcre\u00e7lerinin uzunlu\u011fu, b\u00fcrokrasinin\u00a0 fazlal\u0131\u011f\u0131 gibi geli\u015ftirilmesi\u00a0 gereken pek \u00e7ok alan oldu\u011funun alt\u0131n\u0131 \u00e7izerken , ilgili konular\u0131n muhatab\u0131 olan yetkili ve sorumlular da di\u011fer oturumlarda\u00a0 makro ekonomik ve siyasi\u00a0 politika ve hedefler do\u011frultusunda\u00a0 ilgili bakanl\u0131k ve kurumar\u0131n \u00f6nceliklerinin, \u00a0yerli ve milli bir yenilenebilir\u00a0 enerjisi sanayisi olu\u015fturma hedeflerinin \u00e7er\u00e7evesini \u00e7izerek\u00a0 mezkur engellerin\u00a0 kald\u0131r\u0131lmas\u0131na ili\u015fkin\u00a0 di\u011fer kurumlar ve birimlerle yap\u0131lan i\u015fbirli\u011fi, koordinasyon ve konsolidasyonlarda al\u0131nan yollara dair bilgiler naklettiler.<\/p>\n<div style=\"color: #515151;\">D\u00dcNYA Gazetesi Enerji Sayfas\u0131 edit\u00f6r\u00fc\u00a0ve Enerji G\u00fcnl\u00fc\u011f\u00fc kurucu y\u00f6netmeni Mehmet Kara, Enerji G\u00fcnl\u00fc\u011f\u00fc editor yazar Sabiha K\u00f6tek ve EKOIQ\u00a0\u00a0\u00a0Ye\u015fil \u0130\u015f ve Ya\u015fam Dergisi\u00a0Genel Yay\u0131n Y\u00f6netmeni\u00a0Bar\u0131\u015f\u00a0Do\u011fru\u2019\u2018nun kat\u0131ld\u0131klar\u0131 Basin ve Yenilenebilir Enerji Oturumunda medyadan kaynaklanan ya da medyaya y\u00f6neltilen bask\u0131 ve sorunlar\u0131n yan\u0131s\u0131ra sosyal, ekolojik ve ekonomik anlamda s\u00fcrd\u00fcr\u00fclebilirli\u011fin ilkelerinden taviz vermeyen bas\u0131n\u0131n \u00f6nemini vurgulad\u0131lar.<\/div>\n<p style=\"color: #515151;\">Yenilenebilir Enerjinin yayg\u0131nla\u015fmas\u0131 ve kamuoyunda ve t\u00fcm payda\u015flarda muteber bir alg\u0131ya kavu\u015fturulabilmesi ve i\u00e7in de demokrasinin teminat\u0131 olarak adledilen, ilkeli, adil tarafs\u0131z habercilik ve, \u00f6zg\u00fcr,bilgili, ara\u015ft\u0131ran bir bas\u0131n\u0131n\u00a0 ve bas\u0131n mensubunun olmas\u0131 gereklili\u011finin\u00a0 yan\u0131s\u0131ra dezenformasyon , suni, aparagas, kayg\u0131 y\u00fckl\u00fc\u00a0 haber ve sebebiyet verdi\u011fi galeyana itibar etmemek , manip\u00fclasyona maruz kalmamak a\u00e7\u0131s\u0131ndan 100% Yenilenebilir Enerjiye ge\u00e7i\u015f ba\u015far\u0131s\u0131 i\u00e7in\u00a0 seviyesi y\u00fckseltilmi\u015f bir bilin\u00e7le ve anlay\u0131\u015fla, \u015fahsi hassasiyetlerine ragmen objektif bir perspektiften olaylara yakla\u015fan ve irdeleyen , analitik d\u00fc\u015f\u00fcnen, sorgulay\u0131c\u0131\u00a0 bir medya okur yazarl\u0131\u011f\u0131na\u00a0 eri\u015fmek i\u00e7in\u00a0 \u201cAlg\u0131 y\u00f6nteimi ve\u00a0 Etkin \u0130leti\u015fim\u201d\u00a0 e\u011fitimin de g\u00fc\u00e7l\u00fc bir karar destek sa\u011flayaca\u011f\u0131 konular\u0131na de\u011finildi.<\/p>\n<p style=\"color: #515151;\">M\u00fczakere e\u011fitimleri esnas\u0131nda Yenilenebilir Enerjiyi de i\u015flenen konulara katma iste\u011fimi de ate\u015fleyen\u00a0\u00a0 ( IRENEC 2017 )Konferans\u2019\u0131nda\u00a0 de\u011finilen konular\u0131n verdi\u011fi esinin yaratt\u0131\u011f\u0131 izlenimlerin k\u0131v\u0131lc\u0131m\u0131yla daha evvel Uluslararas\u0131 Politika Akademisi (UPA) Genel Koordinat\u00f6r\u00fc ve Beykent \u00dcniversitesi Siyaset Bilimi ve Kamu Y\u00f6netimi b\u00f6l\u00fcm\u00fc \u00f6\u011fretim \u00fcyesi Yrd. Do\u00e7.Dr. Ozan \u00d6rmeci ile Girne Amerikan \u00dcniversitesi \u00a0(GA\u00dc) Uluslararas\u0131 \u0130li\u015fkiler b\u00f6l\u00fcm\u00fc \u00f6\u011fretim \u00fcyesi Do\u00e7. Dr. H\u00fcseyin I\u015f\u0131ksal\u2019\u0131n edit\u00f6r\u00fc oldu\u011fu ve AB Enerji Politikalar\u0131nda T\u00fcrkiye\u2019nin Yeri\u00a0(\u00c7i\u011fdem Yorganc\u0131o\u011flu) konu ba\u015fl\u0131\u011f\u0131ndaki mevzulara dair\u00a0\u00a0 (Sayfa 23- 44)\u00a0 kendiminde\u00a0 i\u00e7inde bulundu\u011fu ve\u00a0\u00a0 bir\u00e7ok UPA yazar\u0131n\u0131n makaleleriyle katk\u0131da bulundu\u011fu \u201cMavi Elma: T\u00fcrkiye-Avrupa \u0130li\u015fkileri\u201d adl\u0131 Ankara Gazi Kitabevi taraf\u0131ndan yay\u0131nlanan, bir y\u0131l\u0131 a\u015fk\u0131n s\u00fcreyle devam eden yo\u011fun bir \u00e7al\u0131\u015fma s\u00fcrecinin neticesi \u00a0olan,\u00a0 (\u201c\u00d6ns\u00f6z\u201d b\u00f6l\u00fcm\u00fc, \u00f6nceki D\u0131\u015f \u0130\u015fleri Bakanlar\u0131m\u0131zdan Sn.Ya\u015far Yak\u0131\u015f ve Sn. Murat Karayal\u00e7\u0131n taraf\u0131ndan yaz\u0131lm\u0131\u015f )\u00a0\u00a0\u00a0 kitapta\u00a0<a style=\"color: #8224e3;\" target=\"\" rel=\"\">[xiv]<\/a>\u00a0, kendime ayr\u0131lm\u0131\u015f b\u00f6l\u00fcm\u00fcn ana ba\u015fl\u0131klar\u0131ndan biri olan \u0130KL\u0130M DE\u011e\u0130\u015e\u0130KL\u0130\u011e\u0130 ve YEN\u0130LENEB\u0130L\u0130R ENERJ\u0130 k\u0131sm\u0131n\u0131 da\u00a0 bundan sonra\u00a0 Yenilenebilir Enerji \u2018nin yayg\u0131nla\u015ft\u0131r\u0131lmas\u0131n\u0131n rasyonalize edilebiecek pek \u00e7ok m\u00fcspet etkisinin yan\u0131s\u0131ra \u201cD\u00fcnya Bar\u0131\u015f\u0131\u201d\u0131na da olumlu y\u00f6nde etki edece\u011fine olan inanc\u0131mla;\u00a0\u00a0\u00a0 makale, analiz, ara\u015ft\u0131rma, derleme\u00a0 \u00e7al\u0131\u015fmalar\u0131 ile geni\u015fletme karar\u0131ma yans\u0131mas\u0131, kitab\u0131n haz\u0131rlanmas\u0131 sonras\u0131 gerek ihaleller ,\u00a0 2015 tarihinde yay\u0131mlan \u201cT\u00fcrkiye Ulusal Yenilenebilir Enerji Eylem Plan\u0131\u201d sonras\u0131 geli\u015fmeler, yeni yat\u0131r\u0131mlar Elektrik Enerjisi \u00dcretimine Y\u00f6nelik Yenilenebilir Enerji Kaynak Alanlar\u0131n\u0131n Belirlenmesine dair EPDK yeni y\u00f6netmelikler gerekse de ba\u015fya (COP21) Paris 2015 \u0130klim zirvesinin kitab\u0131n haz\u0131rlanmas\u0131ndan sonra ger\u00e7ekle\u015fmesi\u00a0 hasebiyle\u00a0 tamamlay\u0131c\u0131 ve g\u00fcncel \u00e7al\u0131\u015fmalar\u00a0 olarak d\u00fc\u015f\u00fcn\u00fclebilir.<\/p>\n<p style=\"color: #515151;\">UPA Temsilcisi olarak kat\u0131ld\u0131\u011f\u0131m bu Konferansta i\u015flenen Yenilenebilir Enerjiyi dair konular\u0131n\u00a0\u00a0 analizleri ve IRENEC 2017 ye\u00a0 i\u015ftirak\u00a0 eden\u00a0 akademisyenlerin\u00a0 r\u00f6portajlar\u0131nda g\u00f6r\u00fc\u015fmek \u00fczere bol g\u00fcne\u015fli ve r\u00fczgarl\u0131 g\u00fczel bir hafta diliyorum..<\/p>\n<p style=\"color: #515151;\">H.\u00c7i\u011fdem Yorganc\u0131o\u011flu<\/p>\n<div style=\"color: #515151;\">\n<p><a style=\"color: #8224e3;\" target=\"\" rel=\"\">[i]<\/a>\u00a0:\u00a0<a style=\"color: #8224e3;\" href=\"http:\/\/www.ren21.net\/future-of-renewables\/global-futures-report\" target=\"\" rel=\"\">http:\/\/www.ren21.net\/future-of-renewables\/global-futures-report<\/a><\/p>\n<\/div>\n<div style=\"color: #515151;\">\n<p><a style=\"color: #8224e3;\" target=\"\" rel=\"\">[ii]<\/a>\u00a0REPORT CITATION REN21. 2017 Renewables Global Futures Report: Great debates towards 100% renewable energy (Paris: REN21 Secretariat). ISBN 978-3-9818107-4-5\u00a0<a style=\"color: #8224e3;\" href=\"http:\/\/www.ren21.net\/wp-content\/uploads\/2017\/03\/GFR-Full-Report-2017.pdf\" target=\"\" rel=\"\">http:\/\/www.ren21.net\/wp-content\/uploads\/2017\/03\/GFR-Full-Report-2017.pdf<\/a><\/p>\n<\/div>\n<div style=\"color: #515151;\">\n<p><a style=\"color: #8224e3;\" target=\"\" rel=\"\">[iii]<\/a>\u00a0<a style=\"color: #8224e3;\" href=\"http:\/\/solarpv.tv\/index.php\/2017\/05\/15\/towards-100-renewable-energy-in-africa-worldwide-exclusive-talk-to-christine-lins-executive-secretary-at-ren21\/\" target=\"\" rel=\"\">http:\/\/solarpv.tv\/index.php\/2017\/05\/15\/towards-100-renewable-energy-in-africa-worldwide-exclusive-talk-to-christine-lins-executive-secretary-at-ren21\/<\/a><\/p>\n<\/div>\n<div style=\"color: #515151;\">\n<p><a style=\"color: #8224e3;\" target=\"\" rel=\"\">[iv]<\/a>\u00a0<a style=\"color: #8224e3;\" href=\"http:\/\/www.ey.com\/Publication\/vwLUAssets\/EY-RECAI-49-May-2017\/$FILE\/EY-RECAI-49-May-2017.pdf\" target=\"\" rel=\"\">http:\/\/www.ey.com\/Publication\/vwLUAssets\/EY-RECAI-49-May-2017\/$FILE\/EY-RECAI-49-May-2017.pdf<\/a><\/p>\n<\/div>\n<div style=\"color: #515151;\">\n<p><a style=\"color: #8224e3;\" target=\"\" rel=\"\">[v]<\/a>\u00a0<a style=\"color: #8224e3;\" href=\"http:\/\/www.ey.com\/Publication\/vwLUAssets\/EY-RECAI-48-October-2016\/$FILE\/EY-RECAI-48-October-2016.pdf\" target=\"\" rel=\"\">http:\/\/www.ey.com\/Publication\/vwLUAssets\/EY-RECAI-48-October-2016\/$FILE\/EY-RECAI-48-October-2016.pdf<\/a><\/p>\n<\/div>\n<div style=\"color: #515151;\">\n<p><a style=\"color: #8224e3;\" target=\"\" rel=\"\">[vi]<\/a>\u00a0 Resmi Gazete\u00a0<a style=\"color: #8224e3;\" href=\"http:\/\/www.resmigazete.gov.tr\/eskiler\/2017\/02\/20170223-11.htm\" target=\"\" rel=\"\">http:\/\/www.resmigazete.gov.tr\/eskiler\/2017\/02\/20170223-11.htm<\/a><\/p>\n<\/div>\n<div style=\"color: #515151;\">\n<p><a style=\"color: #8224e3;\" target=\"\" rel=\"\">[vii]<\/a>\u00a0Resmi Gazete\u00a0\u00a0<a style=\"color: #8224e3;\" href=\"http:\/\/www.resmigazete.gov.tr\/eskiler\/2016\/03\/20160323-5.htm\" target=\"\" rel=\"\">http:\/\/www.resmigazete.gov.tr\/eskiler\/2016\/03\/20160323-5.htm<\/a><\/p>\n<\/div>\n<div style=\"color: #515151;\">\n<p><a style=\"color: #8224e3;\" target=\"\" rel=\"\">[viii]<\/a>\u00a0 IRENEC 2017\u00a0\u00a0<a style=\"color: #8224e3;\" title=\"Link: http:\/\/www.irenec.org\/\" href=\"http:\/\/www.irenec.org\/\" target=\"\" rel=\"\">http:\/\/www.irenec.org<\/a><\/p>\n<h4 style=\"color: inherit;\"><a style=\"color: #8224e3;\" target=\"\" rel=\"\">[ix]<\/a>\u00a0D\u00fcnya Gazetesi &#8211; Karap\u0131nar YEKA ihalesi \u00a0<a style=\"color: #8224e3;\" title=\"Link: http:\/\/www.dunya.com\/sektorler\/enerji\/karapinar-yeka-ihalesi-sonuclandi-haberi-354530\" href=\"http:\/\/www.dunya.com\/sektorler\/enerji\/karapinar-yeka-ihalesi-sonuclandi-haberi-354530\" target=\"\" rel=\"\">http:\/\/www.dunya.com\/sektorler\/enerji\/karapinar-yeka-ihalesi-sonuclandi-haberi-35453<\/a><\/h4>\n<\/div>\n<div style=\"color: #515151;\">\n<p><a style=\"color: #8224e3;\" target=\"\" rel=\"\">[x]<\/a>\u00a0The European Bank for Reconstruction and Development \u00a0<a style=\"color: #8224e3;\" href=\"http:\/\/www.ebrd.com\/news\/2016\/new-ebrd-financing-for-turkish-renewable-energy-via-isbank.html\" target=\"\" rel=\"\">http:\/\/www.ebrd.com\/news\/2016\/new-ebrd-financing-for-turkish-renewable-energy-via-isbank.html<\/a><\/p>\n<\/div>\n<div style=\"color: #515151;\">\n<p><a style=\"color: #8224e3;\" target=\"\" rel=\"\">[xi]<\/a>\u00a0<a style=\"color: #8224e3;\" href=\"http:\/\/midseff.com\/tr\/factsheets_tr\/soho_solar.pdf\" target=\"\" rel=\"\">http:\/\/midseff.com\/tr\/factsheets_tr\/soho_solar.pdf<\/a><\/p>\n<\/div>\n<div style=\"color: #515151;\">\n<p><a style=\"color: #8224e3;\" target=\"\" rel=\"\">[xii]<\/a>\u00a0TurSEFF Kredi Destek Program\u0131 Kategorileri\u00a0\u00a0 &#8211;\u00a0<a style=\"color: #8224e3;\" href=\"http:\/\/www.turseff.org\/uploads\/2014\/06\/TurSEFF_TR.pdf\" target=\"\" rel=\"\">http:\/\/www.turseff.org\/uploads\/2014\/06\/TurSEFF_TR.pdf<\/a><\/p>\n<\/div>\n<div style=\"color: #515151;\">\n<p><a style=\"color: #8224e3;\" target=\"\" rel=\"\">[xiii]<\/a>\u00a0The European Bank for Reconstruction and Development (EBRD)Strategy For Turkey, \u00a0H. C\u00a0 Yorgancioglu \u00a0Judical Expert Energy\u00a0 attendee\u00a0 #12\u00a0\u00a0<a style=\"color: #8224e3;\" href=\"https:\/\/www.academia.edu\/10751610\/The_European_Bank_for_Reconstruction_and_Development_EBRD_Strategy_For_Turkey\" target=\"\" rel=\"\">https:\/\/www.academia.edu\/10751610\/The_European_Bank_for_Reconstruction_and_Development_EBRD_Strategy_For_Turkey<\/a><\/p>\n<\/div>\n<div style=\"color: #515151;\">\n<p><a style=\"color: #8224e3;\" target=\"\" rel=\"\">[xiv]<\/a>\u00a0<a style=\"color: #8224e3;\" href=\"http:\/\/politikaakademisi.org\/2016\/07\/04\/upadan-yeni-kitap-mavi-elma-turkiye-avrupa-iliskileri\/\" target=\"\" rel=\"\">http:\/\/politikaakademisi.org\/2016\/07\/04\/upadan-yeni-kitap-mavi-elma-turkiye-avrupa-iliskileri\/<\/a><\/p>\n<p>Ref<\/p>\n<p><a style=\"color: #8224e3;\" href=\"http:\/\/enerjienstitusu.com\/turkiye-kurulu-elektrik-enerji-gucu-mw\/\" target=\"\" rel=\"\">http:\/\/enerjienstitusu.com\/turkiye-kurulu-elektrik-enerji-gucu-mw\/<\/a><\/p>\n<p>Yenilenebilir Enerji Kaynaklar\u0131ndan Elektrik Enerjisi \u00dcreten Tesislerde Kullan\u0131lan Yerli Aksam\u0131n Desteklenmesine Dair Usul Ve Esaslar\u00a0\u00a0\u00a0<a style=\"color: #8224e3;\" href=\"http:\/\/www.enerji.gov.tr\/\" target=\"\" rel=\"\">http:\/\/www.enerji.gov.tr<\/a><\/p>\n<p>Yenilenebilir Enerji Kaynaklar\u0131 Destekleme Mekanizmas\u0131(YEKDEM)<\/p>\n<p><a style=\"color: #8224e3;\" href=\"http:\/\/www.eie.gov.tr\/yenilenebilir.aspx\" target=\"\" rel=\"\">http:\/\/www.eie.gov.tr\/yenilenebilir.aspx<\/a><\/p>\n<p><a style=\"color: #8224e3;\" href=\"https:\/\/www.giz.de\/expertise\/html\/3555.html\" target=\"\" rel=\"\">https:\/\/www.giz.de\/expertise\/html\/3555.html<\/a><\/p>\n<p><a style=\"color: #8224e3;\" href=\"http:\/\/www.ab.gov.tr\/_80_en.html\" target=\"\" rel=\"\">http:\/\/www.ab.gov.tr\/_80_en.html<\/a><\/p>\n<p>the\u00a0Investment Support and Promotion Agency of Turkey\u00a0(ISPAT)\u00a0\u00a0<a style=\"color: #8224e3;\" href=\"http:\/\/www.invest.gov.tr\/en-US\/infocenter\/news\/Pages\/turkey-on-way-to-export-energy-within-a-decade.aspx\" target=\"\" rel=\"\">http:\/\/www.invest.gov.tr\/en-US\/infocenter\/news\/Pages\/turkey-on-way-to-export-energy-within-a-decade.aspx<\/a><\/p>\n<p>World Energy Scenarios l 2016 &#8211;\u00a0<a style=\"color: #8224e3;\" href=\"https:\/\/www.worldenergy.org\/wp-content\/uploads\/2016\/10\/World-Energy-Scenarios-2016_Full-Report.pdf\" target=\"\" rel=\"\">https:\/\/www.worldenergy.org\/wp-content\/uploads\/2016\/10\/World-Energy-Scenarios-2016_Full-Report.pdf<\/a><\/p>\n<p><a style=\"color: #8224e3;\" href=\"http:\/\/politikaakademisi.org\/2017\/05\/22\/7-uluslararasi-100-yenilenebilir-enerji-konferansi\/\" target=\"\" rel=\"\">http:\/\/politikaakademisi.org\/2017\/05\/22\/7-uluslararasi-100-yenilenebilir-enerji-konferansi\/<\/a><\/p>\n<p><a style=\"color: #8224e3;\" href=\"http:\/\/www.eurosolar.org.tr\/\" target=\"\" rel=\"\">http:\/\/www.eurosolar.org.tr\/<\/a><\/p>\n<p><a style=\"color: #6c1fc4 !important;\" href=\"https:\/\/eurosolar.de\/en\/index.php\/sections-eurosolar\/turkey\" target=\"\" rel=\"\">https:\/\/eurosolar.de\/en\/index.php\/sections-eurosolar\/turkey<\/a><\/p>\n<p><a style=\"color: #8224e3;\" href=\"https:\/\/boun.academia.edu\/CigdemYorgancoglu\" target=\"_blank\" rel=\"\">https:\/\/boun.academia.edu\/CigdemYorgancoglu<\/a><\/p>\n<\/div>\n<p><\/p>","protected":false},"excerpt":{"rendered":"<p>Sorry, this entry is only available in Turkish. For the sake of viewer convenience, the content is shown below in the alternative language. You may click the link to switch the active language. Birle\u015fmi\u015f Milletler \u00c7evre Program\u0131 (UNEP- \u00a0United Nations Environment Programme\u00a0) kapsam\u0131ndaki\u00a0\u00a0 21. Y\u00fczy\u0131l Yenilenebilir Enerji Politikalar\u0131 A\u011f\u0131 &#8211; Renewables\u00a0 Energy Policy Network\u00a0 for [&hellip;]<\/p>\n","protected":false},"author":1,"featured_media":64112,"comment_status":"open","ping_status":"open","sticky":false,"template":"","format":"standard","meta":[],"categories":[22893,53,49,50],"tags":[63,67,1009,2698,165,6319,30635,8743,23572,34104],"views":3386,"_links":{"self":[{"href":"https:\/\/www.enerjigazetesi.ist\/en\/wp-json\/wp\/v2\/posts\/64479"}],"collection":[{"href":"https:\/\/www.enerjigazetesi.ist\/en\/wp-json\/wp\/v2\/posts"}],"about":[{"href":"https:\/\/www.enerjigazetesi.ist\/en\/wp-json\/wp\/v2\/types\/post"}],"author":[{"embeddable":true,"href":"https:\/\/www.enerjigazetesi.ist\/en\/wp-json\/wp\/v2\/users\/1"}],"replies":[{"embeddable":true,"href":"https:\/\/www.enerjigazetesi.ist\/en\/wp-json\/wp\/v2\/comments?post=64479"}],"version-history":[{"count":6,"href":"https:\/\/www.enerjigazetesi.ist\/en\/wp-json\/wp\/v2\/posts\/64479\/revisions"}],"predecessor-version":[{"id":64504,"href":"https:\/\/www.enerjigazetesi.ist\/en\/wp-json\/wp\/v2\/posts\/64479\/revisions\/64504"}],"wp:featuredmedia":[{"embeddable":true,"href":"https:\/\/www.enerjigazetesi.ist\/en\/wp-json\/wp\/v2\/media\/64112"}],"wp:attachment":[{"href":"https:\/\/www.enerjigazetesi.ist\/en\/wp-json\/wp\/v2\/media?parent=64479"}],"wp:term":[{"taxonomy":"category","embeddable":true,"href":"https:\/\/www.enerjigazetesi.ist\/en\/wp-json\/wp\/v2\/categories?post=64479"},{"taxonomy":"post_tag","embeddable":true,"href":"https:\/\/www.enerjigazetesi.ist\/en\/wp-json\/wp\/v2\/tags?post=64479"}],"curies":[{"name":"wp","href":"https:\/\/api.w.org\/{rel}","templated":true}]}}