{"id":64476,"date":"2017-05-27T14:57:01","date_gmt":"2017-05-27T11:57:01","guid":{"rendered":"https:\/\/www.enerjigazetesi.ist\/?p=64476"},"modified":"2017-05-27T14:57:01","modified_gmt":"2017-05-27T11:57:01","slug":"uluslararasi-temiz-komur-teknolojileri-zirvesi-sonuc-raporu-yayimlandi","status":"publish","type":"post","link":"https:\/\/www.enerjigazetesi.ist\/en\/uluslararasi-temiz-komur-teknolojileri-zirvesi-sonuc-raporu-yayimlandi\/","title":{"rendered":"(Turkish) Uluslararas\u0131 Temiz K\u00f6m\u00fcr Teknolojileri Zirvesi Sonu\u00e7 Raporu Yay\u0131mland\u0131"},"content":{"rendered":"<p class=\"qtranxs-available-languages-message qtranxs-available-languages-message-en\">Sorry, this entry is only available in <a href=\"https:\/\/www.enerjigazetesi.ist\/tr\/wp-json\/wp\/v2\/posts\/64476\" class=\"qtranxs-available-language-link qtranxs-available-language-link-tr\" title=\"Turkish\">Turkish<\/a>. For the sake of viewer convenience, the content is shown below in the alternative language. You may click the link to switch the active language.<\/p><p><strong>T\u00fcrkiye\u2019deki yerli k\u00f6m\u00fcr teknolojilerinin kullan\u0131m\u0131na y\u00f6nelik yap\u0131lan te\u015fvik \u00e7al\u0131\u015fmalar\u0131 kapsam\u0131nda, T\u00fcrkiye\u2019nin en b\u00fcy\u00fck enerji \u015firketlerinin \u00fcye oldu\u011fu K\u00f6m\u00fcr \u00dcreticileri Derne\u011fi T\u00fcrkiye\u2019de ilk defa yerli k\u00f6m\u00fcr ve teknolojilerinin kullan\u0131m\u0131 artt\u0131rmak i\u00e7in \u201cUluslararas\u0131 Temiz K\u00f6m\u00fcr Teknolojileri Zirvesi\u201dni 18 &#8211; 19 May\u0131s 2017 tarihlerinde Pullman \u0130stanbul Convention Center\u2019da d\u00fczenlemi\u015ftir. K\u00d6M\u00dcRDER \u00fcyesi 44 firma \u00fclkemizdeki k\u00f6m\u00fcr \u00fcretiminin %95\u2019ni ger\u00e7ekle\u015ftirmektedir.<\/strong><\/p>\n<p>T.C. Enerji ve Tabii Kaynaklar Bakanl\u0131\u011f\u0131n\u0131n ana deste\u011finde ger\u00e7ekle\u015ftirilen zirvede yerli k\u00f6m\u00fcr\u00a0 teknolojileri \u00a0\u00fczerine yap\u0131lan te\u015fvik kararlar\u0131 kapsam\u0131nda elektrik enerjisi \u00fcretiminde yerli kayna\u011f\u0131m\u0131z olan\u00a0 \u00a0k\u00f6m\u00fcr rezervlerimizi s\u00fcrd\u00fcr\u00fclebilir kalk\u0131nma-enerji-iklim de\u011fi\u015fikli\u011fi ili\u015fkisini de dikkate alarak linyit ve ta\u015fk\u00f6m\u00fcr\u00fc rezervlerimizin y\u00fcksek verim ve d\u00fc\u015f\u00fck em<img loading=\"lazy\" class=\"alignright size-medium wp-image-64477\" src=\"https:\/\/www.enerjigazetesi.ist\/wp-content\/uploads\/2017\/05\/uluslararasi-temiz-komur-teknolojileri-zirvesi-sonuc-raporu-yayimlandi-300x200.jpg\" alt=\"uluslararasi-temiz-komur-teknolojileri-zirvesi-sonuc-raporu-yayimlandi\" width=\"300\" height=\"200\" srcset=\"https:\/\/www.enerjigazetesi.ist\/wp-content\/uploads\/2017\/05\/uluslararasi-temiz-komur-teknolojileri-zirvesi-sonuc-raporu-yayimlandi-300x200.jpg 300w, https:\/\/www.enerjigazetesi.ist\/wp-content\/uploads\/2017\/05\/uluslararasi-temiz-komur-teknolojileri-zirvesi-sonuc-raporu-yayimlandi-500x333.jpg 500w, https:\/\/www.enerjigazetesi.ist\/wp-content\/uploads\/2017\/05\/uluslararasi-temiz-komur-teknolojileri-zirvesi-sonuc-raporu-yayimlandi-75x50.jpg 75w, https:\/\/www.enerjigazetesi.ist\/wp-content\/uploads\/2017\/05\/uluslararasi-temiz-komur-teknolojileri-zirvesi-sonuc-raporu-yayimlandi.jpg 900w\" sizes=\"(max-width: 300px) 100vw, 300px\" \/>isyonla \u00e7al\u0131\u015fan yeni termik santrallere sahip olman\u0131n bizlere ne kadar yak\u0131n oldu\u011funu g\u00f6stermek bu zirvenin temel amac\u0131n\u0131 olu\u015fturmu\u015ftur.<\/p>\n<p>\u201cUluslararas\u0131 Temiz K\u00f6m\u00fcr Teknolojileri Zirvesi\u201d ile k\u00f6m\u00fcr rezervlerimizi maksimum d\u00fczeyde kullanmak amac\u0131 ile termik santrallerde g\u00f6rev alacak piyasa oyuncular\u0131n\u0131; enerji santrali yat\u0131r\u0131mc\u0131lar\u0131n\u0131 ve i\u015fletmecilerini;\u00a0 \u00e7elik boru, pompa, vana, ba\u011flant\u0131 elemanlar\u0131, bas\u0131n\u00e7l\u0131 kap \u00fcreticilerini; lojistik destek veren firmalar\u0131; sertifikasyon, \u00c7ED raporlama firmalar\u0131n\u0131 ve k\u00f6m\u00fcr analizi yapan laboratuvarlar\u0131; di\u011fer yerli firmalar\u0131 bir araya getirerek bir sinerji olu\u015fturmu\u015ftur.<\/p>\n<p>Uluslararas\u0131 olan etkinli\u011fe Almaya, \u00c7in, \u00c7ek Cumhuriyeti, Polonya, Hindistan, \u0130ran \u00fclkeleri ba\u015fta olmak \u00fczere kat\u0131l\u0131m olmu\u015ftur. Toplamda <strong>183 kamu ve \u00f6zel sekt\u00f6r kurulu\u015fu, \u0130stanbul Teknik \u00dcniversitesi, Hacettepe \u00dcniversitesi ve bir\u00e7ok sivil toplum kurulu\u015fu<\/strong>nun kat\u0131l\u0131m g\u00f6sterdi\u011fi zirvede ayn\u0131 zamanda <strong>4 ana ba\u015fl\u0131k<\/strong>ta yerli k\u00f6m\u00fcr ve teknolojileri tart\u0131\u015f\u0131lm\u0131\u015ft\u0131r.<\/p>\n<p>Zirve s\u0131ras\u0131nda ger\u00e7ekle\u015fen konferanslarda Temiz K\u00f6m\u00fcr Teknolojileri, Finans Modelleri, \u0130\u015f Sa\u011fl\u0131\u011f\u0131 G\u00fcvenli\u011fi, T\u00fcrkiye&#8217;de K\u00f6m\u00fcr Madencili\u011fi, \u00c7evre ve Emisyon ba\u015fl\u0131klar\u0131 alt\u0131nda sunumlar yer ald\u0131.<\/p>\n<p>A\u00e7\u0131l\u0131\u015f\u0131n\u0131 K\u00f6m\u00fcr \u00dcreticileri Derne\u011fi Y\u00f6netim Kurulu Ba\u015fkan\u0131 <strong>Muzaffer POLAT<\/strong>\u2019\u0131n yapt\u0131\u011f\u0131 zirvede Sanayi, Ticaret, Enerji, Tabii Kaynaklar, Bilgi Ve Teknoloji Komisyonu Ba\u015fkan\u0131 <strong>Ziya ALTUNYALDIZ<\/strong> da konu\u015fmac\u0131 olarak yer alm\u0131\u015ft\u0131r.<\/p>\n<p>Yap\u0131lan konferanslara T\u00fcrkiye K\u00f6m\u00fcr \u0130\u015fletmeleri Genel M\u00fcd\u00fcr\u00fc, Orta Do\u011fu Teknik \u00dcniversitesi\u2019nden Say\u0131n <strong>Prof. Dr. Nevin SEL\u00c7UK<\/strong>, Enerji Piyasas\u0131 D\u00fczenleme Kurumu Eski \u00dcyesi Say\u0131n <strong>H\u00fcseyin KARATA\u015e<\/strong>, T\u00fcrkiye K\u00f6m\u00fcr \u0130\u015fletmeleri \u0130\u015f Sa\u011fl\u0131\u011f\u0131 ve G\u00fcvenli\u011fi Daire Ba\u015fkan\u0131 Say\u0131n <strong>Mehmet UYGUN<\/strong> ve T.C. \u00c7evre ve \u015eehircilik Bakanl\u0131\u011f\u0131 &#8211; \u00c7ED, \u0130zin ve Denetim Genel M\u00fcd\u00fcr Yard\u0131mc\u0131s\u0131 <strong>Ali\u00a0 R\u0131za TANAS<\/strong> oturum ba\u015fkanlar\u0131 olarak konferanslara g\u00fc\u00e7 katt\u0131lar.<\/p>\n<p>Konferanslar s\u0131ras\u0131nda Temiz K\u00f6m\u00fcr Teknolojileri Oturumu\u2019nda Gedi, General Electric, Siemens,\u00a0 Bilfinger, Icare-Cnrs gibi yabanc\u0131 firmalar ve yerli kurum ve kurulu\u015f olarak T\u00dcB\u0130TAK MAM, T\u00fcrkiye K\u00f6m\u00fcr \u0130\u015fletmeleri, Anadolu Plazma Teknolojileri Enerji Dan\u0131\u015fmanl\u0131k Ara\u015ft\u0131rma ve Geli\u015ftirme Merkezi Sanayi ve Ticaret Ltd. \u015eti.; Finans Modelleri Oturumu\u2019nda bankalardan Garanti Bankas\u0131 ve Halk Bankas\u0131, \u00f6zel sekt\u00f6r firmalar\u0131ndan Fina Enerji ve G\u00fcne\u015f Dan\u0131\u015fmanl\u0131k; \u0130\u015f Sa\u011fl\u0131\u011f\u0131 ve G\u00fcvenli\u011fi Oturumunda T\u00fcrk Standartlar\u0131 Enstit\u00fcs\u00fc, T.C. \u00c7al\u0131\u015fma ve Sosyal G\u00fcvenlik Bakanl\u0131\u011f\u0131, \u0130mbat Madencilik Enerji Turizm San. ve Tic. A.\u015e.; T\u00fcrkiye&#8217;de K\u00f6m\u00fcr Madencili\u011fi Oturumu\u2019nda Maden \u0130\u015fleri Genel M\u00fcd\u00fcrl\u00fc\u011f\u00fc, Elektrik \u00dcretim A.\u015e. ve Park Teknik Elektrik Madencilik Turizm San.ve Tic. A.\u015e.; \u00c7evre ve Emisyon Oturumunda T.C. \u00c7evre ve \u015eehircilik Bakanl\u0131\u011f\u0131 taraf\u0131ndan de\u011ferli katk\u0131lar sa\u011flanm\u0131\u015ft\u0131r.<\/p>\n<p>Uluslararas\u0131 firmalar\u0131n da sunum yapt\u0131\u011f\u0131 konu\u015fmalar\u0131n ard\u0131ndan yat\u0131r\u0131mlar\u0131nda do\u011fay\u0131 g\u00f6zeten ve katk\u0131da bulunan \u015firketler Ak\u00e7elik Madencilik Ticaret ve Sanayi A.\u015e., Aksa Enerji \u00dcretim A.\u015e. (G\u00f6yn\u00fck Termik Santrali), Ayd\u0131n Linyit Madencilik ve Akaryak\u0131t Sanayi Ticaret A.\u015e. ile Enerjisa Enerji \u00dcretim A.\u015e.&#8217;ye (Tufanbeyli Termik Santrali) \u00f6d\u00fclleri verildi.<\/p>","protected":false},"excerpt":{"rendered":"<p>Sorry, this entry is only available in Turkish. For the sake of viewer convenience, the content is shown below in the alternative language. You may click the link to switch the active language.T\u00fcrkiye\u2019deki yerli k\u00f6m\u00fcr teknolojilerinin kullan\u0131m\u0131na y\u00f6nelik yap\u0131lan te\u015fvik \u00e7al\u0131\u015fmalar\u0131 kapsam\u0131nda, T\u00fcrkiye\u2019nin en b\u00fcy\u00fck enerji \u015firketlerinin \u00fcye oldu\u011fu K\u00f6m\u00fcr \u00dcreticileri Derne\u011fi T\u00fcrkiye\u2019de ilk defa [&hellip;]<\/p>\n","protected":false},"author":1,"featured_media":64477,"comment_status":"open","ping_status":"open","sticky":false,"template":"","format":"standard","meta":[],"categories":[53,24649],"tags":[63,67,1009,2698,165,1675,5097,34093],"views":1226,"_links":{"self":[{"href":"https:\/\/www.enerjigazetesi.ist\/en\/wp-json\/wp\/v2\/posts\/64476"}],"collection":[{"href":"https:\/\/www.enerjigazetesi.ist\/en\/wp-json\/wp\/v2\/posts"}],"about":[{"href":"https:\/\/www.enerjigazetesi.ist\/en\/wp-json\/wp\/v2\/types\/post"}],"author":[{"embeddable":true,"href":"https:\/\/www.enerjigazetesi.ist\/en\/wp-json\/wp\/v2\/users\/1"}],"replies":[{"embeddable":true,"href":"https:\/\/www.enerjigazetesi.ist\/en\/wp-json\/wp\/v2\/comments?post=64476"}],"version-history":[{"count":1,"href":"https:\/\/www.enerjigazetesi.ist\/en\/wp-json\/wp\/v2\/posts\/64476\/revisions"}],"predecessor-version":[{"id":64478,"href":"https:\/\/www.enerjigazetesi.ist\/en\/wp-json\/wp\/v2\/posts\/64476\/revisions\/64478"}],"wp:featuredmedia":[{"embeddable":true,"href":"https:\/\/www.enerjigazetesi.ist\/en\/wp-json\/wp\/v2\/media\/64477"}],"wp:attachment":[{"href":"https:\/\/www.enerjigazetesi.ist\/en\/wp-json\/wp\/v2\/media?parent=64476"}],"wp:term":[{"taxonomy":"category","embeddable":true,"href":"https:\/\/www.enerjigazetesi.ist\/en\/wp-json\/wp\/v2\/categories?post=64476"},{"taxonomy":"post_tag","embeddable":true,"href":"https:\/\/www.enerjigazetesi.ist\/en\/wp-json\/wp\/v2\/tags?post=64476"}],"curies":[{"name":"wp","href":"https:\/\/api.w.org\/{rel}","templated":true}]}}