{"id":64473,"date":"2017-05-27T14:43:50","date_gmt":"2017-05-27T11:43:50","guid":{"rendered":"https:\/\/www.enerjigazetesi.ist\/?p=64473"},"modified":"2017-05-27T14:43:50","modified_gmt":"2017-05-27T11:43:50","slug":"proje-konutlarda-kendi-elektrigini-kendin-uret-donemi","status":"publish","type":"post","link":"https:\/\/www.enerjigazetesi.ist\/en\/proje-konutlarda-kendi-elektrigini-kendin-uret-donemi\/","title":{"rendered":"(Turkish) Proje Konutlarda \u2018Kendi Elektri\u011fini Kendin \u00dcret\u2019 D\u00f6nemi"},"content":{"rendered":"<p class=\"qtranxs-available-languages-message qtranxs-available-languages-message-en\">Sorry, this entry is only available in <a href=\"https:\/\/www.enerjigazetesi.ist\/tr\/wp-json\/wp\/v2\/posts\/64473\" class=\"qtranxs-available-language-link qtranxs-available-language-link-tr\" title=\"Turkish\">Turkish<\/a>. For the sake of viewer convenience, the content is shown below in the alternative language. You may click the link to switch the active language.<\/p><p><strong>Son y\u0131llarda d\u00fcnyan\u0131n tamam\u0131n\u0131 etkileyen k\u00fcresel \u0131s\u0131nma ve iklim de\u011fi\u015fiklikleri, alternatif enerji kaynaklar\u0131na duyulan gereksinimi de g\u00fcnden g\u00fcne art\u0131r\u0131yor. T\u00fcrk ekonomisine y\u00f6n veren in\u015faat sekt\u00f6r\u00fcn\u00fcn \u00f6nemli temsilcileri de bu geli\u015fmeyi yak\u0131ndan takip ederek, projelerinde yenilenebilir enerji kullan\u0131m\u0131n\u0131n \u00f6n\u00fcn\u00fc a\u00e7\u0131yor.<\/strong><\/p>\n<p>\u00d6zellikle g\u00fcne\u015f enerjisi konusunda T\u00fcrkiye\u2019de g\u00f6z ard\u0131 edilemeyecek bir potansiyel oldu\u011funu an\u0131msatan YP \u0130n\u015faat Y\u00f6netim Kurulu \u00dcyesi Osman Cem \u00c7ankaya, bu durumun alternatif enerji kaynaklar\u0131n\u0131n \u00f6neminin fark\u0131nda olan t\u00fcm sekt\u00f6rleri de kendine \u00e7ekti\u011fini kaydetti.<a href=\"https:\/\/www.enerjigazetesi.ist\/wp-content\/uploads\/2017\/05\/proje-konutlarda-kendi-elektrigini-kendin-uret-donemi.jpg\"><img loading=\"lazy\" class=\"alignleft size-medium wp-image-64474\" src=\"https:\/\/www.enerjigazetesi.ist\/wp-content\/uploads\/2017\/05\/proje-konutlarda-kendi-elektrigini-kendin-uret-donemi-300x202.jpg\" alt=\"proje-konutlarda-kendi-elektrigini-kendin-uret-donemi\" width=\"300\" height=\"202\" srcset=\"https:\/\/www.enerjigazetesi.ist\/wp-content\/uploads\/2017\/05\/proje-konutlarda-kendi-elektrigini-kendin-uret-donemi-300x202.jpg 300w, https:\/\/www.enerjigazetesi.ist\/wp-content\/uploads\/2017\/05\/proje-konutlarda-kendi-elektrigini-kendin-uret-donemi-500x338.jpg 500w, https:\/\/www.enerjigazetesi.ist\/wp-content\/uploads\/2017\/05\/proje-konutlarda-kendi-elektrigini-kendin-uret-donemi-73x50.jpg 73w, https:\/\/www.enerjigazetesi.ist\/wp-content\/uploads\/2017\/05\/proje-konutlarda-kendi-elektrigini-kendin-uret-donemi.jpg 750w\" sizes=\"(max-width: 300px) 100vw, 300px\" \/><\/a><\/p>\n<p>\u0130n\u015faat sekt\u00f6r\u00fcn\u00fcn de bu noktada \u00f6nemli ad\u0131mlar att\u0131\u011f\u0131na dikkati \u00e7eken Osman Cem \u00c7ankaya, \u015funlar\u0131 s\u00f6yledi:<\/p>\n<p>\u201cHepimizin amac\u0131 gelecek nesillere g\u00fczel bir d\u00fcnya b\u0131rakabilmek. \u0130n\u015faat sekt\u00f6r\u00fc enerji kullan\u0131m\u0131n\u0131n en fazla oldu\u011fu alanlardan biri. K\u00fcresel \u0131s\u0131nmaya neden olan karbonun y\u00fczde 30-40\u2019\u0131n\u0131n konutlardan \u00e7\u0131kt\u0131\u011f\u0131 g\u00f6z \u00f6n\u00fcnde bulunduruldu\u011funda, in\u015faat sekt\u00f6r\u00fcn\u00fcn alternatif enerji yat\u0131r\u0131mlar\u0131n\u0131 desteklemesi \u00e7ok daha anlaml\u0131 hale geliyor. \u0130n\u015faat sekt\u00f6r\u00fcnde de hayata ge\u00e7irilen projelerde yenilenebilir enerji kullan\u0131m\u0131n\u0131n \u00f6n\u00fcn\u00fc a\u00e7mak ve g\u00fcne\u015flenme s\u00fcresi y\u00fcksek b\u00f6lgelerde binlerce konutun elektrik ihtiyac\u0131n\u0131n kar\u015f\u0131lanabilece\u011fi santrallere imza atmak gibi \u00e7al\u0131\u015fmalar h\u0131zla art\u0131yor.\u201d<\/p>\n<p>YP \u0130n\u015faat olarak da enerji konusuna ayr\u0131 \u00f6zen g\u00f6sterdiklerini, b\u00fcnyelerinde faaliyet g\u00f6steren YP Enerji firmas\u0131 ile \u00f6zellikle g\u00fcne\u015f enerjisi alan\u0131na e\u011fildiklerinin alt\u0131n\u0131 \u00e7izen Osman Cem \u00c7ankaya, Ankara\u2019n\u0131n en g\u00f6zde b\u00f6lgelerinden \u00dcmitk\u00f6y\u2019de Emlak Konut GYO i\u015fbirli\u011fi ile in\u015fa ettikleri Koordinat \u00c7ayyolu projesinde de g\u00fcne\u015f enerji santraline yer verildi\u011fini ifade etti.<\/p>\n<p>Santralin, projede hayat\u0131n\u0131 s\u00fcrenlerin kullanaca\u011f\u0131 elektri\u011fin bir k\u0131sm\u0131n\u0131 \u00fcretmek amac\u0131yla hayata ge\u00e7irilece\u011fini bildiren Osman Cem \u00c7ankaya, \u201cElektrik tesisatlar\u0131n\u0131n t\u00fcketece\u011fi enerjinin belli oran\u0131 bu sayede yenilenebilir enerji kayna\u011f\u0131ndan sa\u011flanm\u0131\u015f olacak. Koordinat \u00c7ayyolu projesi b\u00fcnyesindeki g\u00fcne\u015f enerjisi santrali ile hem ekonomik hem de \u00e7evresel anlamda \u00f6nemli bir fark\u0131ndal\u0131k olu\u015fturacak. Att\u0131\u011f\u0131m\u0131z bu ad\u0131m okyanusta bir su zerresi olsa da d\u00fcnyam\u0131za olumlu katk\u0131da bulunaca\u011f\u0131m\u0131z i\u00e7in son derece mutluyuz. Bundan sonra hayata ge\u00e7irece\u011fimiz yeni projelerde de yenilenebilir enerji konusu \u00fczerine daha fazla e\u011filece\u011fiz\u201d dedi.<\/p>","protected":false},"excerpt":{"rendered":"<p>Sorry, this entry is only available in Turkish. For the sake of viewer convenience, the content is shown below in the alternative language. You may click the link to switch the active language.Son y\u0131llarda d\u00fcnyan\u0131n tamam\u0131n\u0131 etkileyen k\u00fcresel \u0131s\u0131nma ve iklim de\u011fi\u015fiklikleri, alternatif enerji kaynaklar\u0131na duyulan gereksinimi de g\u00fcnden g\u00fcne art\u0131r\u0131yor. T\u00fcrk ekonomisine y\u00f6n veren [&hellip;]<\/p>\n","protected":false},"author":1,"featured_media":64474,"comment_status":"open","ping_status":"open","sticky":false,"template":"","format":"standard","meta":[],"categories":[53,49],"tags":[63,67,1009,2698,165,227,13,4269],"views":1270,"_links":{"self":[{"href":"https:\/\/www.enerjigazetesi.ist\/en\/wp-json\/wp\/v2\/posts\/64473"}],"collection":[{"href":"https:\/\/www.enerjigazetesi.ist\/en\/wp-json\/wp\/v2\/posts"}],"about":[{"href":"https:\/\/www.enerjigazetesi.ist\/en\/wp-json\/wp\/v2\/types\/post"}],"author":[{"embeddable":true,"href":"https:\/\/www.enerjigazetesi.ist\/en\/wp-json\/wp\/v2\/users\/1"}],"replies":[{"embeddable":true,"href":"https:\/\/www.enerjigazetesi.ist\/en\/wp-json\/wp\/v2\/comments?post=64473"}],"version-history":[{"count":1,"href":"https:\/\/www.enerjigazetesi.ist\/en\/wp-json\/wp\/v2\/posts\/64473\/revisions"}],"predecessor-version":[{"id":64475,"href":"https:\/\/www.enerjigazetesi.ist\/en\/wp-json\/wp\/v2\/posts\/64473\/revisions\/64475"}],"wp:featuredmedia":[{"embeddable":true,"href":"https:\/\/www.enerjigazetesi.ist\/en\/wp-json\/wp\/v2\/media\/64474"}],"wp:attachment":[{"href":"https:\/\/www.enerjigazetesi.ist\/en\/wp-json\/wp\/v2\/media?parent=64473"}],"wp:term":[{"taxonomy":"category","embeddable":true,"href":"https:\/\/www.enerjigazetesi.ist\/en\/wp-json\/wp\/v2\/categories?post=64473"},{"taxonomy":"post_tag","embeddable":true,"href":"https:\/\/www.enerjigazetesi.ist\/en\/wp-json\/wp\/v2\/tags?post=64473"}],"curies":[{"name":"wp","href":"https:\/\/api.w.org\/{rel}","templated":true}]}}