{"id":64463,"date":"2017-05-26T13:09:38","date_gmt":"2017-05-26T10:09:38","guid":{"rendered":"https:\/\/www.enerjigazetesi.ist\/?p=64463"},"modified":"2017-05-26T13:09:38","modified_gmt":"2017-05-26T10:09:38","slug":"firat-epsastan-tuketicilere-elektrik-aboneligi-uyarisi","status":"publish","type":"post","link":"https:\/\/www.enerjigazetesi.ist\/en\/firat-epsastan-tuketicilere-elektrik-aboneligi-uyarisi\/","title":{"rendered":"(Turkish) F\u0131rat EPSA\u015e\u2019tan T\u00fcketicilere Elektrik Aboneli\u011fi Uyar\u0131s\u0131!"},"content":{"rendered":"<p class=\"qtranxs-available-languages-message qtranxs-available-languages-message-en\">Sorry, this entry is only available in <a href=\"https:\/\/www.enerjigazetesi.ist\/tr\/wp-json\/wp\/v2\/posts\/64463\" class=\"qtranxs-available-language-link qtranxs-available-language-link-tr\" title=\"Turkish\">Turkish<\/a>. For the sake of viewer convenience, the content is shown below in the alternative language. You may click the link to switch the active language.<\/p><p><\/p>\n<p style=\"text-align: left;\" align=\"center\"><strong>F\u0131rat EPSA\u015e, Elektrik Piyasas\u0131 T\u00fcketici Hizmetleri Y\u00f6netmeli\u011fi\u2019nin uygulamas\u0131 gere\u011fi, elektrik t\u00fcketicilerini aboneliklerini kendi adlar\u0131na almalar\u0131 konusunda uyar\u0131yor. F\u0131rat EPSA\u015e \u015eirket M\u00fcd\u00fcrl\u00fc\u011f\u00fc taraf\u0131ndan yap\u0131lan a\u00e7\u0131klamada, ma\u011fduriyet ya\u015famamalar\u0131 i\u00e7in t\u00fcketicilerin kendilerine tebli\u011f edildi\u011fi g\u00fcnden itibaren abonelik i\u015flemlerini tamamlamak i\u00e7in 15 g\u00fcn s\u00fcre oldu\u011fu hat\u0131rlat\u0131larak, aksi takdirde enerji hizmetinin kesilmesi ve y\u00f6netmelik gere\u011fi kesme-ba\u011flama \u00fccretinin 5 kat\u0131 tutar\u0131nda ceza \u00f6denmesinin s\u00f6z konusu olabilece\u011fine dikkat \u00e7ekiliyor.<\/strong><\/p>\n<p>Elaz\u0131\u011f, Malatya, Bing\u00f6l ve Tunceli illerinde Elektrik Perakende ve Sat\u0131\u015f hizmeti sunan F\u0131rat EPSA\u015e, hizmet v<a href=\"https:\/\/www.enerjigazetesi.ist\/wp-content\/uploads\/2017\/05\/firat-epsastan-tuketicilere-elektrik-aboneligi-uyarisi.jpg\"><img loading=\"lazy\" class=\"alignright size-medium wp-image-64464\" src=\"https:\/\/www.enerjigazetesi.ist\/wp-content\/uploads\/2017\/05\/firat-epsastan-tuketicilere-elektrik-aboneligi-uyarisi-300x168.jpg\" alt=\"firat-epsastan-tuketicilere-elektrik-aboneligi-uyarisi\" width=\"300\" height=\"168\" srcset=\"https:\/\/www.enerjigazetesi.ist\/wp-content\/uploads\/2017\/05\/firat-epsastan-tuketicilere-elektrik-aboneligi-uyarisi-300x168.jpg 300w, https:\/\/www.enerjigazetesi.ist\/wp-content\/uploads\/2017\/05\/firat-epsastan-tuketicilere-elektrik-aboneligi-uyarisi-500x280.jpg 500w, https:\/\/www.enerjigazetesi.ist\/wp-content\/uploads\/2017\/05\/firat-epsastan-tuketicilere-elektrik-aboneligi-uyarisi-80x44.jpg 80w, https:\/\/www.enerjigazetesi.ist\/wp-content\/uploads\/2017\/05\/firat-epsastan-tuketicilere-elektrik-aboneligi-uyarisi.jpg 606w\" sizes=\"(max-width: 300px) 100vw, 300px\" \/><\/a>erdi\u011fi illerdeki vatanda\u015flar\u0131 usuls\u00fcz elektrik t\u00fcketimi konusunda uyard\u0131. Elektrik Piyasas\u0131 T\u00fcketici Hizmetleri Y\u00f6netmeli\u011fi\u2019ne g\u00f6re t\u00fcketicilerin aboneliklerini kullan\u0131c\u0131lar ad\u0131na almas\u0131n\u0131n gerekli oldu\u011funu bildiren F\u0131rat EPSA\u015e, bu y\u00f6netmeli\u011fe ayk\u0131r\u0131 elektrik kullanan t\u00fcketicilerini yaz\u0131l\u0131 olarak da uyarmaya ba\u015flad\u0131.<\/p>\n<p>T\u00fcketicilerin ma\u011fduriyet ya\u015famamalar\u0131 i\u00e7in abonelik i\u015flemlerini kendilerine tebli\u011f edildi\u011fi tarihten itibaren 15 g\u00fcn i\u00e7inde tamamlamalar\u0131 gerekti\u011fini hat\u0131rlatan F\u0131rat EPSA\u015e \u015eirket M\u00fcd\u00fcrl\u00fc\u011f\u00fc, aksi takdirde usuls\u00fcz elektrik t\u00fcketilmi\u015f say\u0131laca\u011f\u0131 i\u00e7in t\u00fcketicilerin enerji hizmetinin kesilmesi ve y\u00f6netmelik gere\u011fi kesme-ba\u011flama \u00fccretinin de 5 kat\u0131 tutar\u0131nda ceza \u00f6denmesinin s\u00f6z konusu olabilece\u011fini belirtiyor.<\/p>\n<p><strong>F\u0131rat EPSA\u015e\u2019tan ihtiyac\u0131 olan t\u00fcketiciye destek!<\/strong><\/p>\n<p>Elaz\u0131\u011f, Malatya, Bing\u00f6l ve Tunceli\u2019de elektrik t\u00fcketicilerine aboneliklerini \u00fczerlerine alma konusunda her t\u00fcrl\u00fc deste\u011fi g\u00f6steren F\u0131rat EPSA\u015e \u015fubeleri, hasta, ya\u015fl\u0131 veya yard\u0131ma ihtiyac\u0131 olan abonelerine de ayr\u0131ca kolayl\u0131k sa\u011fl\u0131yor. F\u0131rat EPSA\u015e \u015eirket M\u00fcd\u00fcrl\u00fc\u011f\u00fcnce ihtiyac\u0131 olan aboneleri \u015firket ara\u00e7lar\u0131yla evlerine kadar ula\u015ft\u0131r\u0131labilece\u011fi bilgisi verilmi\u015f olup, F\u0131rat EPSA\u015e personeli, \u015fubelerde de hem bilgilendirme hem de abonelik i\u015flemlerini ger\u00e7ekle\u015ftirme de destek olmaya devam ediyor.<\/p>","protected":false},"excerpt":{"rendered":"<p>Sorry, this entry is only available in Turkish. For the sake of viewer convenience, the content is shown below in the alternative language. You may click the link to switch the active language. F\u0131rat EPSA\u015e, Elektrik Piyasas\u0131 T\u00fcketici Hizmetleri Y\u00f6netmeli\u011fi\u2019nin uygulamas\u0131 gere\u011fi, elektrik t\u00fcketicilerini aboneliklerini kendi adlar\u0131na almalar\u0131 konusunda uyar\u0131yor. F\u0131rat EPSA\u015e \u015eirket M\u00fcd\u00fcrl\u00fc\u011f\u00fc taraf\u0131ndan [&hellip;]<\/p>\n","protected":false},"author":1,"featured_media":64464,"comment_status":"open","ping_status":"open","sticky":false,"template":"","format":"standard","meta":[],"categories":[51,53],"tags":[68,61,19638,1451,2873,63,67,1009,2698,165],"views":1160,"_links":{"self":[{"href":"https:\/\/www.enerjigazetesi.ist\/en\/wp-json\/wp\/v2\/posts\/64463"}],"collection":[{"href":"https:\/\/www.enerjigazetesi.ist\/en\/wp-json\/wp\/v2\/posts"}],"about":[{"href":"https:\/\/www.enerjigazetesi.ist\/en\/wp-json\/wp\/v2\/types\/post"}],"author":[{"embeddable":true,"href":"https:\/\/www.enerjigazetesi.ist\/en\/wp-json\/wp\/v2\/users\/1"}],"replies":[{"embeddable":true,"href":"https:\/\/www.enerjigazetesi.ist\/en\/wp-json\/wp\/v2\/comments?post=64463"}],"version-history":[{"count":1,"href":"https:\/\/www.enerjigazetesi.ist\/en\/wp-json\/wp\/v2\/posts\/64463\/revisions"}],"predecessor-version":[{"id":64465,"href":"https:\/\/www.enerjigazetesi.ist\/en\/wp-json\/wp\/v2\/posts\/64463\/revisions\/64465"}],"wp:featuredmedia":[{"embeddable":true,"href":"https:\/\/www.enerjigazetesi.ist\/en\/wp-json\/wp\/v2\/media\/64464"}],"wp:attachment":[{"href":"https:\/\/www.enerjigazetesi.ist\/en\/wp-json\/wp\/v2\/media?parent=64463"}],"wp:term":[{"taxonomy":"category","embeddable":true,"href":"https:\/\/www.enerjigazetesi.ist\/en\/wp-json\/wp\/v2\/categories?post=64463"},{"taxonomy":"post_tag","embeddable":true,"href":"https:\/\/www.enerjigazetesi.ist\/en\/wp-json\/wp\/v2\/tags?post=64463"}],"curies":[{"name":"wp","href":"https:\/\/api.w.org\/{rel}","templated":true}]}}