{"id":64429,"date":"2017-05-25T11:04:20","date_gmt":"2017-05-25T08:04:20","guid":{"rendered":"https:\/\/www.enerjigazetesi.ist\/?p=64429"},"modified":"2017-05-25T11:04:20","modified_gmt":"2017-05-25T08:04:20","slug":"2016-yilinda-yenilenebilir-enerji-uretim-kapasitesi-161-gw-artis-gosterdi","status":"publish","type":"post","link":"https:\/\/www.enerjigazetesi.ist\/en\/2016-yilinda-yenilenebilir-enerji-uretim-kapasitesi-161-gw-artis-gosterdi\/","title":{"rendered":"(Turkish) 2016 Y\u0131l\u0131nda Yenilenebilir Enerji \u00dcretim Kapasitesi 161 GW Art\u0131\u015f G\u00f6sterdi"},"content":{"rendered":"<p class=\"qtranxs-available-languages-message qtranxs-available-languages-message-en\">Sorry, this entry is only available in <a href=\"https:\/\/www.enerjigazetesi.ist\/tr\/wp-json\/wp\/v2\/posts\/64429\" class=\"qtranxs-available-language-link qtranxs-available-language-link-tr\" title=\"Turkish\">Turkish<\/a>. For the sake of viewer convenience, the content is shown below in the alternative language. You may click the link to switch the active language.<\/p><p><strong><span style=\"color: #0a0a0a;\">Uluslararas\u0131\u00a0Yenilenebilir Enerji Ajans\u0131&#8217;n\u0131n (IRENA) yay\u0131nlad\u0131\u011f\u0131 verilere g\u00f6re, 2016&#8217;da k\u00fcresel yenilenebilir enerji \u00fcretim kapasitesi 161 gigavat (GW) artarak, ilave yeni kapasite bak\u0131m\u0131ndan \u015fimdiye kadarki en g\u00fc\u00e7l\u00fc y\u0131l oldu. B\u00f6ylece 2016\u2019da yenilenebilir kaynaklar yeni elektrik kapasitesinin en b\u00fcy\u00fck kayna\u011f\u0131 oldu.<\/span><\/strong><\/p>\n<p>T\u00fcrkiye, 2023 y\u0131l\u0131 enerji hedefleri aras\u0131nda yenilenebilir enerji y\u00f6ntemlerinin \u00e7e\u015fitlendirilmesi ve art\u0131r\u0131lmas\u0131, stratejik plan\u0131n olduk\u00e7a \u00f6nemli bir par\u00e7as\u0131. R\u00fczg\u00e2r enerjisinin 2023 y\u0131l\u0131nda T\u00fcrkiye\u2019de \u00fcretilen enerjiye en az 20 bin megavat (MW) katk\u0131 yapmas\u0131 hedeflenmektedir. Ayr\u0131ca LED kullan\u0131m\u0131 gibi enerji verimlili\u011fini art\u0131ran y\u00f6ntemlerle yine 2023 y\u0131l\u0131na kadar, 2011 y\u0131l\u0131na <a href=\"https:\/\/www.enerjigazetesi.ist\/wp-content\/uploads\/2015\/05\/6-ruzgar-ve-gunes-yenilenebilir-enerji-kongresi-16-haziranda-istanbulda.jpg\"><img loading=\"lazy\" class=\"alignleft size-medium wp-image-38905\" src=\"https:\/\/www.enerjigazetesi.ist\/wp-content\/uploads\/2015\/05\/6-ruzgar-ve-gunes-yenilenebilir-enerji-kongresi-16-haziranda-istanbulda-300x168.jpg\" alt=\"ruzgar-ve-gunes-yenilenebilir-enerji\" width=\"300\" height=\"168\" srcset=\"https:\/\/www.enerjigazetesi.ist\/wp-content\/uploads\/2015\/05\/6-ruzgar-ve-gunes-yenilenebilir-enerji-kongresi-16-haziranda-istanbulda-300x168.jpg 300w, https:\/\/www.enerjigazetesi.ist\/wp-content\/uploads\/2015\/05\/6-ruzgar-ve-gunes-yenilenebilir-enerji-kongresi-16-haziranda-istanbulda-500x281.jpg 500w, https:\/\/www.enerjigazetesi.ist\/wp-content\/uploads\/2015\/05\/6-ruzgar-ve-gunes-yenilenebilir-enerji-kongresi-16-haziranda-istanbulda-80x45.jpg 80w, https:\/\/www.enerjigazetesi.ist\/wp-content\/uploads\/2015\/05\/6-ruzgar-ve-gunes-yenilenebilir-enerji-kongresi-16-haziranda-istanbulda.jpg 620w\" sizes=\"(max-width: 300px) 100vw, 300px\" \/><\/a>g\u00f6re y\u00fczde 20 verimlilik sa\u011flanmas\u0131 da hedefler aras\u0131ndad\u0131r.<\/p>\n<p>Bu hedeflere ula\u015f\u0131labilmesi i\u00e7in yeni yat\u0131r\u0131mlar kadar, eski santrallerin yenilenerek dijital sanayi \u00e7a\u011f\u0131na ayak uydurmas\u0131 da b\u00fcy\u00fck \u00f6nem arz ediyor. \u00d6rne\u011fin GE\u2019nin end\u00fcstriyel internet platformu Predix ile sundu\u011fu dijital sanayi yenilikleri, \u00fczerlerindeki sens\u00f6rler ve Predix sayesinde birbirleriyle konu\u015fup optimize olabilen r\u00fczg\u00e2r \u00e7iftliklerinin verimliliklerini y\u00fczde 10 oran\u0131nda art\u0131rabiliyor. Yeni teknolojiler, inovasyonlar ve daha verimli \u00fcr\u00fcnlerle, yenilenebilir enerjinin bir g\u00fcn enerji ihtiyac\u0131n\u0131n tamam\u0131n\u0131 kar\u015f\u0131layabilir hale gelece\u011fine inan\u0131l\u0131yor.<\/p>\n<p>\u00d6te yandan, \u015febekeler r\u00fczg\u00e2r ve g\u00fcne\u015f gibi kesintili yenilenebilir enerji kaynaklar\u0131 nedeniyle gittik\u00e7e daha karma\u015f\u0131k hale gelirken, bu da elektrik kurumlar\u0131n\u0131n \u015febekenin hassas arz talep dengesini korumas\u0131n\u0131 zorla\u015ft\u0131r\u0131yor. Yeni teknolojiler ve dijitalle\u015fme ile bu sorunlar\u0131n da \u00f6n\u00fcne ge\u00e7ilmesi bekleniyor. Ak\u0131ll\u0131, yenilenebilir bir ulusal \u015febekeyse, yerli g\u00fcne\u015f potansiyelinin kilidini a\u00e7\u0131p pik talebini y\u00f6netmeye yard\u0131mc\u0131 olacak yeni bir dijital enerji borsas\u0131n\u0131n ilan\u0131ndan sonra bir ad\u0131m daha yakla\u015f\u0131yor.<\/p>","protected":false},"excerpt":{"rendered":"<p>Sorry, this entry is only available in Turkish. For the sake of viewer convenience, the content is shown below in the alternative language. You may click the link to switch the active language.Uluslararas\u0131\u00a0Yenilenebilir Enerji Ajans\u0131&#8217;n\u0131n (IRENA) yay\u0131nlad\u0131\u011f\u0131 verilere g\u00f6re, 2016&#8217;da k\u00fcresel yenilenebilir enerji \u00fcretim kapasitesi 161 gigavat (GW) artarak, ilave yeni kapasite bak\u0131m\u0131ndan \u015fimdiye kadarki [&hellip;]<\/p>\n","protected":false},"author":1,"featured_media":38905,"comment_status":"open","ping_status":"open","sticky":false,"template":"","format":"standard","meta":[],"categories":[53,52,49,50],"tags":[68,63,67,1009,2698,165,1445,108,3386,17,105],"views":1060,"_links":{"self":[{"href":"https:\/\/www.enerjigazetesi.ist\/en\/wp-json\/wp\/v2\/posts\/64429"}],"collection":[{"href":"https:\/\/www.enerjigazetesi.ist\/en\/wp-json\/wp\/v2\/posts"}],"about":[{"href":"https:\/\/www.enerjigazetesi.ist\/en\/wp-json\/wp\/v2\/types\/post"}],"author":[{"embeddable":true,"href":"https:\/\/www.enerjigazetesi.ist\/en\/wp-json\/wp\/v2\/users\/1"}],"replies":[{"embeddable":true,"href":"https:\/\/www.enerjigazetesi.ist\/en\/wp-json\/wp\/v2\/comments?post=64429"}],"version-history":[{"count":1,"href":"https:\/\/www.enerjigazetesi.ist\/en\/wp-json\/wp\/v2\/posts\/64429\/revisions"}],"predecessor-version":[{"id":64430,"href":"https:\/\/www.enerjigazetesi.ist\/en\/wp-json\/wp\/v2\/posts\/64429\/revisions\/64430"}],"wp:featuredmedia":[{"embeddable":true,"href":"https:\/\/www.enerjigazetesi.ist\/en\/wp-json\/wp\/v2\/media\/38905"}],"wp:attachment":[{"href":"https:\/\/www.enerjigazetesi.ist\/en\/wp-json\/wp\/v2\/media?parent=64429"}],"wp:term":[{"taxonomy":"category","embeddable":true,"href":"https:\/\/www.enerjigazetesi.ist\/en\/wp-json\/wp\/v2\/categories?post=64429"},{"taxonomy":"post_tag","embeddable":true,"href":"https:\/\/www.enerjigazetesi.ist\/en\/wp-json\/wp\/v2\/tags?post=64429"}],"curies":[{"name":"wp","href":"https:\/\/api.w.org\/{rel}","templated":true}]}}