{"id":64404,"date":"2017-05-24T16:31:33","date_gmt":"2017-05-24T13:31:33","guid":{"rendered":"https:\/\/www.enerjigazetesi.ist\/?p=64404"},"modified":"2017-05-24T16:31:33","modified_gmt":"2017-05-24T13:31:33","slug":"erdemire-surdurulebilirlik-odulu","status":"publish","type":"post","link":"https:\/\/www.enerjigazetesi.ist\/en\/erdemire-surdurulebilirlik-odulu\/","title":{"rendered":"(Turkish) Erdemir\u2019e S\u00fcrd\u00fcr\u00fclebilirlik \u00d6d\u00fcl\u00fc&#8230;"},"content":{"rendered":"<p class=\"qtranxs-available-languages-message qtranxs-available-languages-message-en\">Sorry, this entry is only available in <a href=\"https:\/\/www.enerjigazetesi.ist\/tr\/wp-json\/wp\/v2\/posts\/64404\" class=\"qtranxs-available-language-link qtranxs-available-language-link-tr\" title=\"Turkish\">Turkish<\/a>. For the sake of viewer convenience, the content is shown below in the alternative language. You may click the link to switch the active language.<\/p><p><strong>OYAK Maden ve Metal\u00fcrji Grubu \u015firketlerinden Erdemir,<\/strong><strong>\u00a0<\/strong><strong>Avrupa \u0130mar ve Kalk\u0131nma Bankas\u0131 (EBRD) taraf\u0131ndan bu y\u0131l yedincisi d\u00fczenlenen \u2018S\u00fcrd\u00fcr\u00fclebilirlik \u00d6d\u00fclleri\u2019nde \u2018S\u00fcrd\u00fcr\u00fclebilir Enerji\u2019 kategorisinde b\u00fcy\u00fck \u00f6d\u00fcle lay\u0131k g\u00f6r\u00fcld\u00fc.<\/strong><\/p>\n<p>OYAK Maden ve Metal\u00fcrji Grubu \u015firketlerinden \u0130sdemir\u2019in bas\u0131n\u00e7 enerjisinden yararlan\u0131larak elektrik enerjisi \u00fcretilmesini sa\u011flayacak TRT projesi \u2018S\u00fcrd\u00fcr\u00fclebilirlik \u00d6d\u00fclleri\u2019 kapsam\u0131nda b\u00fcy\u00fck \u00f6d\u00fcl\u00fcn sahibi oldu. Erdemir ad\u0131n<a href=\"https:\/\/www.enerjigazetesi.ist\/wp-content\/uploads\/2017\/05\/erdemire-surdurulebilirlik-odulu.jpg\"><img loading=\"lazy\" class=\"alignright size-medium wp-image-64405\" src=\"https:\/\/www.enerjigazetesi.ist\/wp-content\/uploads\/2017\/05\/erdemire-surdurulebilirlik-odulu-300x222.jpg\" alt=\"????????????????????????????????????????????????????????????????????????????????????????????????????????????????????????????????????????????????????????????????????????????????????????????????????????????????????????????????????????????????????????????????????????????????????????????????????????????????????????????????????????????????????????????????????????????????????????????????????????????????????????????????????????????????????????????????????????????????????????????????????????????????????????????????????????????????????????????????????????????????????????????????????????????????????????????????????????????????????????????????????????????????????????????????????????????????????????????????????????????????????????????????????????????????????????????????????????????????????????????????????????????????????????????????????????????????????????????????????????????????????????????????????????????????????????????????????????????????????????????????????????????????????????????????????????????????????????????????????????????????????????????????????????????????????????????????????????????????????????????????????????\" width=\"300\" height=\"222\" srcset=\"https:\/\/www.enerjigazetesi.ist\/wp-content\/uploads\/2017\/05\/erdemire-surdurulebilirlik-odulu-300x222.jpg 300w, https:\/\/www.enerjigazetesi.ist\/wp-content\/uploads\/2017\/05\/erdemire-surdurulebilirlik-odulu-500x371.jpg 500w, https:\/\/www.enerjigazetesi.ist\/wp-content\/uploads\/2017\/05\/erdemire-surdurulebilirlik-odulu-67x50.jpg 67w, https:\/\/www.enerjigazetesi.ist\/wp-content\/uploads\/2017\/05\/erdemire-surdurulebilirlik-odulu.jpg 1000w\" sizes=\"(max-width: 300px) 100vw, 300px\" \/><\/a>a \u00f6d\u00fcl\u00fc alan EBRD T\u00fcrkiye Y\u00f6netici Direkt\u00f6r\u00fc Jean-Patrick Marquet yapt\u0131\u011f\u0131 konu\u015fmada, kurumun enerji ve kaynak verimlili\u011fi alan\u0131nda yaratt\u0131\u011f\u0131 katma de\u011fere dikkat \u00e7ekti ve \u201cErdemir ve grup \u015firketleri sekt\u00f6r hacminin d\u00f6rtte birini \u00fcreterek T\u00fcrkiye maden metalurji sekt\u00f6r\u00fcne liderlik etmektedir. Bulundu\u011fu konum vas\u0131tas\u0131yla bir enerji verimlili\u011fi devrimi ba\u015flatma ve maden metalurji sekt\u00f6r\u00fcn\u00fc d\u00f6n\u00fc\u015ft\u00fcrme g\u00fcc\u00fcne sahiptir\u201d dedi.<\/p>\n<p>Erdemir Y\u00f6netim Kurulu Ba\u015fkan\u0131 \u00d6mer M. Bakt\u0131r, \u00f6d\u00fcle ili\u015fkin yapt\u0131\u011f\u0131 de\u011ferlendirmede, \u201cErdemir ve grup \u015firketlerimizin i\u015f stratejilerinin temelinde s\u00fcrd\u00fcr\u00fclebilirlik var. Enerji verimlili\u011fi alan\u0131ndaki yeni uygulamalar\u0131m\u0131z\u0131 bu vizyonla hayata ge\u00e7iriyor, yat\u0131r\u0131mlar\u0131m\u0131z\u0131 ve sosyal sorumluluk projelerimizi s\u00fcrd\u00fcr\u00fclebilirli\u011fi esas alan bu bak\u0131\u015fla \u015fekillendiriyoruz\u201d diye konu\u015ftu. TRT projesinin, \u00e7evre i\u00e7in katma de\u011fer yaratan ve rekabet avantaj\u0131 sa\u011flayan \u00f6rnek bir yat\u0131r\u0131m oldu\u011funu belirten Bakt\u0131r, \u201cEnerji yo\u011fun bir sekt\u00f6rde faaliyet g\u00f6steren bir kurulu\u015f olarak, enerji y\u00f6netiminde uzun y\u0131llara dayanan \u00e7al\u0131\u015fmalar\u0131m\u0131z\u0131 yenilik\u00e7i uygulamalarla s\u00fcrd\u00fcrece\u011fiz. Bug\u00fcn EBRD taraf\u0131ndan verilen bu \u00f6d\u00fcl de grubumuzun s\u00fcrd\u00fcr\u00fclebilirlik vizyonunun bir sonucudur\u201d dedi.<\/p>\n<p><strong>EBRD S\u00fcrd\u00fcr\u00fclebilirlik \u00d6d\u00fclleri hakk\u0131nda: <\/strong>Her y\u0131l organize edilen EBRD S\u00fcrd\u00fcr\u00fclebilirlik \u00d6d\u00fclleri Banka m\u00fc\u015fterileri aras\u0131ndan EBRD performans hedeflerinin \u00f6tesinde \u00e7evre ve sosyal konular\u0131n \u00e7\u00f6z\u00fcm\u00fc, enerji verimlili\u011fi ve iklim de\u011fi\u015fimi gibi konularda \u00fcst\u00fcn ba\u015far\u0131 g\u00f6stermi\u015f projeleri \u00f6d\u00fcllendirmektedir. 2017 y\u0131l\u0131nda 4 kategoride yakla\u015f\u0131k 40 proje aday g\u00f6sterilmi\u015f ve kazananlar \u00f6nde gelen ba\u011f\u0131ms\u0131z finans ve s\u00fcrd\u00fcr\u00fclebilirlik uzmanlar\u0131ndan olu\u015fan bir komite taraf\u0131ndan se\u00e7ilmi\u015ftir. \u00d6d\u00fcller 9-11 May\u0131s tarihleri aras\u0131nda K\u0131br\u0131s Lefko\u015fa\u2019da d\u00fczenlenen EBRD Y\u0131ll\u0131k Genel Kurul Toplant\u0131s\u0131 kapsam\u0131ndaki t\u00f6renle sahiplerine sunulmu\u015ftur.<\/p>","protected":false},"excerpt":{"rendered":"<p>Sorry, this entry is only available in Turkish. For the sake of viewer convenience, the content is shown below in the alternative language. You may click the link to switch the active language.OYAK Maden ve Metal\u00fcrji Grubu \u015firketlerinden Erdemir,\u00a0Avrupa \u0130mar ve Kalk\u0131nma Bankas\u0131 (EBRD) taraf\u0131ndan bu y\u0131l yedincisi d\u00fczenlenen \u2018S\u00fcrd\u00fcr\u00fclebilirlik \u00d6d\u00fclleri\u2019nde \u2018S\u00fcrd\u00fcr\u00fclebilir Enerji\u2019 kategorisinde b\u00fcy\u00fck [&hellip;]<\/p>\n","protected":false},"author":1,"featured_media":64405,"comment_status":"open","ping_status":"open","sticky":false,"template":"","format":"standard","meta":[],"categories":[53,52],"tags":[1258,1259,63,67,1009,2698,165,15046,34075,34077,34074,34076],"views":1222,"_links":{"self":[{"href":"https:\/\/www.enerjigazetesi.ist\/en\/wp-json\/wp\/v2\/posts\/64404"}],"collection":[{"href":"https:\/\/www.enerjigazetesi.ist\/en\/wp-json\/wp\/v2\/posts"}],"about":[{"href":"https:\/\/www.enerjigazetesi.ist\/en\/wp-json\/wp\/v2\/types\/post"}],"author":[{"embeddable":true,"href":"https:\/\/www.enerjigazetesi.ist\/en\/wp-json\/wp\/v2\/users\/1"}],"replies":[{"embeddable":true,"href":"https:\/\/www.enerjigazetesi.ist\/en\/wp-json\/wp\/v2\/comments?post=64404"}],"version-history":[{"count":1,"href":"https:\/\/www.enerjigazetesi.ist\/en\/wp-json\/wp\/v2\/posts\/64404\/revisions"}],"predecessor-version":[{"id":64406,"href":"https:\/\/www.enerjigazetesi.ist\/en\/wp-json\/wp\/v2\/posts\/64404\/revisions\/64406"}],"wp:featuredmedia":[{"embeddable":true,"href":"https:\/\/www.enerjigazetesi.ist\/en\/wp-json\/wp\/v2\/media\/64405"}],"wp:attachment":[{"href":"https:\/\/www.enerjigazetesi.ist\/en\/wp-json\/wp\/v2\/media?parent=64404"}],"wp:term":[{"taxonomy":"category","embeddable":true,"href":"https:\/\/www.enerjigazetesi.ist\/en\/wp-json\/wp\/v2\/categories?post=64404"},{"taxonomy":"post_tag","embeddable":true,"href":"https:\/\/www.enerjigazetesi.ist\/en\/wp-json\/wp\/v2\/tags?post=64404"}],"curies":[{"name":"wp","href":"https:\/\/api.w.org\/{rel}","templated":true}]}}