{"id":64358,"date":"2017-05-23T11:01:41","date_gmt":"2017-05-23T08:01:41","guid":{"rendered":"https:\/\/www.enerjigazetesi.ist\/?p=64358"},"modified":"2017-05-23T11:01:41","modified_gmt":"2017-05-23T08:01:41","slug":"isvicrenin-yeni-nukleer-santral-insa-etmesine-yasak-geliyor","status":"publish","type":"post","link":"https:\/\/www.enerjigazetesi.ist\/en\/isvicrenin-yeni-nukleer-santral-insa-etmesine-yasak-geliyor\/","title":{"rendered":"(Turkish) \u0130svi\u00e7re\u2019nin Yeni N\u00fckleer Santral \u0130n\u015fa Etmesine Yasak Geliyor"},"content":{"rendered":"<p class=\"qtranxs-available-languages-message qtranxs-available-languages-message-en\">Sorry, this entry is only available in <a href=\"https:\/\/www.enerjigazetesi.ist\/tr\/wp-json\/wp\/v2\/posts\/64358\" class=\"qtranxs-available-language-link qtranxs-available-language-link-tr\" title=\"Turkish\">Turkish<\/a>. For the sake of viewer convenience, the content is shown below in the alternative language. You may click the link to switch the active language.<\/p><p><\/p>\n<p style=\"color: #0a0a0a;\"><strong>\u0130svi\u00e7re\u2019nin n\u00fckleer enerjiden \u00e7\u0131k\u0131\u015f ve yenilenebilir enerjiyi desteklemeye y\u00f6nelik\u00a0yapt\u0131\u011f\u0131 referandum y\u00fczde 58,2 oy oran\u0131yla Evet ile sonu\u00e7<a href=\"https:\/\/www.enerjigazetesi.ist\/wp-content\/uploads\/2014\/12\/avrupa-n\u00fckleer-santraller-298238931.jpg\"><img loading=\"lazy\" class=\"alignleft size-medium wp-image-34800\" src=\"https:\/\/www.enerjigazetesi.ist\/wp-content\/uploads\/2014\/12\/avrupa-n\u00fckleer-santraller-298238931-300x190.jpg\" alt=\"avrupa-n\u00fckleer-santraller-29823893\" width=\"300\" height=\"190\" srcset=\"https:\/\/www.enerjigazetesi.ist\/wp-content\/uploads\/2014\/12\/avrupa-n\u00fckleer-santraller-298238931-300x190.jpg 300w, https:\/\/www.enerjigazetesi.ist\/wp-content\/uploads\/2014\/12\/avrupa-n\u00fckleer-santraller-298238931-500x317.jpg 500w, https:\/\/www.enerjigazetesi.ist\/wp-content\/uploads\/2014\/12\/avrupa-n\u00fckleer-santraller-298238931-80x50.jpg 80w, https:\/\/www.enerjigazetesi.ist\/wp-content\/uploads\/2014\/12\/avrupa-n\u00fckleer-santraller-298238931.jpg 630w\" sizes=\"(max-width: 300px) 100vw, 300px\" \/><\/a>land\u0131.<\/strong><\/p>\n<p>Kabul edilen yasa, 2018 y\u0131l\u0131nda y\u00fcr\u00fcrl\u00fc\u011fe girmektedir ve yeni n\u00fckleer santrallerin in\u015fa edilmesini yasaklamaktad\u0131r, otomobillerden sal\u0131nan karbondioksit gazlar i\u00e7in daha d\u00fc\u015f\u00fck de\u011ferler \u00f6ng\u00f6r\u00fclerek\u00a0yenilenebilir enerjiler i\u00e7in ayr\u0131lan te\u015fvik yard\u0131mlar\u0131n\u0131 da y\u00fckseltilmektedir.<\/p>\n<p>Mevcut 5 n\u00fckleer santral ise denetim makamlar\u0131 taraf\u0131ndan g\u00fcvenli olarak s\u0131n\u0131fland\u0131r\u0131ld\u0131klar\u0131 s\u00fcrece faaliyetini s\u00fcrd\u00fcrecek. \u00dclkede 2029 y\u0131l\u0131na kadar t\u00fcm santrallerin kapat\u0131lmas\u0131 kas\u0131m ay\u0131nda referanduma sunulmu\u015f ancak bu \u00f6neri halk taraf\u0131ndan kabul g\u00f6rmemi\u015fti.<\/p>","protected":false},"excerpt":{"rendered":"<p>Sorry, this entry is only available in Turkish. For the sake of viewer convenience, the content is shown below in the alternative language. You may click the link to switch the active language. \u0130svi\u00e7re\u2019nin n\u00fckleer enerjiden \u00e7\u0131k\u0131\u015f ve yenilenebilir enerjiyi desteklemeye y\u00f6nelik\u00a0yapt\u0131\u011f\u0131 referandum y\u00fczde 58,2 oy oran\u0131yla Evet ile sonu\u00e7land\u0131. Kabul edilen yasa, 2018 y\u0131l\u0131nda [&hellip;]<\/p>\n","protected":false},"author":1,"featured_media":34792,"comment_status":"open","ping_status":"open","sticky":false,"template":"","format":"standard","meta":[],"categories":[53,43],"tags":[63,67,1009,2698,165,7266,71,21,1533,25480,23614,88,2973],"views":1877,"_links":{"self":[{"href":"https:\/\/www.enerjigazetesi.ist\/en\/wp-json\/wp\/v2\/posts\/64358"}],"collection":[{"href":"https:\/\/www.enerjigazetesi.ist\/en\/wp-json\/wp\/v2\/posts"}],"about":[{"href":"https:\/\/www.enerjigazetesi.ist\/en\/wp-json\/wp\/v2\/types\/post"}],"author":[{"embeddable":true,"href":"https:\/\/www.enerjigazetesi.ist\/en\/wp-json\/wp\/v2\/users\/1"}],"replies":[{"embeddable":true,"href":"https:\/\/www.enerjigazetesi.ist\/en\/wp-json\/wp\/v2\/comments?post=64358"}],"version-history":[{"count":1,"href":"https:\/\/www.enerjigazetesi.ist\/en\/wp-json\/wp\/v2\/posts\/64358\/revisions"}],"predecessor-version":[{"id":64359,"href":"https:\/\/www.enerjigazetesi.ist\/en\/wp-json\/wp\/v2\/posts\/64358\/revisions\/64359"}],"wp:featuredmedia":[{"embeddable":true,"href":"https:\/\/www.enerjigazetesi.ist\/en\/wp-json\/wp\/v2\/media\/34792"}],"wp:attachment":[{"href":"https:\/\/www.enerjigazetesi.ist\/en\/wp-json\/wp\/v2\/media?parent=64358"}],"wp:term":[{"taxonomy":"category","embeddable":true,"href":"https:\/\/www.enerjigazetesi.ist\/en\/wp-json\/wp\/v2\/categories?post=64358"},{"taxonomy":"post_tag","embeddable":true,"href":"https:\/\/www.enerjigazetesi.ist\/en\/wp-json\/wp\/v2\/tags?post=64358"}],"curies":[{"name":"wp","href":"https:\/\/api.w.org\/{rel}","templated":true}]}}