{"id":64315,"date":"2017-05-21T12:34:45","date_gmt":"2017-05-21T09:34:45","guid":{"rendered":"https:\/\/www.enerjigazetesi.ist\/?p=64315"},"modified":"2017-05-21T12:35:01","modified_gmt":"2017-05-21T09:35:01","slug":"hindistan-2022-yilina-kadar-nukleer-kapasitesini-iki-katina-cikartiyor","status":"publish","type":"post","link":"https:\/\/www.enerjigazetesi.ist\/en\/hindistan-2022-yilina-kadar-nukleer-kapasitesini-iki-katina-cikartiyor\/","title":{"rendered":"(Turkish) Hindistan, 2022 Y\u0131l\u0131na Kadar N\u00fckleer Kapasitesini \u0130ki Kat\u0131na \u00c7\u0131kart\u0131yor"},"content":{"rendered":"<p class=\"qtranxs-available-languages-message qtranxs-available-languages-message-en\">Sorry, this entry is only available in <a href=\"https:\/\/www.enerjigazetesi.ist\/tr\/wp-json\/wp\/v2\/posts\/64315\" class=\"qtranxs-available-language-link qtranxs-available-language-link-tr\" title=\"Turkish\">Turkish<\/a>. For the sake of viewer convenience, the content is shown below in the alternative language. You may click the link to switch the active language.<\/p><p><strong><span style=\"color: #0a0a0a;\">Enerji ve K\u00f6m\u00fcr Bakan\u0131 Piyush Goyal tar<img loading=\"lazy\" class=\"alignright wp-image-48194\" src=\"https:\/\/www.enerjigazetesi.ist\/wp-content\/uploads\/2015\/12\/istanbul-nukleer-santraller-zirvesi-8-9-martta-duzenlenecek-300x165.jpg\" alt=\"nukleer-santraller\" width=\"300\" height=\"190\" \/>af\u0131ndan d\u00fczenlenen bas\u0131n toplant\u0131s\u0131nda, n\u00fckleer enerji \u00fcretimi amac\u0131yla yerel kaynaklarla 10 adet Tazyikli A\u011f\u0131r Su Reakt\u00f6r\u00fc in\u015fa edilmesinin onayland\u0131\u011f\u0131 belirtildi.<\/span><\/strong><\/p>\n<p>Goyal, &#8220;Reakt\u00f6rler, 11 milyar dolar tutar\u0131nda i\u015f hacmi ve 33 binden fazla ki\u015fiye istihdam sa\u011flayacak,\u00a07 bin megavat enerji \u00fcretecektir.&#8221;dedi.<\/p>\n<p>Goyal ayr\u0131ca kurulumu s\u00fcren n\u00fckleer reakt\u00f6rlerin 2021-2022 y\u0131llar\u0131nda faaliyete ge\u00e7mesinin beklendi\u011fini, bunlar\u0131n kapasitesinin 6 bin 700 megavat oldu\u011funu\u00a0da ifade etti.<\/p>","protected":false},"excerpt":{"rendered":"<p>Sorry, this entry is only available in Turkish. For the sake of viewer convenience, the content is shown below in the alternative language. You may click the link to switch the active language.Enerji ve K\u00f6m\u00fcr Bakan\u0131 Piyush Goyal taraf\u0131ndan d\u00fczenlenen bas\u0131n toplant\u0131s\u0131nda, n\u00fckleer enerji \u00fcretimi amac\u0131yla yerel kaynaklarla 10 adet Tazyikli A\u011f\u0131r Su Reakt\u00f6r\u00fc in\u015fa [&hellip;]<\/p>\n","protected":false},"author":1,"featured_media":48194,"comment_status":"open","ping_status":"open","sticky":false,"template":"","format":"standard","meta":[],"categories":[53,43],"tags":[63,67,1009,2698,165,4034,71,21,24259,25480,23614,3020,88,2973,34049],"views":1011,"_links":{"self":[{"href":"https:\/\/www.enerjigazetesi.ist\/en\/wp-json\/wp\/v2\/posts\/64315"}],"collection":[{"href":"https:\/\/www.enerjigazetesi.ist\/en\/wp-json\/wp\/v2\/posts"}],"about":[{"href":"https:\/\/www.enerjigazetesi.ist\/en\/wp-json\/wp\/v2\/types\/post"}],"author":[{"embeddable":true,"href":"https:\/\/www.enerjigazetesi.ist\/en\/wp-json\/wp\/v2\/users\/1"}],"replies":[{"embeddable":true,"href":"https:\/\/www.enerjigazetesi.ist\/en\/wp-json\/wp\/v2\/comments?post=64315"}],"version-history":[{"count":2,"href":"https:\/\/www.enerjigazetesi.ist\/en\/wp-json\/wp\/v2\/posts\/64315\/revisions"}],"predecessor-version":[{"id":64317,"href":"https:\/\/www.enerjigazetesi.ist\/en\/wp-json\/wp\/v2\/posts\/64315\/revisions\/64317"}],"wp:featuredmedia":[{"embeddable":true,"href":"https:\/\/www.enerjigazetesi.ist\/en\/wp-json\/wp\/v2\/media\/48194"}],"wp:attachment":[{"href":"https:\/\/www.enerjigazetesi.ist\/en\/wp-json\/wp\/v2\/media?parent=64315"}],"wp:term":[{"taxonomy":"category","embeddable":true,"href":"https:\/\/www.enerjigazetesi.ist\/en\/wp-json\/wp\/v2\/categories?post=64315"},{"taxonomy":"post_tag","embeddable":true,"href":"https:\/\/www.enerjigazetesi.ist\/en\/wp-json\/wp\/v2\/tags?post=64315"}],"curies":[{"name":"wp","href":"https:\/\/api.w.org\/{rel}","templated":true}]}}