{"id":64313,"date":"2017-05-21T12:27:36","date_gmt":"2017-05-21T09:27:36","guid":{"rendered":"https:\/\/www.enerjigazetesi.ist\/?p=64313"},"modified":"2017-05-21T12:27:36","modified_gmt":"2017-05-21T09:27:36","slug":"katar-enerji-bakani-lngdeki-talep-artisi-fiyatlara-da-yansir","status":"publish","type":"post","link":"https:\/\/www.enerjigazetesi.ist\/en\/katar-enerji-bakani-lngdeki-talep-artisi-fiyatlara-da-yansir\/","title":{"rendered":"(Turkish) Katar Enerji Bakan\u0131: \u201cLNG\u2019deki Talep Art\u0131\u015f\u0131 Fiyatlara da Yans\u0131r"},"content":{"rendered":"<p class=\"qtranxs-available-languages-message qtranxs-available-languages-message-en\">Sorry, this entry is only available in <a href=\"https:\/\/www.enerjigazetesi.ist\/tr\/wp-json\/wp\/v2\/posts\/64313\" class=\"qtranxs-available-language-link qtranxs-available-language-link-tr\" title=\"Turkish\">Turkish<\/a>. For the sake of viewer convenience, the content is shown below in the alternative language. You may click the link to switch the active language.<\/p><p><strong><span style=\"color: #0a0a0a;\">Katar Enerji ve S<a href=\"https:\/\/www.enerjigazetesi.ist\/wp-content\/uploads\/2015\/10\/katar-lng-gaz-2982333333333-696x385.jpg\"><img loading=\"lazy\" class=\"alignleft  wp-image-44912\" src=\"https:\/\/www.enerjigazetesi.ist\/wp-content\/uploads\/2015\/10\/katar-lng-gaz-2982333333333-696x385-300x165.jpg\" alt=\"lng-gaz-2982333333333-696x385\" width=\"300\" height=\"183\" \/><\/a>anayi Bakan\u0131 Muhammed Salih Al Sada taraf\u0131ndan, ge\u00e7ti\u011fimiz y\u0131l k\u00fcresel s\u0131v\u0131la\u015ft\u0131r\u0131lm\u0131\u015f do\u011falgaz (LNG) ticaretinin bir \u00f6nceki y\u0131la g\u00f6re y\u00fczde 5 art\u0131\u015f g\u00f6stererek 258 milyon tona ula\u015farak yeni bir rekora imza att\u0131\u011f\u0131 belirtildi.<\/span><\/strong><\/p>\n<p>Bakan ayr\u0131ca, &#8220;LNG de bilindi\u011fi gibi i\u015flenmi\u015f ve kirlili\u011fi ar\u0131nd\u0131r\u0131lm\u0131\u015f do\u011falgazd\u0131r.\u00a0LNG arz\u0131nda fazlal\u0131k\u00a0birka\u00e7 y\u0131l i\u00e7inde piyasa kendini dengeleme yoluna gidecek, LNG\u2019ye olan talep daha da artacakt\u0131r,\u00a0LNG arz\u0131n\u0131n dengeye gelmesiyle birlikte\u00a0do\u011falgaz fiyatlar\u0131 da \u00f6n\u00fcm\u00fczdeki d\u00f6nemde yeniden yukar\u0131 y\u00f6nl\u00fc olarak hareket edecektir.&#8221; dedi.<\/p>","protected":false},"excerpt":{"rendered":"<p>Sorry, this entry is only available in Turkish. For the sake of viewer convenience, the content is shown below in the alternative language. You may click the link to switch the active language.Katar Enerji ve Sanayi Bakan\u0131 Muhammed Salih Al Sada taraf\u0131ndan, ge\u00e7ti\u011fimiz y\u0131l k\u00fcresel s\u0131v\u0131la\u015ft\u0131r\u0131lm\u0131\u015f do\u011falgaz (LNG) ticaretinin bir \u00f6nceki y\u0131la g\u00f6re y\u00fczde 5 [&hellip;]<\/p>\n","protected":false},"author":1,"featured_media":47686,"comment_status":"open","ping_status":"open","sticky":false,"template":"","format":"standard","meta":[],"categories":[53,45],"tags":[63,67,1009,2698,165,34047,2012,26071,34048,2585],"views":731,"_links":{"self":[{"href":"https:\/\/www.enerjigazetesi.ist\/en\/wp-json\/wp\/v2\/posts\/64313"}],"collection":[{"href":"https:\/\/www.enerjigazetesi.ist\/en\/wp-json\/wp\/v2\/posts"}],"about":[{"href":"https:\/\/www.enerjigazetesi.ist\/en\/wp-json\/wp\/v2\/types\/post"}],"author":[{"embeddable":true,"href":"https:\/\/www.enerjigazetesi.ist\/en\/wp-json\/wp\/v2\/users\/1"}],"replies":[{"embeddable":true,"href":"https:\/\/www.enerjigazetesi.ist\/en\/wp-json\/wp\/v2\/comments?post=64313"}],"version-history":[{"count":1,"href":"https:\/\/www.enerjigazetesi.ist\/en\/wp-json\/wp\/v2\/posts\/64313\/revisions"}],"predecessor-version":[{"id":64314,"href":"https:\/\/www.enerjigazetesi.ist\/en\/wp-json\/wp\/v2\/posts\/64313\/revisions\/64314"}],"wp:featuredmedia":[{"embeddable":true,"href":"https:\/\/www.enerjigazetesi.ist\/en\/wp-json\/wp\/v2\/media\/47686"}],"wp:attachment":[{"href":"https:\/\/www.enerjigazetesi.ist\/en\/wp-json\/wp\/v2\/media?parent=64313"}],"wp:term":[{"taxonomy":"category","embeddable":true,"href":"https:\/\/www.enerjigazetesi.ist\/en\/wp-json\/wp\/v2\/categories?post=64313"},{"taxonomy":"post_tag","embeddable":true,"href":"https:\/\/www.enerjigazetesi.ist\/en\/wp-json\/wp\/v2\/tags?post=64313"}],"curies":[{"name":"wp","href":"https:\/\/api.w.org\/{rel}","templated":true}]}}