{"id":64296,"date":"2017-05-20T14:08:24","date_gmt":"2017-05-20T11:08:24","guid":{"rendered":"https:\/\/www.enerjigazetesi.ist\/?p=64296"},"modified":"2017-05-20T14:09:34","modified_gmt":"2017-05-20T11:09:34","slug":"baydur-yil-sonuna-kadar-gunes-enerjisinde-yatirimlar-2500-mwa-ulasir","status":"publish","type":"post","link":"https:\/\/www.enerjigazetesi.ist\/en\/baydur-yil-sonuna-kadar-gunes-enerjisinde-yatirimlar-2500-mwa-ulasir\/","title":{"rendered":"(Turkish) Baydur: &#8220;Y\u0131l Sonuna Kadar G\u00fcne\u015f Enerjisinde Yat\u0131r\u0131mlar 2500 MW&#8217;a Ula\u015f\u0131r&#8221;"},"content":{"rendered":"<p class=\"qtranxs-available-languages-message qtranxs-available-languages-message-en\">Sorry, this entry is only available in <a href=\"https:\/\/www.enerjigazetesi.ist\/tr\/wp-json\/wp\/v2\/posts\/64296\" class=\"qtranxs-available-language-link qtranxs-available-language-link-tr\" title=\"Turkish\">Turkish<\/a>. For the sake of viewer convenience, the content is shown below in the alternative language. You may click the link to switch the active language.<\/p><p><strong>RES Anatolia Holding \u0130\u015f Geli\u015ftirme M\u00fcd\u00fcr\u00fc Do\u011fa Baydur taraf\u0131ndan \u00a07. Y\u00fczde 100 Uluslararas\u0131 Yenilenebilir Enerji Konferans\u0131&#8217;nda ( IRENEC ) Yenilenebilir Enerji Sekt\u00f6r Oturumu&#8217;nda bir konu\u015fma\u00a0ger\u00e7ekle\u015ftirildi.<\/strong><\/p>\n<p>Baydur, oturumda \u015fu ifadelere yer verdi: &#8220;Yenilenebilir enerjide zengin kaynaklara sahibiz. R\u00fczgarda bug\u00fcn<a href=\"https:\/\/www.enerjigazetesi.ist\/wp-content\/uploads\/2015\/05\/6-ruzgar-ve-gunes-yenilenebilir-enerji-kongresi-16-haziranda-istanbulda.jpg\"><img loading=\"lazy\" class=\"alignright size-medium wp-image-38905\" src=\"https:\/\/www.enerjigazetesi.ist\/wp-content\/uploads\/2015\/05\/6-ruzgar-ve-gunes-yenilenebilir-enerji-kongresi-16-haziranda-istanbulda-300x168.jpg\" alt=\"ruzgar-ve-gunes-yenilenebilir-enerji\" width=\"300\" height=\"168\" srcset=\"https:\/\/www.enerjigazetesi.ist\/wp-content\/uploads\/2015\/05\/6-ruzgar-ve-gunes-yenilenebilir-enerji-kongresi-16-haziranda-istanbulda-300x168.jpg 300w, https:\/\/www.enerjigazetesi.ist\/wp-content\/uploads\/2015\/05\/6-ruzgar-ve-gunes-yenilenebilir-enerji-kongresi-16-haziranda-istanbulda-500x281.jpg 500w, https:\/\/www.enerjigazetesi.ist\/wp-content\/uploads\/2015\/05\/6-ruzgar-ve-gunes-yenilenebilir-enerji-kongresi-16-haziranda-istanbulda-80x45.jpg 80w, https:\/\/www.enerjigazetesi.ist\/wp-content\/uploads\/2015\/05\/6-ruzgar-ve-gunes-yenilenebilir-enerji-kongresi-16-haziranda-istanbulda.jpg 620w\" sizes=\"(max-width: 300px) 100vw, 300px\" \/><\/a> yakla\u015f\u0131k 6 bin MW kurulu g\u00fc\u00e7 mevcut, 2023 y\u0131l\u0131nda 20 bin MW hedeflenmektedir. G\u00fcne\u015fte ise 5 bin MW\u2019\u0131 hedeflemekteyiz.&#8221;<\/p>\n<p>Y\u0131l sonuna kadar lisanss\u0131z g\u00fcne\u015f enerjisi yat\u0131r\u0131mlar\u0131n\u0131n 2500 MW\u2019a ula\u015fabilece\u011fi tahmininde bulunan Do\u011fa Baydur, \u201cG\u00fcne\u015fte \u00e7at\u0131m\u0131za\u00a0g\u00fcne\u015f paneli koyarak yat\u0131r\u0131m yapabilmekteyiz, b\u00fcy\u00fck \u00f6l\u00e7ekli de yapabilirsiniz b\u00f6yle g\u00fczel bir taraf\u0131 var. R\u00fczgarda da benzer bir durum mevcuttur\u201d ifadelerini kulland\u0131.<\/p>\n<p>Baydur, &#8220;\u00dc\u00e7 g\u00fcn \u00f6nce \u0130spanya\u2019da 3 bin MW\u2019l\u0131k yenilenebilir enerji ihaleleri yap\u0131ld\u0131 ve maliyetler inan\u0131lmaz d\u00fc\u015ft\u00fc. Bunlar\u0131n hemen hemen hepsi r\u00fczgar enerjisi projeleriydi. \u0130halelerde s\u0131f\u0131r veya eksi de teklif atabiliyorsunuz.\u00a0E\u011fer enerji a\u00e7\u0131\u011f\u0131n\u0131 yenilenebilirden sa\u011flayamazsak devreye k\u00f6m\u00fcr, n\u00fckleer girecektir.&#8221; dedi.<\/p>","protected":false},"excerpt":{"rendered":"<p>Sorry, this entry is only available in Turkish. For the sake of viewer convenience, the content is shown below in the alternative language. You may click the link to switch the active language.RES Anatolia Holding \u0130\u015f Geli\u015ftirme M\u00fcd\u00fcr\u00fc Do\u011fa Baydur taraf\u0131ndan \u00a07. Y\u00fczde 100 Uluslararas\u0131 Yenilenebilir Enerji Konferans\u0131&#8217;nda ( IRENEC ) Yenilenebilir Enerji Sekt\u00f6r Oturumu&#8217;nda [&hellip;]<\/p>\n","protected":false},"author":1,"featured_media":38905,"comment_status":"open","ping_status":"open","sticky":false,"template":"","format":"standard","meta":[],"categories":[53,49,50],"tags":[34040,63,67,1009,2698,165,2326,227,13,4396,14460,474,69,16,5484,34039],"views":1218,"_links":{"self":[{"href":"https:\/\/www.enerjigazetesi.ist\/en\/wp-json\/wp\/v2\/posts\/64296"}],"collection":[{"href":"https:\/\/www.enerjigazetesi.ist\/en\/wp-json\/wp\/v2\/posts"}],"about":[{"href":"https:\/\/www.enerjigazetesi.ist\/en\/wp-json\/wp\/v2\/types\/post"}],"author":[{"embeddable":true,"href":"https:\/\/www.enerjigazetesi.ist\/en\/wp-json\/wp\/v2\/users\/1"}],"replies":[{"embeddable":true,"href":"https:\/\/www.enerjigazetesi.ist\/en\/wp-json\/wp\/v2\/comments?post=64296"}],"version-history":[{"count":1,"href":"https:\/\/www.enerjigazetesi.ist\/en\/wp-json\/wp\/v2\/posts\/64296\/revisions"}],"predecessor-version":[{"id":64297,"href":"https:\/\/www.enerjigazetesi.ist\/en\/wp-json\/wp\/v2\/posts\/64296\/revisions\/64297"}],"wp:featuredmedia":[{"embeddable":true,"href":"https:\/\/www.enerjigazetesi.ist\/en\/wp-json\/wp\/v2\/media\/38905"}],"wp:attachment":[{"href":"https:\/\/www.enerjigazetesi.ist\/en\/wp-json\/wp\/v2\/media?parent=64296"}],"wp:term":[{"taxonomy":"category","embeddable":true,"href":"https:\/\/www.enerjigazetesi.ist\/en\/wp-json\/wp\/v2\/categories?post=64296"},{"taxonomy":"post_tag","embeddable":true,"href":"https:\/\/www.enerjigazetesi.ist\/en\/wp-json\/wp\/v2\/tags?post=64296"}],"curies":[{"name":"wp","href":"https:\/\/api.w.org\/{rel}","templated":true}]}}