{"id":64277,"date":"2017-05-19T16:31:28","date_gmt":"2017-05-19T13:31:28","guid":{"rendered":"https:\/\/www.enerjigazetesi.ist\/?p=64277"},"modified":"2017-05-19T16:31:28","modified_gmt":"2017-05-19T13:31:28","slug":"klima-alirken-ve-kullanirken-dikkat-edilmesi-gereken-puf-noktalar-2","status":"publish","type":"post","link":"https:\/\/www.enerjigazetesi.ist\/en\/klima-alirken-ve-kullanirken-dikkat-edilmesi-gereken-puf-noktalar-2\/","title":{"rendered":"(Turkish) Klima Al\u0131rken ve Kullan\u0131rken Dikkat Edilmesi Gereken P\u00fcf Noktalar"},"content":{"rendered":"<p class=\"qtranxs-available-languages-message qtranxs-available-languages-message-en\">Sorry, this entry is only available in <a href=\"https:\/\/www.enerjigazetesi.ist\/tr\/wp-json\/wp\/v2\/posts\/64277\" class=\"qtranxs-available-language-link qtranxs-available-language-link-tr\" title=\"Turkish\">Turkish<\/a>. For the sake of viewer convenience, the content is shown below in the alternative language. You may click the link to switch the active language.<\/p><p><\/p>\n<h4>Yaz aylar\u0131nda \u00e7ok\u00e7a enerji harcayan kliman\u0131z ile birlikte gelen faturan\u0131z\u0131, sadece birka\u00e7 de\u011fi\u015fiklik ile d\u00fc\u015f\u00fcrebilirsiniz. Ak\u0131ll\u0131 Oda Termostat\u0131 Cosa\u2019n\u0131n Kurucu Orta\u011f\u0131 Dr. Emre Erkin klima sat\u0131n al\u0131rken ve kullan\u0131rken dikkat etmemiz gereken p\u00fcf noktalar\u0131 anlat\u0131yor:<\/h4>\n<p>Yaz\u0131n serin kalmak i\u00e7in \u00e7e\u015fitli yollar var. Ama s\u0131cakl\u0131klar klima kullan\u0131m\u0131n\u0131 ka\u00e7\u0131n\u0131lmaz hale getiriyorsa,<a href=\"https:\/\/www.enerjigazetesi.ist\/wp-content\/uploads\/2017\/05\/klima-alirken-ve-kullanirken-dikkat-edilmesi-gereken-puf-noktalar-2.jpg\"><img loading=\"lazy\" class=\"alignright size-medium wp-image-64278\" src=\"https:\/\/www.enerjigazetesi.ist\/wp-content\/uploads\/2017\/05\/klima-alirken-ve-kullanirken-dikkat-edilmesi-gereken-puf-noktalar-2-300x187.jpg\" alt=\"klima-alirken-ve-kullanirken-dikkat-edilmesi-gereken-puf-noktalar-2\" width=\"300\" height=\"187\" srcset=\"https:\/\/www.enerjigazetesi.ist\/wp-content\/uploads\/2017\/05\/klima-alirken-ve-kullanirken-dikkat-edilmesi-gereken-puf-noktalar-2-300x187.jpg 300w, https:\/\/www.enerjigazetesi.ist\/wp-content\/uploads\/2017\/05\/klima-alirken-ve-kullanirken-dikkat-edilmesi-gereken-puf-noktalar-2-500x312.jpg 500w, https:\/\/www.enerjigazetesi.ist\/wp-content\/uploads\/2017\/05\/klima-alirken-ve-kullanirken-dikkat-edilmesi-gereken-puf-noktalar-2-80x50.jpg 80w, https:\/\/www.enerjigazetesi.ist\/wp-content\/uploads\/2017\/05\/klima-alirken-ve-kullanirken-dikkat-edilmesi-gereken-puf-noktalar-2.jpg 1000w\" sizes=\"(max-width: 300px) 100vw, 300px\" \/><\/a> y\u00fcksek nem oran\u0131, gece-g\u00fcnd\u00fcz s\u0131cakl\u0131k farklar\u0131 konforsuz bir ya\u015fam alan\u0131 sa\u011fl\u0131yorsa, kontrol edilmesi zor bir d\u00f6ng\u00fc i\u00e7erisine girebiliyoruz. Verimsiz kullanmada yap\u0131lan en b\u00fcy\u00fck yanl\u0131\u015f, kliman\u0131n ayar s\u0131cakl\u0131\u011f\u0131. Klimalar\u0131m\u0131z\u0131 genelde minimum s\u0131cakl\u0131\u011fa ayarlay\u0131p sonra \u00fc\u015f\u00fcmeye ba\u015flad\u0131\u011f\u0131m\u0131z zaman kapat\u0131r\u0131z. Bu hem konforsuz ve sa\u011fl\u0131ks\u0131z hem de faturalar\u0131m\u0131z\u0131 kabartan bir yanl\u0131\u015f kullan\u0131m \u015fekli. Do\u011fru klimay\u0131 sat\u0131n almak ve de ald\u0131\u011f\u0131m\u0131z klimalar\u0131 verimli kullanabilmemiz i\u00e7in baz\u0131 p\u00fcf noktalar var. Buna ek olarak nesnelerin interneti, veri analizi ve teknolojinin di\u011fer b\u00fct\u00fcn alanlar\u0131 daha konforlu ve verimli ya\u015fayabilmemiz i\u00e7in geli\u015ftirilmeye devam ediyor. Hem ak\u0131ll\u0131 oda termostat\u0131 gibi teknolojileri kullanarak hem de ufak baz\u0131 t\u00fcyolar ile faturalar\u0131m\u0131z\u0131 d\u00fc\u015f\u00fcrmemiz ve de konforumuzdan \u00f6d\u00fcn vermememiz m\u00fcmk\u00fcn. Klimalar\u0131m\u0131z\u0131 da sat\u0131n al\u0131rken ve kullan\u0131rken ak\u0131ll\u0131 davranabilmemizi sa\u011flayan baz\u0131 y\u00f6ntemler var.<\/p>\n<p><strong>Sat\u0131n al\u0131rken \u015funlara dikkat edin:<\/strong><\/p>\n<p>\u00d6rne\u011fin klima sat\u0131n al\u0131rken en \u00f6nemli parametre fiyat\u0131 olmamal\u0131d\u0131r. \u0130lk yat\u0131r\u0131m maliyeti d\u00fc\u015f\u00fck olan klimalar kullan\u0131l\u0131rken, daha fazla enerji faturas\u0131 do\u011furabilir ve toplamda bize \u00e7ok daha maliyetli hale gelebilir. Klima sat\u0131n al\u0131rken dikkat edilmesi gereken \u00f6zellikler \u015fu \u015fekilde s\u0131ralanabilir.<\/p>\n<p>&#8211; Y\u00fcksek enerji s\u0131n\u0131fl\u0131 olmas\u0131<br \/>\n&#8211; Invert\u00f6r teknolojisine sahip olmas\u0131<br \/>\n&#8211; Yetkili ve geni\u015f servis a\u011f\u0131na sahip olmas\u0131<br \/>\n&#8211; Kapasitesinin uygun olmas\u0131 (bunun i\u00e7in odan\u0131n ve pencerelerin konumu, pencere say\u0131s\u0131 ve toplam alan\u0131, kullan\u0131m alan\u0131 ve amac\u0131, ki\u015fi say\u0131s\u0131 gibi parametreleri hesaba katmak gerekir)<br \/>\n&#8211; Yedek par\u00e7as\u0131n\u0131n kolay bulunabilir olmas\u0131<br \/>\n&#8211; Montaj yerine uygun tipte bir klima olmas\u0131<\/p>\n<p><strong>Kullan\u0131rken \u015funlara dikkat edin:<\/strong><\/p>\n<p><strong>Mobilyalar\u0131n\u0131z\u0131 ak\u0131ll\u0131ca yerle\u015ftirin<\/strong><\/p>\n<p>\u0130\u00e7 \u00fcnite ve d\u0131\u015f \u00fcnite \u00f6n\u00fcne hava ak\u0131\u015f\u0131n\u0131 engelleyecek mobilya ve cisimler koymay\u0131n\u0131z. Bazen de fark\u0131nda olmadan sadece koltu\u011funuzun arkas\u0131n\u0131 veya masan\u0131z\u0131n \u00fcst\u00fcn\u00fc serinletiyor olabilirsiniz. Bunun \u00f6n\u00fcne ge\u00e7mek i\u00e7in yap\u0131lmas\u0131 gereken en do\u011fru \u015fey mobilyalar\u0131n\u0131z\u0131n yerlerini yeniden d\u00fczenlemek olabilir.<\/p>\n<p><strong>Gereksiz \u0131s\u0131 kaynaklar\u0131na engel olun <\/strong><\/p>\n<p>So\u011futulan hacim g\u00fcn i\u00e7inde \u00e7ok g\u00fcne\u015f al\u0131yorsa pencereleri perde ve jaluzi ile g\u00f6lgeleyin. Ayr\u0131ca gerekli olmayan \u0131\u015f\u0131klar\u0131 s\u00f6nd\u00fcrmek, oda i\u00e7erisindeki \u0131s\u0131y\u0131 azaltmaya yard\u0131mc\u0131 olacakt\u0131r. Burada \u00f6nemli olan kliman\u0131z\u0131n, kar\u015f\u0131 m\u00fccadele i\u00e7erisinde oldu\u011fu \u0131s\u0131y\u0131 azaltmak ve dolay\u0131s\u0131yla daha az gayret harcamas\u0131n\u0131 sa\u011flamak.<\/p>\n<p><strong>Kliman\u0131za bak\u0131m yapt\u0131r\u0131n<\/strong><\/p>\n<p>Kliman\u0131z\u0131n hava filtreleri, biz fark\u0131nda olmadan do\u011fadan gelen bir tak\u0131m toz, kir ve hatta bitki ve a\u011fa\u00e7 polenleri ile dolabilir. Bu da kliman\u0131z\u0131n verimli \u00e7al\u0131\u015fmak i\u00e7in daha fazla enerji harcamak zorunda kalmas\u0131 anlam\u0131na gelebilir. Her sene \u00f6zellikle yaz ay\u0131ndan \u00f6nce \u00fcreticinize bir genel bak\u0131m yapt\u0131rman\u0131zda b\u00fcy\u00fck fayda var.<\/p>\n<p><strong>Kullanaca\u011f\u0131n\u0131z mekan\u0131 kapal\u0131 tutun<\/strong><\/p>\n<p>Klimalar odadaki havay\u0131 al\u0131p i\u00e7 \u00fcnitede serinlettikten sonra tekrar i\u00e7eri geri verirler. E\u011fer odan\u0131zdaki pencere ya da kap\u0131lar\u0131n\u0131z a\u00e7\u0131k ise odan\u0131n d\u0131\u015f\u0131ndan odaya s\u00fcrekli s\u0131cak hava ak\u0131\u015f\u0131 olacakt\u0131r. Kap\u0131 ve pencerelerin kapal\u0131 tutulmas\u0131 odan\u0131z\u0131n daha \u00e7abuk ve verimli serinlemesine olanak sa\u011flayacakt\u0131r.<\/p>\n<p><strong>Kliman\u0131z\u0131 uygun dereceye ayarlay\u0131n<\/strong><\/p>\n<p>Klimalar\u0131m\u0131z\u0131n kumandas\u0131ndan ayarlad\u0131\u011f\u0131m\u0131z s\u0131cakl\u0131k de\u011feri, kliman\u0131n odaya \u00fcfledi\u011fi s\u0131cakl\u0131k de\u011fildir. \u00d6rne\u011fin kumandadan 18 dereceyi ayarlad\u0131\u011f\u0131n\u0131z zaman klima, odan\u0131z 18 dereye gelene kadar serin hava \u00fcflemeye devam eder. Bir s\u00fcre sonra ise odan\u0131n \u00e7ok so\u011fudu\u011funu hisseder ve klimay\u0131 kapatma ihtiyac\u0131 duyar\u0131z. Halbuki standartlara g\u00f6re sa\u011fl\u0131kl\u0131 ve konforlu olan oda s\u0131cakl\u0131\u011f\u0131 22-24 derece aras\u0131ndad\u0131r. Unutmay\u0131n ki her 1 derece daha so\u011futmak i\u00e7in %5 ila %10 aras\u0131 daha fazla enerji harcam\u0131\u015f oluruz. Bununla birlikte evde\/ofiste de\u011filken klimay\u0131 kapatmak, uyurken de nem alma \u00f6zelli\u011finde \u00e7al\u0131\u015ft\u0131rmak hem sa\u011fl\u0131k ve konfor hem de faturalar\u0131n azalt\u0131lmas\u0131 a\u00e7\u0131s\u0131ndan \u00e7ok etkili olacakt\u0131r.<\/p>\n<p><strong>Yeni teknolojileri kullan\u0131n %40 tasarruf sa\u011flay\u0131n<\/strong><\/p>\n<p>30 derece nemli ve s\u0131cak bir havadan eve gelince klimay\u0131 18 derecede \u00e7al\u0131\u015ft\u0131rarak evi aniden so\u011futmaya \u00e7al\u0131\u015fmak, klimay\u0131 bir a\u00e7\u0131p bir kapamak, uyurken veya evde yokken a\u00e7\u0131k unutmak gibi bir\u00e7ok g\u00fcnl\u00fck al\u0131\u015fkanl\u0131k faturalar\u0131m\u0131z\u0131n y\u00fckselmesindeki en b\u00fcy\u00fck sebep. Kliman\u0131z\u0131 ak\u0131lland\u0131racak bir ak\u0131ll\u0131 oda termostat\u0131 ile kliman\u0131z\u0131 d\u00fcnyan\u0131n her yerinden kolayl\u0131kla y\u00f6netebilir; d\u0131\u015far\u0131dayken, uyurken, evde veya ofisteyken \u00f6nceden ayarlad\u0131\u011f\u0131n\u0131z konfor ko\u015fullar\u0131n\u0131za minimum enerji t\u00fcketerek sahip olabilirsiniz. B\u00f6ylelikle siz evde\/ofiste yokken kliman\u0131z gereksiz yere \u00e7al\u0131\u015fmaz, evdeyken ve uykudayken ihtiyac\u0131n\u0131z kadar \u00e7al\u0131\u015f\u0131r ve evde\/ofiste yokken a\u00e7\u0131k unutulan ve s\u00fcrekli minimum s\u0131cakl\u0131kta \u00e7al\u0131\u015ft\u0131r\u0131lan bir klimaya g\u00f6re %40\u2019lara varan tasarruf sa\u011flayabilirsiniz.<\/p>","protected":false},"excerpt":{"rendered":"<p>Sorry, this entry is only available in Turkish. For the sake of viewer convenience, the content is shown below in the alternative language. You may click the link to switch the active language. Yaz aylar\u0131nda \u00e7ok\u00e7a enerji harcayan kliman\u0131z ile birlikte gelen faturan\u0131z\u0131, sadece birka\u00e7 de\u011fi\u015fiklik ile d\u00fc\u015f\u00fcrebilirsiniz. Ak\u0131ll\u0131 Oda Termostat\u0131 Cosa\u2019n\u0131n Kurucu Orta\u011f\u0131 Dr. [&hellip;]<\/p>\n","protected":false},"author":1,"featured_media":64278,"comment_status":"open","ping_status":"open","sticky":false,"template":"","format":"standard","meta":[],"categories":[53],"tags":[33767,34028,63,67,1009,2698,165,14919],"views":1010,"_links":{"self":[{"href":"https:\/\/www.enerjigazetesi.ist\/en\/wp-json\/wp\/v2\/posts\/64277"}],"collection":[{"href":"https:\/\/www.enerjigazetesi.ist\/en\/wp-json\/wp\/v2\/posts"}],"about":[{"href":"https:\/\/www.enerjigazetesi.ist\/en\/wp-json\/wp\/v2\/types\/post"}],"author":[{"embeddable":true,"href":"https:\/\/www.enerjigazetesi.ist\/en\/wp-json\/wp\/v2\/users\/1"}],"replies":[{"embeddable":true,"href":"https:\/\/www.enerjigazetesi.ist\/en\/wp-json\/wp\/v2\/comments?post=64277"}],"version-history":[{"count":1,"href":"https:\/\/www.enerjigazetesi.ist\/en\/wp-json\/wp\/v2\/posts\/64277\/revisions"}],"predecessor-version":[{"id":64279,"href":"https:\/\/www.enerjigazetesi.ist\/en\/wp-json\/wp\/v2\/posts\/64277\/revisions\/64279"}],"wp:featuredmedia":[{"embeddable":true,"href":"https:\/\/www.enerjigazetesi.ist\/en\/wp-json\/wp\/v2\/media\/64278"}],"wp:attachment":[{"href":"https:\/\/www.enerjigazetesi.ist\/en\/wp-json\/wp\/v2\/media?parent=64277"}],"wp:term":[{"taxonomy":"category","embeddable":true,"href":"https:\/\/www.enerjigazetesi.ist\/en\/wp-json\/wp\/v2\/categories?post=64277"},{"taxonomy":"post_tag","embeddable":true,"href":"https:\/\/www.enerjigazetesi.ist\/en\/wp-json\/wp\/v2\/tags?post=64277"}],"curies":[{"name":"wp","href":"https:\/\/api.w.org\/{rel}","templated":true}]}}