{"id":64263,"date":"2017-05-19T15:32:38","date_gmt":"2017-05-19T12:32:38","guid":{"rendered":"https:\/\/www.enerjigazetesi.ist\/?p=64263"},"modified":"2017-05-19T15:32:38","modified_gmt":"2017-05-19T12:32:38","slug":"aytemizde-aractan-ode-donemi","status":"publish","type":"post","link":"https:\/\/www.enerjigazetesi.ist\/en\/aytemizde-aractan-ode-donemi\/","title":{"rendered":"(Turkish) Aytemiz\u2019de \u2018Ara\u00e7tan \u00d6de\u2019 D\u00f6nemi&#8230;"},"content":{"rendered":"<p class=\"qtranxs-available-languages-message qtranxs-available-languages-message-en\">Sorry, this entry is only available in <a href=\"https:\/\/www.enerjigazetesi.ist\/tr\/wp-json\/wp\/v2\/posts\/64263\" class=\"qtranxs-available-language-link qtranxs-available-language-link-tr\" title=\"Turkish\">Turkish<\/a>. For the sake of viewer convenience, the content is shown below in the alternative language. You may click the link to switch the active language.<\/p><p><strong>Aytemiz, h\u0131zl\u0131, g\u00fcvenli ve konforlu bir bi\u00e7imde yak\u0131t al\u0131m\u0131 yapmaya imk\u00e2n tan\u0131yan Ara\u00e7tan \u00d6de sistemini hayata ge\u00e7iriyor. <\/strong><strong>S\u00fcr\u00fcc\u00fclerin, ara\u00e7lar\u0131ndan inmeden yak\u0131t al\u0131\u015fveri\u015flerini tamamlamas\u0131n\u0131 sa\u011flayan Ara\u00e7tan \u00d6de sistemi, ara\u00e7lar\u0131nda \u00e7ocukla seyahat eden<\/strong><strong>lere, bedensel engellilere, zaman\u0131 de\u011ferli \u00e7al\u0131\u015fanlara ve \u00f6deme yaparken kask-eldiven \u00e7\u0131kartmak istemeyen t\u00fcm motosiklet kullan\u0131c\u0131lar\u0131na b\u00fcy\u00fck kolayl\u0131k sa\u011flayacak.<\/strong><\/p>\n<p>T\u00fcrkiye\u2019nin en h\u0131zl\u0131 b\u00fcy\u00fcyen akaryak\u0131t markas\u0131 Aytemiz, otomobil, hafif ticari, a\u011f\u0131r vas\u0131ta ve motosiklet kullan\u0131c\u0131lar\u0131n\u0131n hayat\u0131n\u0131 kolayla\u015ft\u0131racak \u2018Ara\u00e7tan \u00d6de\u2019 sistemini hayata ge\u00e7iriyor. Anla\u015fmal\u0131 Aytemiz istasyonlar\u0131nda devreye al\u0131nan Ara\u00e7tan \u00d6de sistemi <a href=\"https:\/\/www.enerjigazetesi.ist\/wp-content\/uploads\/2017\/05\/aytemizde-aractan-ode-donemi.jpg\"><img loading=\"lazy\" class=\"alignleft size-medium wp-image-64264\" src=\"https:\/\/www.enerjigazetesi.ist\/wp-content\/uploads\/2017\/05\/aytemizde-aractan-ode-donemi-300x224.jpg\" alt=\"1024 x 768\" width=\"300\" height=\"224\" srcset=\"https:\/\/www.enerjigazetesi.ist\/wp-content\/uploads\/2017\/05\/aytemizde-aractan-ode-donemi-300x224.jpg 300w, https:\/\/www.enerjigazetesi.ist\/wp-content\/uploads\/2017\/05\/aytemizde-aractan-ode-donemi-500x374.jpg 500w, https:\/\/www.enerjigazetesi.ist\/wp-content\/uploads\/2017\/05\/aytemizde-aractan-ode-donemi-66x50.jpg 66w, https:\/\/www.enerjigazetesi.ist\/wp-content\/uploads\/2017\/05\/aytemizde-aractan-ode-donemi.jpg 850w\" sizes=\"(max-width: 300px) 100vw, 300px\" \/><\/a>sayesinde Aytemiz m\u00fc\u015fterileri, Aytemiz Kart\u2019lar\u0131n\u0131 istedikleri bankan\u0131n kredi kartlar\u0131yla e\u015fle\u015ftirerek, ara\u00e7lar\u0131ndan inmeden akaryak\u0131t veya LPG al\u0131m\u0131 yapabilecek. Ara\u00e7tan \u00d6de sistemi sayesinde \u00e7ok daha h\u0131zl\u0131 \u015fekilde yak\u0131t al\u0131m\u0131 ger\u00e7ekle\u015ftirerek vakit kazanan kullan\u0131c\u0131lar, koltuklar\u0131ndan ayr\u0131lmadan al\u0131\u015fveri\u015flerini konforlu bir \u015fekilde tamamlayacak. Ara\u00e7tan \u00d6de sistemi, ara\u00e7lar\u0131nda \u00e7ocukla seyahat edenlere, bedensel engellilere, zaman\u0131 de\u011ferli \u00e7al\u0131\u015fanlara ve \u00f6deme yaparken kask-eldiven \u00e7\u0131kartmak istemeyen t\u00fcm motosiklet kullan\u0131c\u0131lar\u0131na b\u00fcy\u00fck kolayl\u0131k sa\u011flayacak.<\/p>\n<p>Pompada Aytemiz Kartlar\u0131n\u0131 \u00f6n saha sat\u0131\u015f g\u00f6revlisine vererek akaryak\u0131t veya LPG dolum i\u015flemi tamamland\u0131\u011f\u0131nda, \u00f6demenin otomatik olarak yap\u0131lmas\u0131n\u0131 sa\u011flayan Ara\u00e7tan \u00d6de sistemi, ailelerin \u00e7ocuklar\u0131n\u0131 ara\u00e7ta yaln\u0131z b\u0131rakmadan g\u00fcvenle i\u015flemlerini ger\u00e7ekle\u015ftirmelerine yard\u0131mc\u0131 olacak. Ayr\u0131ca s\u00fcr\u00fcc\u00fclerin, ara\u00e7tan inmedikleri i\u00e7in olumsuz hava ko\u015fullar\u0131ndan etkilenmeden seyahatlerine kald\u0131klar\u0131 yerden devam edebilmelerini de olanak sa\u011flayan Ara\u00e7tan \u00d6de sistemi, motosiklet kullan\u0131c\u0131lar\u0131n\u0131n hayat\u0131na da kolayl\u0131k katacak. Motorcu Dostu \u0130stasyon Projesi ile sekt\u00f6rde ses getiren bir yenili\u011fe imza atan Aytemiz, Ara\u00e7tan \u00d6de sistemi sayesinde motorculara olan deste\u011fini s\u00fcrd\u00fcrmeye devam ediyor. Devreye al\u0131nan Ara\u00e7tan \u00d6de sistemi kapsam\u0131nda motosiklet kullan\u0131c\u0131lar\u0131, kasklar\u0131n\u0131 ve eldivenlerini \u00e7\u0131kartmadan h\u0131zl\u0131ca akaryak\u0131t al\u0131m\u0131 yapabilecek.<\/p>\n<p>Ara\u00e7tan \u00d6de sistemi, ayn\u0131 zamanda puan biriktirme f\u0131rsat\u0131 da sunuyor. Ara\u00e7tan \u00d6de ile h\u0131zl\u0131, g\u00fcvenli ve konforlu bir bi\u00e7imde yak\u0131t al\u0131m\u0131 yapmak isteyen Aytemiz m\u00fc\u015fterilerinin <a href=\"http:\/\/www.aytemiz.com.tr\/\" target=\"_blank\" data-saferedirecturl=\"https:\/\/www.google.com\/url?hl=tr&amp;q=http:\/\/www.aytemiz.com.tr\/&amp;source=gmail&amp;ust=1495275876672000&amp;usg=AFQjCNE92SZqrgxZHKGvGW4fFqZszW8NQw\">www.aytemiz.com.tr<\/a> web sitesi \u00fczerinden ya da Aytemiz mobil uygulamas\u0131nda yer alan \u201cAytemiz Ara\u00e7tan \u00d6de\u201d b\u00f6l\u00fcm\u00fcnden kredi kartlar\u0131n\u0131 Aytemiz Kartlar\u0131yla e\u015fle\u015ftirmeleri yeterli olacak. T\u00fcm bankalar\u0131n kredi kartlar\u0131n\u0131n Aytemiz Kartla e\u015fle\u015ftirilerek kullan\u0131lmas\u0131na olanak sa\u011flayan Ara\u00e7tan \u00d6de sistemi ile t\u00fcketiciler, yak\u0131t puan kazanmaya da devam edecekler.<\/p>","protected":false},"excerpt":{"rendered":"<p>Sorry, this entry is only available in Turkish. For the sake of viewer convenience, the content is shown below in the alternative language. You may click the link to switch the active language.Aytemiz, h\u0131zl\u0131, g\u00fcvenli ve konforlu bir bi\u00e7imde yak\u0131t al\u0131m\u0131 yapmaya imk\u00e2n tan\u0131yan Ara\u00e7tan \u00d6de sistemini hayata ge\u00e7iriyor. S\u00fcr\u00fcc\u00fclerin, ara\u00e7lar\u0131ndan inmeden yak\u0131t al\u0131\u015fveri\u015flerini tamamlamas\u0131n\u0131 [&hellip;]<\/p>\n","protected":false},"author":1,"featured_media":64264,"comment_status":"open","ping_status":"open","sticky":false,"template":"","format":"standard","meta":[],"categories":[53,44],"tags":[2289,34024,20431,63,67,1009,2698,165,59,79,2388,887,2522,34025],"views":1048,"_links":{"self":[{"href":"https:\/\/www.enerjigazetesi.ist\/en\/wp-json\/wp\/v2\/posts\/64263"}],"collection":[{"href":"https:\/\/www.enerjigazetesi.ist\/en\/wp-json\/wp\/v2\/posts"}],"about":[{"href":"https:\/\/www.enerjigazetesi.ist\/en\/wp-json\/wp\/v2\/types\/post"}],"author":[{"embeddable":true,"href":"https:\/\/www.enerjigazetesi.ist\/en\/wp-json\/wp\/v2\/users\/1"}],"replies":[{"embeddable":true,"href":"https:\/\/www.enerjigazetesi.ist\/en\/wp-json\/wp\/v2\/comments?post=64263"}],"version-history":[{"count":1,"href":"https:\/\/www.enerjigazetesi.ist\/en\/wp-json\/wp\/v2\/posts\/64263\/revisions"}],"predecessor-version":[{"id":64265,"href":"https:\/\/www.enerjigazetesi.ist\/en\/wp-json\/wp\/v2\/posts\/64263\/revisions\/64265"}],"wp:featuredmedia":[{"embeddable":true,"href":"https:\/\/www.enerjigazetesi.ist\/en\/wp-json\/wp\/v2\/media\/64264"}],"wp:attachment":[{"href":"https:\/\/www.enerjigazetesi.ist\/en\/wp-json\/wp\/v2\/media?parent=64263"}],"wp:term":[{"taxonomy":"category","embeddable":true,"href":"https:\/\/www.enerjigazetesi.ist\/en\/wp-json\/wp\/v2\/categories?post=64263"},{"taxonomy":"post_tag","embeddable":true,"href":"https:\/\/www.enerjigazetesi.ist\/en\/wp-json\/wp\/v2\/tags?post=64263"}],"curies":[{"name":"wp","href":"https:\/\/api.w.org\/{rel}","templated":true}]}}