{"id":64247,"date":"2017-05-18T21:17:37","date_gmt":"2017-05-18T18:17:37","guid":{"rendered":"https:\/\/www.enerjigazetesi.ist\/?p=64247"},"modified":"2017-05-18T21:17:37","modified_gmt":"2017-05-18T18:17:37","slug":"sedastan-enerji-verimliligi-projesi","status":"publish","type":"post","link":"https:\/\/www.enerjigazetesi.ist\/en\/sedastan-enerji-verimliligi-projesi\/","title":{"rendered":"(Turkish) Seda\u015f\u2019tan Enerji Verimlili\u011fi Projesi"},"content":{"rendered":"<p class=\"qtranxs-available-languages-message qtranxs-available-languages-message-en\">Sorry, this entry is only available in <a href=\"https:\/\/www.enerjigazetesi.ist\/tr\/wp-json\/wp\/v2\/posts\/64247\" class=\"qtranxs-available-language-link qtranxs-available-language-link-tr\" title=\"Turkish\">Turkish<\/a>. For the sake of viewer convenience, the content is shown below in the alternative language. You may click the link to switch the active language.<\/p><p><strong>Enerjinin verimli kullan\u0131lmas\u0131 konusunda fark\u0131ndal\u0131k yaratarak, t\u00fcketicilerin bilin\u00e7lenmesi ile kaynaklar\u0131n verimli kullan\u0131lmas\u0131n\u0131, \u00fclke ekonomisine de katk\u0131 sa\u011flanmas\u0131n\u0131 te\u015fvik etmeyi hedefleyen SEDA\u015e, \u2018Enerjimi verimli kullan\u0131yorum, kazan\u0131yorum, \u00fclkeme de kazand\u0131r\u0131yorum\u2019 isimli projesini ba\u015flat\u0131yor.<\/strong><\/p>\n<p><strong>BA\u015eVURU FORMU VE POSTER WEB SAYFASINDA<\/strong><\/p>\n<p>Sakarya, Kocaeli, Bolu ve D\u00fczce\u2019deki \u00f6\u011frenci ailelerinin kat\u0131laca\u011f\u0131 projede, 2017\u2019de elektrik t\u00fcketimin<a href=\"https:\/\/www.enerjigazetesi.ist\/wp-content\/uploads\/2017\/05\/sedastan-enerji-verimliligi-projesi.jpg\"><img loading=\"lazy\" class=\"alignright size-medium wp-image-64248\" src=\"https:\/\/www.enerjigazetesi.ist\/wp-content\/uploads\/2017\/05\/sedastan-enerji-verimliligi-projesi-300x273.jpg\" alt=\"Elektrik Yarisma ilan\" width=\"300\" height=\"273\" srcset=\"https:\/\/www.enerjigazetesi.ist\/wp-content\/uploads\/2017\/05\/sedastan-enerji-verimliligi-projesi-300x273.jpg 300w, https:\/\/www.enerjigazetesi.ist\/wp-content\/uploads\/2017\/05\/sedastan-enerji-verimliligi-projesi-438x400.jpg 438w, https:\/\/www.enerjigazetesi.ist\/wp-content\/uploads\/2017\/05\/sedastan-enerji-verimliligi-projesi-54x50.jpg 54w, https:\/\/www.enerjigazetesi.ist\/wp-content\/uploads\/2017\/05\/sedastan-enerji-verimliligi-projesi.jpg 672w\" sizes=\"(max-width: 300px) 100vw, 300px\" \/><\/a>i 2016\u2019ya g\u00f6re en fazla d\u00fc\u015f\u00fcren ilk 10 aileye yar\u0131\u015fma i\u00e7in belirlenen elektrik t\u00fcketim bedelleri \u00f6d\u00fcl olarak verilecek. SEDA\u015e bedava elektrik verecek. Projeye ise ba\u015fvurular, 18 May\u0131s 2017- 20 Aral\u0131k 2017 tarihleri aras\u0131nda yap\u0131labilecek. SEDA\u015e\u2019\u0131n \u00e7evreye verdi\u011fi de\u011fer vurgulanarak, ka\u011f\u0131t kullan\u0131lmadan dijital ekranda <a href=\"http:\/\/www.sedas.com\">www.sedas.com<\/a> web sayfas\u0131ndan yar\u0131\u015fma ba\u015fvurular\u0131n\u0131n yap\u0131labilece\u011fi belirtildi. Ayn\u0131 sayfada SEDA\u015e taraf\u0131ndan \u201cenerji verimlili\u011fi i\u00e7in k\u0131sa ipu\u00e7lar\u0131\u201d, yar\u0131\u015fma posteri ile ba\u015fvuru rehberi gibi ayr\u0131nt\u0131l\u0131 bilgiler de payla\u015f\u0131l\u0131yor.<\/p>\n<p><strong>10 VER\u0130ML\u0130 ELEKTR\u0130K KULLANAN A\u0130LE \u00d6D\u00dcL ALACAK<\/strong><\/p>\n<p>SEDA\u015e Elektrik Da\u011f\u0131t\u0131m A.\u015e. (SEDA\u015e) enerji tasarrufu hakk\u0131nda fark\u0131ndal\u0131k olu\u015fturmak amac\u0131yla ba\u015flatt\u0131\u011f\u0131 projelere bir yenisini ekledi. Sakarya, Kocaeli, Bolu ve D\u00fczce\u2019deki daha \u00f6nce ilk\u00f6\u011fretim \u00f6\u011frencilerine y\u00f6nelik \u2018Enerjinin G\u00fcvenli Kullan\u0131m\u0131\u2019\u00a0 konulu e\u011fitim seminerleri vererek resim yar\u0131\u015fmas\u0131 d\u00fczenleyen SEDA\u015e, \u015fimdi de enerjinin verimli kullan\u0131m\u0131 ve gereksiz yere kullan\u0131m\u0131n\u0131n engellenmesi ve enerji tasarrufunun te\u015fvik edilmesini sa\u011flamak amac\u0131yla \u2018Enerjimi verimli kullan\u0131yorum, kazan\u0131yorum, \u00fclkeme de kazand\u0131r\u0131yorum\u2019 adl\u0131 projeyi hayata ge\u00e7iriyor.\u00a0 Proje kapsam\u0131nda 2016 y\u0131l\u0131na oranla 2017 i\u00e7erisinde konutlar\u0131nda en fazla elektrik tasarrufu yapan 10 ailenin belirli miktardaki elektrik t\u00fcketimi bedeli SEDA\u015e taraf\u0131ndan kar\u015f\u0131lanacak.<\/p>\n<p><strong>\u201cENERJ\u0130DE B\u0130L\u0130N\u00c7L\u0130 T\u00dcKET\u0130ME TE\u015eV\u0130K ETMEY\u0130 SOSYAL SORUMLULUK OLARAK G\u00d6R\u00dcYORUZ\u201d<\/strong><\/p>\n<p>\u2018Enerjimi verimli kullan\u0131yorum, kazan\u0131yorum, \u00fclkeme de kazand\u0131r\u0131yorum\u2019 projesi hakk\u0131nda a\u00e7\u0131klamalarda bulunan SEDA\u015e \u0130cra Ba\u015fkan\u0131 Bekir Sami G\u00fcven,\u00a0 \u201c<strong><em>T\u00fcrkiye\u2019nin enerjide d\u0131\u015fa ba\u011f\u0131ml\u0131l\u0131\u011f\u0131n\u0131 g\u00f6rmemiz ve bu ba\u011f\u0131ml\u0131l\u0131\u011f\u0131n \u00fclkemiz ekonomisi i\u00e7in b\u00fcy\u00fck bir y\u00fck olu\u015fturdu\u011fu bilinciyle enerji t\u00fcketimimizi verimli bir \u015fekilde yapmal\u0131, bu yolla tasarruf sa\u011flamal\u0131y\u0131z. Hayat standartlar\u0131m\u0131zdan \u00f6d\u00fcn vermeden enerjiyi etkin ve verimli kullanmal\u0131y\u0131z\u201d<\/em><\/strong> dedi. G\u00fcven, geli\u015fmi\u015f \u00fclkelerde enerjiyi verimli ve tasarruflu kullanman\u0131n sosyal bir sorumluluk olarak hayata ge\u00e7irildi\u011fini belirtti.<\/p>\n<p>Enerji varl\u0131klar\u0131n\u0131n g\u00fcn\u00fcm\u00fczde h\u0131zl\u0131 bir \u015fekilde t\u00fckendi\u011fi ve enerji tasarrufunu hem bireylerin hem de kurumlar\u0131n maddi ve manevi sorumlulu\u011fu olarak de\u011ferlendirdiklerini ifade eden G\u00fcven, <strong><em>\u201cHayat\u0131m\u0131z\u0131n vazge\u00e7ilmez bir par\u00e7as\u0131 olan elektrik enerjisini, insanlar\u0131n kullan\u0131m\u0131na sunan bir kurum olarak enerji tasarrufu hakk\u0131nda fark\u0131ndal\u0131k olu\u015fturmak i\u00e7in bu yeni projeyi haz\u0131rlad\u0131k. Projemiz kapsam\u0131nda Sakarya, Kocaeli, Bolu ve D\u00fczce\u2019deki 2017 y\u0131l\u0131nda, 2016\u2019ya g\u00f6re en fazla enerji tasarrufu yapan abonelerimizin 2018 y\u0131l\u0131ndaki elektrik t\u00fcketiminin 3.000 kilovatsaate kadar olan b\u00f6l\u00fcm\u00fc \u015firketimiz taraf\u0131ndan kar\u015f\u0131lanacak\u201d<\/em><\/strong> dedi.<\/p>\n<p>Projeye d\u00e2hil olmak isteyen t\u00fcketicilerin mesken aboneli\u011fi olmas\u0131 ve ailesinde en az bir \u00f6\u011frenci bulunmas\u0131 gerekti\u011fine dikkat \u00e7eken G\u00fcven, \u201c2017 y\u0131l\u0131nda en fazla elektrik tasarrufu yapan ilk 10 aileden 1\u2019inci ailenin 3.000 kilovatsaat, 2\u2019nci ailenin 2.000 kilovatsaat, 3\u2019\u00fcnc\u00fc ailenin 1.000 kilovatsaat, 4\u2019\u00fcnc\u00fc ve 5\u2019inci ailenin 500 kilovatsaat, di\u011fer ailelerin ise 200 kilovatsaatlik elektrik t\u00fcketimlerini SEDA\u015e \u00fcstlenecek ve bedeli ailelere \u00f6denecek. \u00c7ocuklar\u0131n \u00f6ncelikle bilin\u00e7lenmelerini hedefliyoruz\u201d ifadelerini kulland\u0131.<\/p>\n<p><strong>BA\u015eVURULAR 18 MAYIS-20 ARALIK 2017 ARASINDA YAPILAB\u0130LECEK<\/strong><\/p>\n<p>Projeye kat\u0131lmak isteyen t\u00fcketiciler May\u0131s ay\u0131 d\u00e2hil olmak \u00fczere Aral\u0131k 2017\u2019ye kadarki d\u00f6nem i\u00e7erisindeki 6 ayl\u0131k (180 g\u00fcn) elektrik t\u00fcketimleri de\u011ferlendirilecek. SEDA\u015e \u0130cra Ba\u015fkan\u0131 Bekir Sami G\u00fcven, 2017 y\u0131l\u0131 elektrik t\u00fcketimlerinin 2016 y\u0131l\u0131 ayn\u0131 d\u00f6nemleri ile k\u0131yaslanarak en fazla oranda enerji tasarrufu yapan \u00f6\u011frenci ailelerinin belirtilen f\u0131rsatlardan yararlanmaya hak kazanaca\u011f\u0131n\u0131 s\u00f6yledi. Ba\u015fvurular\u0131n bizzat aboneler taraf\u0131ndan yap\u0131laca\u011f\u0131n\u0131 ifade eden G\u00fcven, \u201c\u00d6\u011frenci velisi ve mesken aboneli\u011fi olan t\u00fcm t\u00fcketicilerimiz belirtilen \u015fartlar\u0131 belgelendirmek kayd\u0131 ile \u2018Enerjimi verimli kullan\u0131yorum, kazan\u0131yorum, \u00fclkeme de kazand\u0131r\u0131yorum\u2019 projesine dahil olabilecek. 18 May\u0131s 2017 tarihinde ba\u015flayacak ba\u015fvurular 20 Aral\u0131k 2017 tarihinde sona erecek\u201d diye konu\u015ftu.<\/p>","protected":false},"excerpt":{"rendered":"<p>Sorry, this entry is only available in Turkish. For the sake of viewer convenience, the content is shown below in the alternative language. You may click the link to switch the active language.Enerjinin verimli kullan\u0131lmas\u0131 konusunda fark\u0131ndal\u0131k yaratarak, t\u00fcketicilerin bilin\u00e7lenmesi ile kaynaklar\u0131n verimli kullan\u0131lmas\u0131n\u0131, \u00fclke ekonomisine de katk\u0131 sa\u011flanmas\u0131n\u0131 te\u015fvik etmeyi hedefleyen SEDA\u015e, \u2018Enerjimi verimli [&hellip;]<\/p>\n","protected":false},"author":1,"featured_media":64248,"comment_status":"open","ping_status":"open","sticky":false,"template":"","format":"standard","meta":[],"categories":[51,53,52],"tags":[63,67,1009,2698,165,12,3695,2444,793,1142],"views":1597,"_links":{"self":[{"href":"https:\/\/www.enerjigazetesi.ist\/en\/wp-json\/wp\/v2\/posts\/64247"}],"collection":[{"href":"https:\/\/www.enerjigazetesi.ist\/en\/wp-json\/wp\/v2\/posts"}],"about":[{"href":"https:\/\/www.enerjigazetesi.ist\/en\/wp-json\/wp\/v2\/types\/post"}],"author":[{"embeddable":true,"href":"https:\/\/www.enerjigazetesi.ist\/en\/wp-json\/wp\/v2\/users\/1"}],"replies":[{"embeddable":true,"href":"https:\/\/www.enerjigazetesi.ist\/en\/wp-json\/wp\/v2\/comments?post=64247"}],"version-history":[{"count":1,"href":"https:\/\/www.enerjigazetesi.ist\/en\/wp-json\/wp\/v2\/posts\/64247\/revisions"}],"predecessor-version":[{"id":64249,"href":"https:\/\/www.enerjigazetesi.ist\/en\/wp-json\/wp\/v2\/posts\/64247\/revisions\/64249"}],"wp:featuredmedia":[{"embeddable":true,"href":"https:\/\/www.enerjigazetesi.ist\/en\/wp-json\/wp\/v2\/media\/64248"}],"wp:attachment":[{"href":"https:\/\/www.enerjigazetesi.ist\/en\/wp-json\/wp\/v2\/media?parent=64247"}],"wp:term":[{"taxonomy":"category","embeddable":true,"href":"https:\/\/www.enerjigazetesi.ist\/en\/wp-json\/wp\/v2\/categories?post=64247"},{"taxonomy":"post_tag","embeddable":true,"href":"https:\/\/www.enerjigazetesi.ist\/en\/wp-json\/wp\/v2\/tags?post=64247"}],"curies":[{"name":"wp","href":"https:\/\/api.w.org\/{rel}","templated":true}]}}