{"id":64201,"date":"2017-05-17T11:50:27","date_gmt":"2017-05-17T08:50:27","guid":{"rendered":"https:\/\/www.enerjigazetesi.ist\/?p=64201"},"modified":"2017-05-17T11:51:46","modified_gmt":"2017-05-17T08:51:46","slug":"istanbul-avrupa-yakasinda-yeni-uygulama-ile-elektrik-kesintisine-onlem","status":"publish","type":"post","link":"https:\/\/www.enerjigazetesi.ist\/en\/istanbul-avrupa-yakasinda-yeni-uygulama-ile-elektrik-kesintisine-onlem\/","title":{"rendered":"(Turkish) \u0130stanbul Avrupa Yakas\u0131nda Yeni Uygulama \u0130le Elektrik Kesintisine \u00d6nlem"},"content":{"rendered":"<p class=\"qtranxs-available-languages-message qtranxs-available-languages-message-en\">Sorry, this entry is only available in <a href=\"https:\/\/www.enerjigazetesi.ist\/tr\/wp-json\/wp\/v2\/posts\/64201\" class=\"qtranxs-available-language-link qtranxs-available-language-link-tr\" title=\"Turkish\">Turkish<\/a>. For the sake of viewer convenience, the content is shown below in the alternative language. You may click the link to switch the active language.<\/p><p><strong><span style=\"color: #0a0a0a;\">Pilot b\u00f6lge uygulamas\u0131n\u0131n\u00a0\u0130stanbul Ba\u015fak\u015fehir\u2019de hayata ge\u00e7irildi\u011fi\u00a0uygulaman\u0131n ar\u0131zalara ba\u011fl\u0131 olan elektrik kesintileri \u00f6nlenece<a href=\"https:\/\/www.enerjigazetesi.ist\/wp-content\/uploads\/2015\/08\/istanbulda-elektrik-kesintisi_2.jpg\"><img loading=\"lazy\" class=\"alignleft  wp-image-43653\" src=\"https:\/\/www.enerjigazetesi.ist\/wp-content\/uploads\/2015\/08\/istanbulda-elektrik-kesintisi_2-300x150.jpg\" alt=\"istanbulda-elektrik-kesintisi_2\" width=\"300\" height=\"206\" \/><\/a>ktir.<\/span><\/strong><\/p>\n<p>\u0130stanbul Avrupa yakas\u0131nda uygulamaya konulan yeni bir sistemle elektrik ar\u0131zas\u0131 durumunda g\u00f6z k\u0131rpmas\u0131 kadar k\u0131sa bir s\u00fcrede yedek sistem devreye girmektedir. \u201cKapal\u0131 Ring\u201d ad\u0131 verilen sistem trafolar\u0131n bir yerine iki hattan beslenmesi ve bir hatta ar\u0131za ya\u015fanmas\u0131 halinde di\u011fer hatt\u0131n otomatik olarak devreye girmektedir.\u00a0Kesintilerinin ortadan kalkmas\u0131 evlerde kullan\u0131lan elektronik e\u015fyalarda da elektrikten kaynaklanan ar\u0131zalar\u0131n en aza inmesi sa\u011flanmaktad\u0131r.<\/p>\n<p>Elektrik \u015firketi yetkilileri gelecek\u00a0y\u0131llarda organize sanayi b\u00f6lgelerinin de uygulama kapsam\u0131na al\u0131nabilece\u011fini\u00a0ifade etmektedirler.<\/p>","protected":false},"excerpt":{"rendered":"<p>Sorry, this entry is only available in Turkish. For the sake of viewer convenience, the content is shown below in the alternative language. You may click the link to switch the active language.Pilot b\u00f6lge uygulamas\u0131n\u0131n\u00a0\u0130stanbul Ba\u015fak\u015fehir\u2019de hayata ge\u00e7irildi\u011fi\u00a0uygulaman\u0131n ar\u0131zalara ba\u011fl\u0131 olan elektrik kesintileri \u00f6nlenecektir. \u0130stanbul Avrupa yakas\u0131nda uygulamaya konulan yeni bir sistemle elektrik ar\u0131zas\u0131 durumunda [&hellip;]<\/p>\n","protected":false},"author":1,"featured_media":43653,"comment_status":"open","ping_status":"open","sticky":false,"template":"","format":"standard","meta":[],"categories":[51,53],"tags":[68,32925,61,19638,1451,2873,21571,19,34012,63,67,1009,2698,165],"views":931,"_links":{"self":[{"href":"https:\/\/www.enerjigazetesi.ist\/en\/wp-json\/wp\/v2\/posts\/64201"}],"collection":[{"href":"https:\/\/www.enerjigazetesi.ist\/en\/wp-json\/wp\/v2\/posts"}],"about":[{"href":"https:\/\/www.enerjigazetesi.ist\/en\/wp-json\/wp\/v2\/types\/post"}],"author":[{"embeddable":true,"href":"https:\/\/www.enerjigazetesi.ist\/en\/wp-json\/wp\/v2\/users\/1"}],"replies":[{"embeddable":true,"href":"https:\/\/www.enerjigazetesi.ist\/en\/wp-json\/wp\/v2\/comments?post=64201"}],"version-history":[{"count":2,"href":"https:\/\/www.enerjigazetesi.ist\/en\/wp-json\/wp\/v2\/posts\/64201\/revisions"}],"predecessor-version":[{"id":64203,"href":"https:\/\/www.enerjigazetesi.ist\/en\/wp-json\/wp\/v2\/posts\/64201\/revisions\/64203"}],"wp:featuredmedia":[{"embeddable":true,"href":"https:\/\/www.enerjigazetesi.ist\/en\/wp-json\/wp\/v2\/media\/43653"}],"wp:attachment":[{"href":"https:\/\/www.enerjigazetesi.ist\/en\/wp-json\/wp\/v2\/media?parent=64201"}],"wp:term":[{"taxonomy":"category","embeddable":true,"href":"https:\/\/www.enerjigazetesi.ist\/en\/wp-json\/wp\/v2\/categories?post=64201"},{"taxonomy":"post_tag","embeddable":true,"href":"https:\/\/www.enerjigazetesi.ist\/en\/wp-json\/wp\/v2\/tags?post=64201"}],"curies":[{"name":"wp","href":"https:\/\/api.w.org\/{rel}","templated":true}]}}